{"id":9621,"date":"2025-05-24T13:49:00","date_gmt":"2025-05-24T17:49:00","guid":{"rendered":"https:\/\/atlantikas.com\/palm-beach-costa-del-tesoro\/?p=9621"},"modified":"2025-05-24T14:07:03","modified_gmt":"2025-05-24T18:07:03","slug":"latin-quarter-wpb-entrega-fondos-a-escuelas-locales-durante-la-feria-de-trabajo-y-seguridad-en-forest-hill-high-school","status":"publish","type":"post","link":"https:\/\/atlantikas.com\/palm-beach-costa-del-tesoro\/latin-quarter-wpb-entrega-fondos-a-escuelas-locales-durante-la-feria-de-trabajo-y-seguridad-en-forest-hill-high-school\/","title":{"rendered":"Latin Quarter WPB entrega fondos a escuelas locales durante la Feria de Trabajo y Seguridad en Forest Hill High School"},"content":{"rendered":"<div class=\"mdp-speaker-wrapper\">\n            \n            \n            \n            \n            <div class=\"mdp-speaker-box mdp-speaker-box before-content speaker-wavesurfer\">\n                <div class=\"mdp-speaker-player\"  data-title=\"Latin Quarter WPB entrega fondos a escuelas locales durante la Feria de Trabajo y Seguridad en Forest Hill High School\" data-author=\"1\" data-thumbnail=\"https:\/\/atlantikas.com\/palm-beach-costa-del-tesoro\/wp-content\/uploads\/sites\/2\/2025\/05\/Latin-Quarter-WPB-Feria-de-Trbajo-y-seguridad-4.jpeg\" data-type=\"speaker-wavesurfer\" data-id=\"9621\" data-src=\"https:\/\/atlantikas.com\/palm-beach-costa-del-tesoro\/wp-content\/uploads\/sites\/2\/speaker\/post-9621.mp3?cb=1748110028.mp3\" data-download=\"1\" data-speeds=\"0.5,0.75,1,1.25,1.5\" data-share=\"\" >\n                    <div class=\"mdp-speaker-wavesurfer-player mdp-speaker-wavesurfer-placeholder\"><\/div>\n                <\/div>\n            <\/div>\n            \n            \n            \n            \n\t\t\t<\/div><p class=\"p1\"><span class=\"s2\">La cafeter\u00eda de Forest Hill High School se transform\u00f3 en un centro de oportunidades y recursos durante la esperada <\/span><span class=\"s1\">Feria de Trabajo y Seguridad organizada por Latin Quarter WPB<\/span><span class=\"s2\">, una iniciativa comunitaria que reuni\u00f3 a agencias gubernamentales, organizaciones sin fines de lucro, negocios locales y familias del \u00e1rea.<\/span><\/p>\n<p class=\"p1\"><span class=\"s2\">El evento, que tuvo como objetivo principal conectar a la comunidad con empleos, servicios de seguridad y recursos educativos, cont\u00f3 con la destacada participaci\u00f3n de instituciones clave como el <\/span><span class=\"s1\">Condado de Palm Beach, el Departamento de Bomberos, la Polic\u00eda local, el sistema de emergencias 911, la Guardia Costera<\/span><span class=\"s2\"> y el <\/span><span class=\"s1\">Distrito Escolar del Condado de Palm Beach<\/span><span class=\"s2\">. Adem\u00e1s, organizaciones comunitarias y peque\u00f1as empresas ofrecieron informaci\u00f3n, talleres y oportunidades de empleo para adultos y j\u00f3venes.<\/span><\/p>\n<p class=\"p1\"><span class=\"s2\">Uno de los momentos m\u00e1s significativos de la jornada fue la entrega de <\/span><span class=\"s1\">aportaciones de $1,000 por parte de Latin Quarter WPB a cinco escuelas del \u00e1rea<\/span><span class=\"s2\">: <\/span><span class=\"s3\">Forest Hill High School, Conniston Middle School, Belvedere Elementary, Palmetto Elementary y South Olive Elementary<\/span><span class=\"s2\">. Esta iniciativa refleja el compromiso de Latin Quarter WPB con la educaci\u00f3n y el bienestar de las familias latinas de la regi\u00f3n.<\/span><\/p>\n<p class=\"p1\"><span class=\"s2\">\u201cEstas donaciones son una muestra de agradecimiento y apoyo a las escuelas que est\u00e1n formando a nuestros futuros l\u00edderes\u201d, expres\u00f3 Dina Rubio, presidenta de Latin Quarter WPB.<\/span><\/p>\n<div id='gallery-1' class='gallery galleryid-9621 gallery-columns-3 gallery-size-large'><figure class='gallery-item'>\n\t\t\t<div class='gallery-icon landscape'>\n\t\t\t\t<a href='https:\/\/atlantikas.com\/palm-beach-costa-del-tesoro\/wp-content\/uploads\/sites\/2\/2025\/05\/Latin-Quarter-WPB-Feria-de-Trbajo-y-seguridad-2.jpeg'><img decoding=\"async\" width=\"1024\" height=\"768\" data-src=\"https:\/\/atlantikas.com\/palm-beach-costa-del-tesoro\/wp-content\/uploads\/sites\/2\/2025\/05\/Latin-Quarter-WPB-Feria-de-Trbajo-y-seguridad-2-large.jpeg\" class=\"attachment-large size-large lazyload\" alt=\"\" data-srcset=\"https:\/\/atlantikas.com\/palm-beach-costa-del-tesoro\/wp-content\/uploads\/sites\/2\/2025\/05\/Latin-Quarter-WPB-Feria-de-Trbajo-y-seguridad-2-large.jpeg 1024w, https:\/\/atlantikas.com\/palm-beach-costa-del-tesoro\/wp-content\/uploads\/sites\/2\/2025\/05\/Latin-Quarter-WPB-Feria-de-Trbajo-y-seguridad-2-medium.jpeg 600w, https:\/\/atlantikas.com\/palm-beach-costa-del-tesoro\/wp-content\/uploads\/sites\/2\/2025\/05\/Latin-Quarter-WPB-Feria-de-Trbajo-y-seguridad-2-768x576.jpeg 768w, https:\/\/atlantikas.com\/palm-beach-costa-del-tesoro\/wp-content\/uploads\/sites\/2\/2025\/05\/Latin-Quarter-WPB-Feria-de-Trbajo-y-seguridad-2.jpeg 1280w\" data-sizes=\"(max-width: 1024px) 100vw, 1024px\" src=\"data:image\/svg+xml;base64,PHN2ZyB3aWR0aD0iMSIgaGVpZ2h0PSIxIiB4bWxucz0iaHR0cDovL3d3dy53My5vcmcvMjAwMC9zdmciPjwvc3ZnPg==\" style=\"--smush-placeholder-width: 1024px; --smush-placeholder-aspect-ratio: 1024\/768;\" \/><\/a>\n\t\t\t<\/div><\/figure><figure class='gallery-item'>\n\t\t\t<div class='gallery-icon landscape'>\n\t\t\t\t<a href='https:\/\/atlantikas.com\/palm-beach-costa-del-tesoro\/wp-content\/uploads\/sites\/2\/2025\/05\/Latin-Quarter-WPB-Feria-de-Trbajo-y-seguridad-3.jpeg'><img decoding=\"async\" width=\"1024\" height=\"768\" data-src=\"https:\/\/atlantikas.com\/palm-beach-costa-del-tesoro\/wp-content\/uploads\/sites\/2\/2025\/05\/Latin-Quarter-WPB-Feria-de-Trbajo-y-seguridad-3-large.jpeg\" class=\"attachment-large size-large lazyload\" alt=\"\" data-srcset=\"https:\/\/atlantikas.com\/palm-beach-costa-del-tesoro\/wp-content\/uploads\/sites\/2\/2025\/05\/Latin-Quarter-WPB-Feria-de-Trbajo-y-seguridad-3-large.jpeg 1024w, https:\/\/atlantikas.com\/palm-beach-costa-del-tesoro\/wp-content\/uploads\/sites\/2\/2025\/05\/Latin-Quarter-WPB-Feria-de-Trbajo-y-seguridad-3-medium.jpeg 600w, https:\/\/atlantikas.com\/palm-beach-costa-del-tesoro\/wp-content\/uploads\/sites\/2\/2025\/05\/Latin-Quarter-WPB-Feria-de-Trbajo-y-seguridad-3-768x576.jpeg 768w, https:\/\/atlantikas.com\/palm-beach-costa-del-tesoro\/wp-content\/uploads\/sites\/2\/2025\/05\/Latin-Quarter-WPB-Feria-de-Trbajo-y-seguridad-3.jpeg 1280w\" data-sizes=\"(max-width: 1024px) 100vw, 1024px\" src=\"data:image\/svg+xml;base64,PHN2ZyB3aWR0aD0iMSIgaGVpZ2h0PSIxIiB4bWxucz0iaHR0cDovL3d3dy53My5vcmcvMjAwMC9zdmciPjwvc3ZnPg==\" style=\"--smush-placeholder-width: 1024px; --smush-placeholder-aspect-ratio: 1024\/768;\" \/><\/a>\n\t\t\t<\/div><\/figure><figure class='gallery-item'>\n\t\t\t<div class='gallery-icon landscape'>\n\t\t\t\t<a href='https:\/\/atlantikas.com\/palm-beach-costa-del-tesoro\/wp-content\/uploads\/sites\/2\/2025\/05\/Latin-Quarter-WPB-Feria-de-Trbajo-y-seguridad-4.jpeg'><img decoding=\"async\" width=\"1024\" height=\"768\" data-src=\"https:\/\/atlantikas.com\/palm-beach-costa-del-tesoro\/wp-content\/uploads\/sites\/2\/2025\/05\/Latin-Quarter-WPB-Feria-de-Trbajo-y-seguridad-4-large.jpeg\" class=\"attachment-large size-large lazyload\" alt=\"\" data-srcset=\"https:\/\/atlantikas.com\/palm-beach-costa-del-tesoro\/wp-content\/uploads\/sites\/2\/2025\/05\/Latin-Quarter-WPB-Feria-de-Trbajo-y-seguridad-4-large.jpeg 1024w, https:\/\/atlantikas.com\/palm-beach-costa-del-tesoro\/wp-content\/uploads\/sites\/2\/2025\/05\/Latin-Quarter-WPB-Feria-de-Trbajo-y-seguridad-4-medium.jpeg 600w, https:\/\/atlantikas.com\/palm-beach-costa-del-tesoro\/wp-content\/uploads\/sites\/2\/2025\/05\/Latin-Quarter-WPB-Feria-de-Trbajo-y-seguridad-4-768x576.jpeg 768w, https:\/\/atlantikas.com\/palm-beach-costa-del-tesoro\/wp-content\/uploads\/sites\/2\/2025\/05\/Latin-Quarter-WPB-Feria-de-Trbajo-y-seguridad-4.jpeg 1280w\" data-sizes=\"(max-width: 1024px) 100vw, 1024px\" src=\"data:image\/svg+xml;base64,PHN2ZyB3aWR0aD0iMSIgaGVpZ2h0PSIxIiB4bWxucz0iaHR0cDovL3d3dy53My5vcmcvMjAwMC9zdmciPjwvc3ZnPg==\" style=\"--smush-placeholder-width: 1024px; --smush-placeholder-aspect-ratio: 1024\/768;\" \/><\/a>\n\t\t\t<\/div><\/figure><figure class='gallery-item'>\n\t\t\t<div class='gallery-icon landscape'>\n\t\t\t\t<a href='https:\/\/atlantikas.com\/palm-beach-costa-del-tesoro\/wp-content\/uploads\/sites\/2\/2025\/05\/Latin-Quarter-WPB-Feria-de-Trbajo-y-seguridad-5.jpeg'><img decoding=\"async\" width=\"1024\" height=\"768\" data-src=\"https:\/\/atlantikas.com\/palm-beach-costa-del-tesoro\/wp-content\/uploads\/sites\/2\/2025\/05\/Latin-Quarter-WPB-Feria-de-Trbajo-y-seguridad-5-large.jpeg\" class=\"attachment-large size-large lazyload\" alt=\"\" data-srcset=\"https:\/\/atlantikas.com\/palm-beach-costa-del-tesoro\/wp-content\/uploads\/sites\/2\/2025\/05\/Latin-Quarter-WPB-Feria-de-Trbajo-y-seguridad-5-large.jpeg 1024w, https:\/\/atlantikas.com\/palm-beach-costa-del-tesoro\/wp-content\/uploads\/sites\/2\/2025\/05\/Latin-Quarter-WPB-Feria-de-Trbajo-y-seguridad-5-medium.jpeg 600w, https:\/\/atlantikas.com\/palm-beach-costa-del-tesoro\/wp-content\/uploads\/sites\/2\/2025\/05\/Latin-Quarter-WPB-Feria-de-Trbajo-y-seguridad-5-768x576.jpeg 768w, https:\/\/atlantikas.com\/palm-beach-costa-del-tesoro\/wp-content\/uploads\/sites\/2\/2025\/05\/Latin-Quarter-WPB-Feria-de-Trbajo-y-seguridad-5.jpeg 1280w\" data-sizes=\"(max-width: 1024px) 100vw, 1024px\" src=\"data:image\/svg+xml;base64,PHN2ZyB3aWR0aD0iMSIgaGVpZ2h0PSIxIiB4bWxucz0iaHR0cDovL3d3dy53My5vcmcvMjAwMC9zdmciPjwvc3ZnPg==\" style=\"--smush-placeholder-width: 1024px; --smush-placeholder-aspect-ratio: 1024\/768;\" \/><\/a>\n\t\t\t<\/div><\/figure><figure class='gallery-item'>\n\t\t\t<div class='gallery-icon landscape'>\n\t\t\t\t<a href='https:\/\/atlantikas.com\/palm-beach-costa-del-tesoro\/wp-content\/uploads\/sites\/2\/2025\/05\/Latin-Quarter-WPB-Feria-de-Trbajo-y-seguridad.jpeg'><img decoding=\"async\" width=\"1024\" height=\"768\" data-src=\"https:\/\/atlantikas.com\/palm-beach-costa-del-tesoro\/wp-content\/uploads\/sites\/2\/2025\/05\/Latin-Quarter-WPB-Feria-de-Trbajo-y-seguridad-large.jpeg\" class=\"attachment-large size-large lazyload\" alt=\"\" data-srcset=\"https:\/\/atlantikas.com\/palm-beach-costa-del-tesoro\/wp-content\/uploads\/sites\/2\/2025\/05\/Latin-Quarter-WPB-Feria-de-Trbajo-y-seguridad-large.jpeg 1024w, https:\/\/atlantikas.com\/palm-beach-costa-del-tesoro\/wp-content\/uploads\/sites\/2\/2025\/05\/Latin-Quarter-WPB-Feria-de-Trbajo-y-seguridad-medium.jpeg 600w, https:\/\/atlantikas.com\/palm-beach-costa-del-tesoro\/wp-content\/uploads\/sites\/2\/2025\/05\/Latin-Quarter-WPB-Feria-de-Trbajo-y-seguridad-768x576.jpeg 768w, https:\/\/atlantikas.com\/palm-beach-costa-del-tesoro\/wp-content\/uploads\/sites\/2\/2025\/05\/Latin-Quarter-WPB-Feria-de-Trbajo-y-seguridad.jpeg 1280w\" data-sizes=\"(max-width: 1024px) 100vw, 1024px\" src=\"data:image\/svg+xml;base64,PHN2ZyB3aWR0aD0iMSIgaGVpZ2h0PSIxIiB4bWxucz0iaHR0cDovL3d3dy53My5vcmcvMjAwMC9zdmciPjwvc3ZnPg==\" style=\"--smush-placeholder-width: 1024px; --smush-placeholder-aspect-ratio: 1024\/768;\" \/><\/a>\n\t\t\t<\/div><\/figure>\n\t\t<\/div>\n\n<p class=\"p1\"><span class=\"s2\">La feria tambi\u00e9n tuvo un componente festivo con m\u00fasica en vivo, comida y la animada participaci\u00f3n de los estudiantes de <\/span><span class=\"s1\">Latinos in Action<\/span><span class=\"s2\">, quienes colaboraron como voluntarios, y embajadores comunitarios durante toda la jornada.<\/span><\/p>\n<p class=\"p1\"><span class=\"s2\">Con una asistencia diversa y entusiasta, la Feria de Trabajo y Seguridad reafirm\u00f3 el papel fundamental de <\/span><span class=\"s1\">Latin Quarter WPB como puente entre la comunidad hispana y los recursos disponibles en el condado<\/span><span class=\"s2\">. Sin duda, un paso m\u00e1s hacia una comunidad m\u00e1s informada, conectada y fortalecida.<\/span><\/p>\n<p>*Video provisto por Latin Quarter WPB.<\/p>\n","protected":false},"excerpt":{"rendered":"<p>La cafeter\u00eda de Forest Hill High School se transform\u00f3 en un centro de oportunidades y recursos durante la esperada Feria de Trabajo y Seguridad organizada por Latin Quarter WPB, una iniciativa comunitaria que reuni\u00f3 a agencias gubernamentales, organizaciones sin fines de lucro, negocios locales y familias del \u00e1rea. El evento, que tuvo como objetivo principal &hellip;<\/p>\n","protected":false},"author":1,"featured_media":9624,"comment_status":"open","ping_status":"open","sticky":false,"template":"","format":"standard","meta":{"om_disable_all_campaigns":false,"_monsterinsights_skip_tracking":false,"_monsterinsights_sitenote_active":false,"_monsterinsights_sitenote_note":"","_monsterinsights_sitenote_category":0,"jetpack_post_was_ever_published":false,"_jetpack_newsletter_access":"","_jetpack_dont_email_post_to_subs":false,"_jetpack_newsletter_tier_id":0,"_jetpack_memberships_contains_paywalled_content":false,"_jetpack_memberships_contains_paid_content":false,"footnotes":""},"categories":[46,18,31,36,66],"tags":[],"coauthors":[41],"class_list":["post-9621","post","type-post","status-publish","format-standard","has-post-thumbnail","hentry","category-condado-palm-beach","category-noticias-destacadas","category-noticias-locales","category-sociales","category-west-palm-beach"],"aioseo_notices":[],"image_feature":"https:\/\/atlantikas.com\/palm-beach-costa-del-tesoro\/wp-content\/uploads\/sites\/2\/2025\/05\/Latin-Quarter-WPB-Feria-de-Trbajo-y-seguridad-4.jpeg","author_name":"Atl\u00e1ntikas","jetpack_featured_media_url":"https:\/\/atlantikas.com\/palm-beach-costa-del-tesoro\/wp-content\/uploads\/sites\/2\/2025\/05\/Latin-Quarter-WPB-Feria-de-Trbajo-y-seguridad-4.jpeg","jetpack_sharing_enabled":true,"jetpack-related-posts":[],"_links":{"self":[{"href":"https:\/\/atlantikas.com\/palm-beach-costa-del-tesoro\/wp-json\/wp\/v2\/posts\/9621","targetHints":{"allow":["GET"]}}],"collection":[{"href":"https:\/\/atlantikas.com\/palm-beach-costa-del-tesoro\/wp-json\/wp\/v2\/posts"}],"about":[{"href":"https:\/\/atlantikas.com\/palm-beach-costa-del-tesoro\/wp-json\/wp\/v2\/types\/post"}],"author":[{"embeddable":true,"href":"https:\/\/atlantikas.com\/palm-beach-costa-del-tesoro\/wp-json\/wp\/v2\/users\/1"}],"replies":[{"embeddable":true,"href":"https:\/\/atlantikas.com\/palm-beach-costa-del-tesoro\/wp-json\/wp\/v2\/comments?post=9621"}],"version-history":[{"count":2,"href":"https:\/\/atlantikas.com\/palm-beach-costa-del-tesoro\/wp-json\/wp\/v2\/posts\/9621\/revisions"}],"predecessor-version":[{"id":9631,"href":"https:\/\/atlantikas.com\/palm-beach-costa-del-tesoro\/wp-json\/wp\/v2\/posts\/9621\/revisions\/9631"}],"wp:featuredmedia":[{"embeddable":true,"href":"https:\/\/atlantikas.com\/palm-beach-costa-del-tesoro\/wp-json\/wp\/v2\/media\/9624"}],"wp:attachment":[{"href":"https:\/\/atlantikas.com\/palm-beach-costa-del-tesoro\/wp-json\/wp\/v2\/media?parent=9621"}],"wp:term":[{"taxonomy":"category","embeddable":true,"href":"https:\/\/atlantikas.com\/palm-beach-costa-del-tesoro\/wp-json\/wp\/v2\/categories?post=9621"},{"taxonomy":"post_tag","embeddable":true,"href":"https:\/\/atlantikas.com\/palm-beach-costa-del-tesoro\/wp-json\/wp\/v2\/tags?post=9621"},{"taxonomy":"author","embeddable":true,"href":"https:\/\/atlantikas.com\/palm-beach-costa-del-tesoro\/wp-json\/wp\/v2\/coauthors?post=9621"}],"curies":[{"name":"wp","href":"https:\/\/api.w.org\/{rel}","templated":true}]}}