{"id":8318,"date":"2025-02-02T22:04:21","date_gmt":"2025-02-03T03:04:21","guid":{"rendered":"https:\/\/atlantikas.com\/palm-beach-costa-del-tesoro\/?p=8318"},"modified":"2025-02-02T22:04:21","modified_gmt":"2025-02-03T03:04:21","slug":"realizan-protestas-en-wpb-a-favor-y-en-contra-de-las-deportaciones","status":"publish","type":"post","link":"https:\/\/atlantikas.com\/palm-beach-costa-del-tesoro\/realizan-protestas-en-wpb-a-favor-y-en-contra-de-las-deportaciones\/","title":{"rendered":"Realizan protestas en WPB a favor y en contra de las deportaciones"},"content":{"rendered":"<div class=\"mdp-speaker-wrapper\">\n            \n            \n            \n            \n            <div class=\"mdp-speaker-box mdp-speaker-box before-content speaker-wavesurfer\">\n                <div class=\"mdp-speaker-player\"  data-title=\"Realizan protestas en WPB a favor y en contra de las deportaciones\" data-author=\"4\" data-thumbnail=\"https:\/\/atlantikas.com\/palm-beach-costa-del-tesoro\/wp-content\/uploads\/sites\/2\/2025\/02\/Deportaciones.jpg\" data-type=\"speaker-wavesurfer\" data-id=\"8318\" data-src=\"https:\/\/atlantikas.com\/palm-beach-costa-del-tesoro\/wp-content\/uploads\/sites\/2\/speaker\/post-8318.mp3?cb=1738551864.mp3\" data-download=\"1\" data-speeds=\"0.5,0.75,1,1.25,1.5\" data-share=\"\" >\n                    <div class=\"mdp-speaker-wavesurfer-player mdp-speaker-wavesurfer-placeholder\"><\/div>\n                <\/div>\n            <\/div>\n            \n            \n            \n            \n\t\t\t<\/div><p>WEST PALM BEACH, Fla. \u2014 \u00a0Protestas a favor y en contra de la inmigraci\u00f3n ilegal, se llevaron a cabo el s\u00e1bado en el downtown de West Palm Beach.<\/p>\n<p>La medida de la administraci\u00f3n del presidente Donald Trump, en deportar a los inmigrantes ilegales, con r\u00e9cords policiacos, suscito una serie de protestas en frente del edificio de la Corte en West Palm Beach.<\/p>\n<p>A un lado estaban\u00a0 los que defend\u00edan las medidas adoptadas por el president contra la inmigraci\u00f3n ilegal y al otro lado portando pancartas y bandera de M\u00e9xico, los que est\u00e1n en contra de las deportaciones.<\/p>\n<p>Intercambiando palabras de ambos lados, cada cual defendiendo su punto de vista, \u00a0a pesar de que hubo momentos de tensi\u00f3n, las protestas transcurrieron pac\u00edficamente.<\/p>\n<p>&nbsp;<\/p>\n","protected":false},"excerpt":{"rendered":"<p>WEST PALM BEACH, Fla. \u2014 \u00a0Protestas a favor y en contra de la inmigraci\u00f3n ilegal, se llevaron a cabo el s\u00e1bado en el downtown de West Palm Beach. La medida de la administraci\u00f3n del presidente Donald Trump, en deportar a los inmigrantes ilegales, con r\u00e9cords policiacos, suscito una serie de protestas en frente del edificio &hellip;<\/p>\n","protected":false},"author":4,"featured_media":8319,"comment_status":"open","ping_status":"open","sticky":false,"template":"","format":"standard","meta":{"om_disable_all_campaigns":false,"_monsterinsights_skip_tracking":false,"_monsterinsights_sitenote_active":false,"_monsterinsights_sitenote_note":"","_monsterinsights_sitenote_category":0,"jetpack_post_was_ever_published":false,"_jetpack_newsletter_access":"","_jetpack_dont_email_post_to_subs":false,"_jetpack_newsletter_tier_id":0,"_jetpack_memberships_contains_paywalled_content":false,"_jetpack_memberships_contains_paid_content":false,"footnotes":""},"categories":[46,31,58,66],"tags":[],"coauthors":[42],"class_list":["post-8318","post","type-post","status-publish","format-standard","has-post-thumbnail","hentry","category-condado-palm-beach","category-noticias-locales","category-palm-beach-central","category-west-palm-beach"],"aioseo_notices":[],"image_feature":"https:\/\/atlantikas.com\/palm-beach-costa-del-tesoro\/wp-content\/uploads\/sites\/2\/2025\/02\/Deportaciones.jpg","author_name":"Mirta Luaces","jetpack_featured_media_url":"https:\/\/atlantikas.com\/palm-beach-costa-del-tesoro\/wp-content\/uploads\/sites\/2\/2025\/02\/Deportaciones.jpg","jetpack_sharing_enabled":true,"jetpack-related-posts":[],"_links":{"self":[{"href":"https:\/\/atlantikas.com\/palm-beach-costa-del-tesoro\/wp-json\/wp\/v2\/posts\/8318","targetHints":{"allow":["GET"]}}],"collection":[{"href":"https:\/\/atlantikas.com\/palm-beach-costa-del-tesoro\/wp-json\/wp\/v2\/posts"}],"about":[{"href":"https:\/\/atlantikas.com\/palm-beach-costa-del-tesoro\/wp-json\/wp\/v2\/types\/post"}],"author":[{"embeddable":true,"href":"https:\/\/atlantikas.com\/palm-beach-costa-del-tesoro\/wp-json\/wp\/v2\/users\/4"}],"replies":[{"embeddable":true,"href":"https:\/\/atlantikas.com\/palm-beach-costa-del-tesoro\/wp-json\/wp\/v2\/comments?post=8318"}],"version-history":[{"count":1,"href":"https:\/\/atlantikas.com\/palm-beach-costa-del-tesoro\/wp-json\/wp\/v2\/posts\/8318\/revisions"}],"predecessor-version":[{"id":8320,"href":"https:\/\/atlantikas.com\/palm-beach-costa-del-tesoro\/wp-json\/wp\/v2\/posts\/8318\/revisions\/8320"}],"wp:featuredmedia":[{"embeddable":true,"href":"https:\/\/atlantikas.com\/palm-beach-costa-del-tesoro\/wp-json\/wp\/v2\/media\/8319"}],"wp:attachment":[{"href":"https:\/\/atlantikas.com\/palm-beach-costa-del-tesoro\/wp-json\/wp\/v2\/media?parent=8318"}],"wp:term":[{"taxonomy":"category","embeddable":true,"href":"https:\/\/atlantikas.com\/palm-beach-costa-del-tesoro\/wp-json\/wp\/v2\/categories?post=8318"},{"taxonomy":"post_tag","embeddable":true,"href":"https:\/\/atlantikas.com\/palm-beach-costa-del-tesoro\/wp-json\/wp\/v2\/tags?post=8318"},{"taxonomy":"author","embeddable":true,"href":"https:\/\/atlantikas.com\/palm-beach-costa-del-tesoro\/wp-json\/wp\/v2\/coauthors?post=8318"}],"curies":[{"name":"wp","href":"https:\/\/api.w.org\/{rel}","templated":true}]}}