{"id":8308,"date":"2025-02-01T18:59:43","date_gmt":"2025-02-01T23:59:43","guid":{"rendered":"https:\/\/atlantikas.com\/palm-beach-costa-del-tesoro\/?p=8308"},"modified":"2025-03-24T18:42:35","modified_gmt":"2025-03-24T22:42:35","slug":"protestan-contra-detenciones-de-inmigrantes-ilegales-en-vero-beach","status":"publish","type":"post","link":"https:\/\/atlantikas.com\/palm-beach-costa-del-tesoro\/protestan-contra-detenciones-de-inmigrantes-ilegales-en-vero-beach\/","title":{"rendered":"Protestan contra detenciones de inmigrantes ilegales en Vero Beach"},"content":{"rendered":"<div class=\"mdp-speaker-wrapper\">\n            \n            \n            \n            \n            <div class=\"mdp-speaker-box mdp-speaker-box before-content speaker-wavesurfer\">\n                <div class=\"mdp-speaker-player\"  data-title=\"Protestan contra detenciones de inmigrantes ilegales en Vero Beach\" data-author=\"4\" data-thumbnail=\"https:\/\/atlantikas.com\/palm-beach-costa-del-tesoro\/wp-content\/uploads\/sites\/2\/2025\/02\/Vero-Beach-Protest.jpg\" data-type=\"speaker-wavesurfer\" data-id=\"8308\" data-src=\"https:\/\/atlantikas.com\/palm-beach-costa-del-tesoro\/wp-content\/uploads\/sites\/2\/speaker\/post-8308.mp3?cb=1742856156.mp3\" data-download=\"1\" data-speeds=\"0.5,0.75,1,1.25,1.5\" data-share=\"\" >\n                    <div class=\"mdp-speaker-wavesurfer-player mdp-speaker-wavesurfer-placeholder\"><\/div>\n                <\/div>\n            <\/div>\n            \n            \n            \n            \n\t\t\t<\/div><p>VERO BEACH, FL \u2014 Portando pancartas, ondeando bandera y cantando \u201cParen el odio\u201d, m\u00e1s de 100 personas se congregaron, el s\u00e1bado en horas de la ma\u00f1ana en Vero Beach, para protestar por las recientes deportaciones realizadas.<\/p>\n<p>Los participantes alegan que la protestas es para mostrar apoyo a la comunidad de inmigrantes local.<\/p>\n<p>Durante las recientes deportaciones llevadas a cabo por la polic\u00eda e ICE, los protestantes dicen, se han basado en un perfil racial, alegan que no todos los inmigrantes son delincuentes, son personas trabajadoras y se merecen un trato justo.<\/p>\n<p>Recientemente, la Oficina del Sheriff del Condado Indian River, en conjunto con ICE y la Patrulla Fronteriza, llev\u00f3 a cabo la operaci\u00f3n <em>Stonegarden<\/em>, ocho inmigrantes ilegales que enfrentan delitos estatales fueron arrestados y dos docenas m\u00e1s fueron detenidos por ICE para ser investigados.<\/p>\n","protected":false},"excerpt":{"rendered":"<p>VERO BEACH, FL \u2014 Portando pancartas, ondeando bandera y cantando \u201cParen el odio\u201d, m\u00e1s de 100 personas se congregaron, el s\u00e1bado en horas de la ma\u00f1ana en Vero Beach, para protestar por las recientes deportaciones realizadas. Los participantes alegan que la protestas es para mostrar apoyo a la comunidad de inmigrantes local. Durante las recientes &hellip;<\/p>\n","protected":false},"author":4,"featured_media":8309,"comment_status":"open","ping_status":"open","sticky":false,"template":"","format":"standard","meta":{"om_disable_all_campaigns":false,"_monsterinsights_skip_tracking":false,"_monsterinsights_sitenote_active":false,"_monsterinsights_sitenote_note":"","_monsterinsights_sitenote_category":0,"jetpack_post_was_ever_published":false,"_jetpack_newsletter_access":"","_jetpack_dont_email_post_to_subs":false,"_jetpack_newsletter_tier_id":0,"_jetpack_memberships_contains_paywalled_content":false,"_jetpack_memberships_contains_paid_content":false,"footnotes":""},"categories":[47,31,351],"tags":[],"coauthors":[42],"class_list":["post-8308","post","type-post","status-publish","format-standard","has-post-thumbnail","hentry","category-costa-del-tesoro","category-noticias-locales","category-vero-beach-condado-indian-river"],"aioseo_notices":[],"image_feature":"https:\/\/atlantikas.com\/palm-beach-costa-del-tesoro\/wp-content\/uploads\/sites\/2\/2025\/02\/Vero-Beach-Protest.jpg","author_name":"Mirta Luaces","jetpack_featured_media_url":"https:\/\/atlantikas.com\/palm-beach-costa-del-tesoro\/wp-content\/uploads\/sites\/2\/2025\/02\/Vero-Beach-Protest.jpg","jetpack_sharing_enabled":true,"jetpack-related-posts":[],"_links":{"self":[{"href":"https:\/\/atlantikas.com\/palm-beach-costa-del-tesoro\/wp-json\/wp\/v2\/posts\/8308","targetHints":{"allow":["GET"]}}],"collection":[{"href":"https:\/\/atlantikas.com\/palm-beach-costa-del-tesoro\/wp-json\/wp\/v2\/posts"}],"about":[{"href":"https:\/\/atlantikas.com\/palm-beach-costa-del-tesoro\/wp-json\/wp\/v2\/types\/post"}],"author":[{"embeddable":true,"href":"https:\/\/atlantikas.com\/palm-beach-costa-del-tesoro\/wp-json\/wp\/v2\/users\/4"}],"replies":[{"embeddable":true,"href":"https:\/\/atlantikas.com\/palm-beach-costa-del-tesoro\/wp-json\/wp\/v2\/comments?post=8308"}],"version-history":[{"count":1,"href":"https:\/\/atlantikas.com\/palm-beach-costa-del-tesoro\/wp-json\/wp\/v2\/posts\/8308\/revisions"}],"predecessor-version":[{"id":8310,"href":"https:\/\/atlantikas.com\/palm-beach-costa-del-tesoro\/wp-json\/wp\/v2\/posts\/8308\/revisions\/8310"}],"wp:featuredmedia":[{"embeddable":true,"href":"https:\/\/atlantikas.com\/palm-beach-costa-del-tesoro\/wp-json\/wp\/v2\/media\/8309"}],"wp:attachment":[{"href":"https:\/\/atlantikas.com\/palm-beach-costa-del-tesoro\/wp-json\/wp\/v2\/media?parent=8308"}],"wp:term":[{"taxonomy":"category","embeddable":true,"href":"https:\/\/atlantikas.com\/palm-beach-costa-del-tesoro\/wp-json\/wp\/v2\/categories?post=8308"},{"taxonomy":"post_tag","embeddable":true,"href":"https:\/\/atlantikas.com\/palm-beach-costa-del-tesoro\/wp-json\/wp\/v2\/tags?post=8308"},{"taxonomy":"author","embeddable":true,"href":"https:\/\/atlantikas.com\/palm-beach-costa-del-tesoro\/wp-json\/wp\/v2\/coauthors?post=8308"}],"curies":[{"name":"wp","href":"https:\/\/api.w.org\/{rel}","templated":true}]}}