{"id":7298,"date":"2024-11-05T10:41:03","date_gmt":"2024-11-05T15:41:03","guid":{"rendered":"https:\/\/atlantikas.com\/palm-beach-costa-del-tesoro\/?p=7298"},"modified":"2024-11-05T10:52:47","modified_gmt":"2024-11-05T15:52:47","slug":"aclarando-paradas","status":"publish","type":"post","link":"https:\/\/atlantikas.com\/palm-beach-costa-del-tesoro\/aclarando-paradas\/","title":{"rendered":"!Aclarando paradas!"},"content":{"rendered":"<div class=\"mdp-speaker-wrapper\">\n            \n            \n            \n            \n            <div class=\"mdp-speaker-box mdp-speaker-box before-content speaker-wavesurfer\">\n                <div class=\"mdp-speaker-player\"  data-title=\"!Aclarando paradas!\" data-author=\"4\" data-thumbnail=\"https:\/\/atlantikas.com\/palm-beach-costa-del-tesoro\/wp-content\/uploads\/sites\/2\/2024\/11\/htvieQ4W-1-390x220-1.jpeg\" data-type=\"speaker-wavesurfer\" data-id=\"7298\" data-src=\"https:\/\/atlantikas.com\/palm-beach-costa-del-tesoro\/wp-content\/uploads\/sites\/2\/speaker\/post-7298.mp3?cb=1730821973.mp3\" data-download=\"1\" data-speeds=\"0.5,0.75,1,1.25,1.5\" data-share=\"\" >\n                    <div class=\"mdp-speaker-wavesurfer-player mdp-speaker-wavesurfer-placeholder\"><\/div>\n                <\/div>\n            <\/div>\n            \n            \n            \n            \n\t\t\t<\/div><p>Es incre\u00edble que confundan mis publicaciones en mi p\u00e1gina personal de Facebook con mi trabajo period\u00edstico. Al parecer un miembro del partido dem\u00f3crata, el cual no est\u00e1 de acuerdo con un tema publicado en mi p\u00e1gina personal, se han dado a la tarea de montar una campa\u00f1a de insultos y difamaci\u00f3n.<\/p>\n<p>Dicen defender la democracia, pero arremeten con todo el que no piense como ellos al punto de poner en tela de juicio mis credenciales como periodista y mi capacidad de desempe\u00f1arme de manera independiente al momento de ejercer mi profesi\u00f3n.<\/p>\n<p>No es la primera vez que me atacan de esa forma y siempre he podido defenderme con la verdad.<\/p>\n<p>Al se\u00f1alar p\u00fablicamente a una persona como descarada, racista, ultraconservadora, radical, de dividir a la comunidad y otra serie de adjetivos propios de un lenguaje de izquierda, e implicar a una publicaci\u00f3n, tiene una doble intenci\u00f3n.<\/p>\n<p>No soy una \u201cllamada reportera\u201d, ni me hago pasar por periodista, a\u00f1os de estudio con una licenciatura en Multimedia Journalism, me avalan, mi trayectoria profesional se remonta a a\u00f1os de labor period\u00edstica en prensa, radio y televisi\u00f3n.<\/p>\n<p>He trabajado en los tres peri\u00f3dicos de habla hispana, m\u00e1s importantes del sur de la Florida, en radio y televisi\u00f3n en WPTV de West Palm Beach, particip\u00e9 como el \u00fanico medio hispano en el juicio contra William Smith Kennedy, en el debate presidencial entre Obama y Mitt Romney en 2012 en la Universidad Lynn,\u00a0 Boca Raton, y transmit\u00ed para Radio WADO 1280 AM en Nueva York y el juicio contra el expresidente de Panam\u00e1 Manuel Noriega en 2010, demuestran que no soy una improvisada.<\/p>\n<p>Mi compromiso como periodista ha sido, y seguir\u00e1 siendo, el de informar con rigor y responsabilidad. La cr\u00edtica es bienvenida cuando es constructiva, pero distorsionar la realidad para desprestigiar a alguien no contribuye a una discusi\u00f3n saludable ni a una comunidad cohesionada. Darle voz a los que no tienen voz.<\/p>\n<p>&nbsp;<\/p>\n","protected":false},"excerpt":{"rendered":"<p>Es incre\u00edble que confundan mis publicaciones en mi p\u00e1gina personal de Facebook con mi trabajo period\u00edstico. Al parecer un miembro del partido dem\u00f3crata, el cual no est\u00e1 de acuerdo con un tema publicado en mi p\u00e1gina personal, se han dado a la tarea de montar una campa\u00f1a de insultos y difamaci\u00f3n. Dicen defender la democracia, &hellip;<\/p>\n","protected":false},"author":4,"featured_media":7299,"comment_status":"open","ping_status":"open","sticky":false,"template":"","format":"standard","meta":{"om_disable_all_campaigns":false,"_monsterinsights_skip_tracking":false,"_monsterinsights_sitenote_active":false,"_monsterinsights_sitenote_note":"","_monsterinsights_sitenote_category":0,"jetpack_post_was_ever_published":false,"_jetpack_newsletter_access":"","_jetpack_dont_email_post_to_subs":false,"_jetpack_newsletter_tier_id":0,"_jetpack_memberships_contains_paywalled_content":false,"_jetpack_memberships_contains_paid_content":false,"footnotes":""},"categories":[28],"tags":[],"coauthors":[42],"class_list":["post-7298","post","type-post","status-publish","format-standard","has-post-thumbnail","hentry","category-opinion"],"aioseo_notices":[],"image_feature":"https:\/\/atlantikas.com\/palm-beach-costa-del-tesoro\/wp-content\/uploads\/sites\/2\/2024\/11\/htvieQ4W-1-390x220-1.jpeg","author_name":"Mirta Luaces","jetpack_featured_media_url":"https:\/\/atlantikas.com\/palm-beach-costa-del-tesoro\/wp-content\/uploads\/sites\/2\/2024\/11\/htvieQ4W-1-390x220-1.jpeg","jetpack_sharing_enabled":true,"jetpack-related-posts":[],"_links":{"self":[{"href":"https:\/\/atlantikas.com\/palm-beach-costa-del-tesoro\/wp-json\/wp\/v2\/posts\/7298","targetHints":{"allow":["GET"]}}],"collection":[{"href":"https:\/\/atlantikas.com\/palm-beach-costa-del-tesoro\/wp-json\/wp\/v2\/posts"}],"about":[{"href":"https:\/\/atlantikas.com\/palm-beach-costa-del-tesoro\/wp-json\/wp\/v2\/types\/post"}],"author":[{"embeddable":true,"href":"https:\/\/atlantikas.com\/palm-beach-costa-del-tesoro\/wp-json\/wp\/v2\/users\/4"}],"replies":[{"embeddable":true,"href":"https:\/\/atlantikas.com\/palm-beach-costa-del-tesoro\/wp-json\/wp\/v2\/comments?post=7298"}],"version-history":[{"count":4,"href":"https:\/\/atlantikas.com\/palm-beach-costa-del-tesoro\/wp-json\/wp\/v2\/posts\/7298\/revisions"}],"predecessor-version":[{"id":7303,"href":"https:\/\/atlantikas.com\/palm-beach-costa-del-tesoro\/wp-json\/wp\/v2\/posts\/7298\/revisions\/7303"}],"wp:featuredmedia":[{"embeddable":true,"href":"https:\/\/atlantikas.com\/palm-beach-costa-del-tesoro\/wp-json\/wp\/v2\/media\/7299"}],"wp:attachment":[{"href":"https:\/\/atlantikas.com\/palm-beach-costa-del-tesoro\/wp-json\/wp\/v2\/media?parent=7298"}],"wp:term":[{"taxonomy":"category","embeddable":true,"href":"https:\/\/atlantikas.com\/palm-beach-costa-del-tesoro\/wp-json\/wp\/v2\/categories?post=7298"},{"taxonomy":"post_tag","embeddable":true,"href":"https:\/\/atlantikas.com\/palm-beach-costa-del-tesoro\/wp-json\/wp\/v2\/tags?post=7298"},{"taxonomy":"author","embeddable":true,"href":"https:\/\/atlantikas.com\/palm-beach-costa-del-tesoro\/wp-json\/wp\/v2\/coauthors?post=7298"}],"curies":[{"name":"wp","href":"https:\/\/api.w.org\/{rel}","templated":true}]}}