{"id":7273,"date":"2024-11-03T16:58:58","date_gmt":"2024-11-03T21:58:58","guid":{"rendered":"https:\/\/atlantikas.com\/palm-beach-costa-del-tesoro\/?p=7273"},"modified":"2024-11-03T16:58:58","modified_gmt":"2024-11-03T21:58:58","slug":"dejen-de-escuchar-a-los-editorialistas-ultraconservadores-asi-como-a-todos-los-radicales-que-se-hacen-pasar-por-periodistas","status":"publish","type":"post","link":"https:\/\/atlantikas.com\/palm-beach-costa-del-tesoro\/dejen-de-escuchar-a-los-editorialistas-ultraconservadores-asi-como-a-todos-los-radicales-que-se-hacen-pasar-por-periodistas\/","title":{"rendered":"\u00a1Dejen de escuchar a los editorialistas ultraconservadores, as\u00ed como a todos los radicales que se hacen pasar por periodistas!"},"content":{"rendered":"<div class=\"mdp-speaker-wrapper\">\n            \n            \n            \n            \n            <div class=\"mdp-speaker-box mdp-speaker-box before-content speaker-wavesurfer\">\n                <div class=\"mdp-speaker-player\"  data-title=\"\u00a1Dejen de escuchar a los editorialistas ultraconservadores, as\u00ed como a todos los radicales que se hacen pasar por periodistas!\" data-author=\"11\" data-thumbnail=\"https:\/\/atlantikas.com\/palm-beach-costa-del-tesoro\/wp-content\/uploads\/sites\/2\/2023\/12\/Rolando-Chang-Barrero-Website-Post-Image.png\" data-type=\"speaker-wavesurfer\" data-id=\"7273\" data-src=\"https:\/\/atlantikas.com\/palm-beach-costa-del-tesoro\/wp-content\/uploads\/sites\/2\/speaker\/post-7273.mp3?cb=1730671146.mp3\" data-download=\"1\" data-speeds=\"0.5,0.75,1,1.25,1.5\" data-share=\"\" >\n                    <div class=\"mdp-speaker-wavesurfer-player mdp-speaker-wavesurfer-placeholder\"><\/div>\n                <\/div>\n            <\/div>\n            \n            \n            \n            \n\t\t\t<\/div><p data-olk-copy-source=\"MessageBody\">La credibilidad de cualquier medio de noticias de buena reputaci\u00f3n se ve afectada cuando un periodista confunde la verdad y los hechos como \u00abhechos alternativos\u00bb o miente descaradamente a sus lectores.<\/p>\n<p>\u00a1Dejen de escuchar a los editorialistas ultraconservadores, as\u00ed como a todos los radicales que se hacen pasar por periodistas!<\/p>\n<p>El racismo y el clasismo velados en los comentarios de los medios, en particular los de los llamados \u201creporteros\u201d, perpet\u00faan estereotipos nocivos que contribuyen a la divisi\u00f3n dentro de las comunidades hispanas y obstaculizan la cohesi\u00f3n social. En lugar de fomentar la unidad, algunas personalidades de los medios emplean un lenguaje y un encuadre sutiles para sugerir distinciones entre los grupos hispanos en funci\u00f3n de la raza, el nivel socioecon\u00f3mico o el origen. Este enfoque refuerza los prejuicios sociales, lo que en \u00faltima instancia hace que las comunidades hispanas sean vulnerables a los prejuicios, tanto externos como internos.<\/p>\n<p>El lenguaje utilizado en estos comentarios velados a menudo implica que ciertos grupos hispanos enfrentan menos obst\u00e1culos debido a su piel m\u00e1s clara o su nivel socioecon\u00f3mico m\u00e1s alto, lo que subraya sutilmente las divisiones sociales que disminuyen las luchas que muchos en estas comunidades siguen enfrentando. En lugar de abordar los problemas sist\u00e9micos de la discriminaci\u00f3n, estos periodistas con demasiada frecuencia ignoran o minimizan las realidades del racismo y la desigualdad. En lugar de servir como veh\u00edculos de la verdad y la unidad, estos informes con demasiada frecuencia reflejan los mismos prejuicios que impulsan la divisi\u00f3n en la sociedad, impidiendo el progreso hacia la solidaridad y la igualdad para todos los hispanos en Estados Unidos.<\/p>\n<p>Esta forma de comentario, que deber\u00eda ser condenada, utiliza una plataforma de confianza para enga\u00f1ar y dividir, en lugar de informar y unir.<\/p>\n<div data-olk-copy-source=\"MessageBody\">Rolando Barrero,<\/div>\n<div>President Democratic Hispanic Caucus of Florida<\/div>\n<div>https:\/\/dhcfl.org\/<\/div>\n<div>dhcfloridastate@gmail.com<\/div>\n","protected":false},"excerpt":{"rendered":"<p>La credibilidad de cualquier medio de noticias de buena reputaci\u00f3n se ve afectada cuando un periodista confunde la verdad y los hechos como \u00abhechos alternativos\u00bb o miente descaradamente a sus lectores. \u00a1Dejen de escuchar a los editorialistas ultraconservadores, as\u00ed como a todos los radicales que se hacen pasar por periodistas! El racismo y el clasismo &hellip;<\/p>\n","protected":false},"author":11,"featured_media":3420,"comment_status":"open","ping_status":"open","sticky":false,"template":"","format":"standard","meta":{"om_disable_all_campaigns":false,"_monsterinsights_skip_tracking":false,"_monsterinsights_sitenote_active":false,"_monsterinsights_sitenote_note":"","_monsterinsights_sitenote_category":0,"jetpack_post_was_ever_published":false,"_jetpack_newsletter_access":"","_jetpack_dont_email_post_to_subs":false,"_jetpack_newsletter_tier_id":0,"_jetpack_memberships_contains_paywalled_content":false,"_jetpack_memberships_contains_paid_content":false,"footnotes":""},"categories":[28],"tags":[],"coauthors":[244],"class_list":["post-7273","post","type-post","status-publish","format-standard","has-post-thumbnail","hentry","category-opinion"],"aioseo_notices":[],"image_feature":"https:\/\/atlantikas.com\/palm-beach-costa-del-tesoro\/wp-content\/uploads\/sites\/2\/2023\/12\/Rolando-Chang-Barrero-Website-Post-Image.png","author_name":"Rolando Chang Barrero","jetpack_featured_media_url":"https:\/\/atlantikas.com\/palm-beach-costa-del-tesoro\/wp-content\/uploads\/sites\/2\/2023\/12\/Rolando-Chang-Barrero-Website-Post-Image.png","jetpack_sharing_enabled":true,"jetpack-related-posts":[],"_links":{"self":[{"href":"https:\/\/atlantikas.com\/palm-beach-costa-del-tesoro\/wp-json\/wp\/v2\/posts\/7273","targetHints":{"allow":["GET"]}}],"collection":[{"href":"https:\/\/atlantikas.com\/palm-beach-costa-del-tesoro\/wp-json\/wp\/v2\/posts"}],"about":[{"href":"https:\/\/atlantikas.com\/palm-beach-costa-del-tesoro\/wp-json\/wp\/v2\/types\/post"}],"author":[{"embeddable":true,"href":"https:\/\/atlantikas.com\/palm-beach-costa-del-tesoro\/wp-json\/wp\/v2\/users\/11"}],"replies":[{"embeddable":true,"href":"https:\/\/atlantikas.com\/palm-beach-costa-del-tesoro\/wp-json\/wp\/v2\/comments?post=7273"}],"version-history":[{"count":1,"href":"https:\/\/atlantikas.com\/palm-beach-costa-del-tesoro\/wp-json\/wp\/v2\/posts\/7273\/revisions"}],"predecessor-version":[{"id":7274,"href":"https:\/\/atlantikas.com\/palm-beach-costa-del-tesoro\/wp-json\/wp\/v2\/posts\/7273\/revisions\/7274"}],"wp:featuredmedia":[{"embeddable":true,"href":"https:\/\/atlantikas.com\/palm-beach-costa-del-tesoro\/wp-json\/wp\/v2\/media\/3420"}],"wp:attachment":[{"href":"https:\/\/atlantikas.com\/palm-beach-costa-del-tesoro\/wp-json\/wp\/v2\/media?parent=7273"}],"wp:term":[{"taxonomy":"category","embeddable":true,"href":"https:\/\/atlantikas.com\/palm-beach-costa-del-tesoro\/wp-json\/wp\/v2\/categories?post=7273"},{"taxonomy":"post_tag","embeddable":true,"href":"https:\/\/atlantikas.com\/palm-beach-costa-del-tesoro\/wp-json\/wp\/v2\/tags?post=7273"},{"taxonomy":"author","embeddable":true,"href":"https:\/\/atlantikas.com\/palm-beach-costa-del-tesoro\/wp-json\/wp\/v2\/coauthors?post=7273"}],"curies":[{"name":"wp","href":"https:\/\/api.w.org\/{rel}","templated":true}]}}