{"id":6506,"date":"2024-09-11T20:08:04","date_gmt":"2024-09-12T00:08:04","guid":{"rendered":"https:\/\/atlantikas.com\/palm-beach-costa-del-tesoro\/?p=6506"},"modified":"2024-09-11T20:08:04","modified_gmt":"2024-09-12T00:08:04","slug":"condado-palm-beach-y-la-costa-del-tesoro-rinden-honor-a-las-victimas-del-9-11","status":"publish","type":"post","link":"https:\/\/atlantikas.com\/palm-beach-costa-del-tesoro\/condado-palm-beach-y-la-costa-del-tesoro-rinden-honor-a-las-victimas-del-9-11\/","title":{"rendered":"Condado Palm Beach y la Costa del Tesoro rinden honor a las v\u00edctimas del 9\/11"},"content":{"rendered":"<div class=\"mdp-speaker-wrapper\">\n            \n            \n            \n            \n            <div class=\"mdp-speaker-box mdp-speaker-box before-content speaker-wavesurfer\">\n                <div class=\"mdp-speaker-player\"  data-title=\"Condado Palm Beach y la Costa del Tesoro rinden honor a las v\u00edctimas del 9\/11\" data-author=\"4\" data-thumbnail=\"https:\/\/atlantikas.com\/palm-beach-costa-del-tesoro\/wp-content\/uploads\/sites\/2\/2024\/09\/maxresdefault.jpg\" data-type=\"speaker-wavesurfer\" data-id=\"6506\" data-src=\"https:\/\/atlantikas.com\/palm-beach-costa-del-tesoro\/wp-content\/uploads\/sites\/2\/speaker\/post-6506.mp3?cb=1726099691.mp3\" data-download=\"1\" data-speeds=\"0.5,0.75,1,1.25,1.5\" data-share=\"\" >\n                    <div class=\"mdp-speaker-wavesurfer-player mdp-speaker-wavesurfer-placeholder\"><\/div>\n                <\/div>\n            <\/div>\n            \n            \n            \n            \n\t\t\t<\/div><p>Varias municipalidades en el Condado Palm Beach y la Costa del Tesoro, conmemoraron un aniversario m\u00e1s del ataque a las torres gemelas el 11 de septiembre 2001.<\/p>\n<p>En Riviera Beach se llev\u00f3 a cabo una ceremonia, en la Estaci\u00f3n de Bomberos 88, a las 8 a.m. 1920 W. Blue Heron Blvd. Riviera Beach en la que el jefe de los bomberos de Riviera Beach, llevo a cabo una presentaci\u00f3n.<\/p>\n<p>Boynton Beach tuvo una Ceremonia de Recordaci\u00f3n 9\/11, a las. 8 a.m., en el Centennial Park and Amphitheatre, 120 E. Ocean Ave.<\/p>\n<p>Port ST Lucie, record\u00f3 a los ca\u00eddos en el St. Lucie MIDFLORIDA Event Center 9221 Event Center Place, Port St. Lucie 8:30 a.m.<\/p>\n<p>La biblioteca Liberty Garden de Fort Pierce a las \u00a09:45 a.m. 600 en el 600 N. Indian River Drive, Fort Pierce rindi\u00f3 honor a CeeCee Ros Lyles quien muri\u00f3 a bordo del Vuelo 93 cuando se estrell\u00f3 en Pennsylvania Field durante el ataque terrorista del 11 de septiembre.<\/p>\n<p>El Departamento de Bomberos y Rescate del Condado Palm Beach llevar\u00e1 a cabo un evento en el Duncan Theater Palm Beach State College, en la sede 4200 So. Congress Ave. Lake Worth a las 6 p.m.<\/p>\n<p>Una ceremonia de recordaci\u00f3n se realizar\u00e1 en Wellington Patiriot Memorial a las 6 p.m. 12198 Forest Hill Blvd, Wellington, durante la ceremonia la villa de Wellington compartir\u00e1 reflexiones y una corona de memorias de todos\u00a0 los que perdieron la vida durante el ataque terrorista. Representativos del Departamento de Bomberos y Rescate del Condado Palm Beach y de\u00a0 New York Fraternal Oder of Police<\/p>\n","protected":false},"excerpt":{"rendered":"<p>Varias municipalidades en el Condado Palm Beach y la Costa del Tesoro, conmemoraron un aniversario m\u00e1s del ataque a las torres gemelas el 11 de septiembre 2001. En Riviera Beach se llev\u00f3 a cabo una ceremonia, en la Estaci\u00f3n de Bomberos 88, a las 8 a.m. 1920 W. Blue Heron Blvd. Riviera Beach en la &hellip;<\/p>\n","protected":false},"author":4,"featured_media":6507,"comment_status":"open","ping_status":"open","sticky":false,"template":"","format":"standard","meta":{"om_disable_all_campaigns":false,"_monsterinsights_skip_tracking":false,"_monsterinsights_sitenote_active":false,"_monsterinsights_sitenote_note":"","_monsterinsights_sitenote_category":0,"jetpack_post_was_ever_published":false,"_jetpack_newsletter_access":"","_jetpack_dont_email_post_to_subs":false,"_jetpack_newsletter_tier_id":0,"_jetpack_memberships_contains_paywalled_content":false,"_jetpack_memberships_contains_paid_content":false,"footnotes":""},"categories":[31],"tags":[],"coauthors":[42],"class_list":["post-6506","post","type-post","status-publish","format-standard","has-post-thumbnail","hentry","category-noticias-locales"],"aioseo_notices":[],"image_feature":"https:\/\/atlantikas.com\/palm-beach-costa-del-tesoro\/wp-content\/uploads\/sites\/2\/2024\/09\/maxresdefault.jpg","author_name":"Mirta Luaces","jetpack_featured_media_url":"https:\/\/atlantikas.com\/palm-beach-costa-del-tesoro\/wp-content\/uploads\/sites\/2\/2024\/09\/maxresdefault.jpg","jetpack_sharing_enabled":true,"jetpack-related-posts":[],"_links":{"self":[{"href":"https:\/\/atlantikas.com\/palm-beach-costa-del-tesoro\/wp-json\/wp\/v2\/posts\/6506","targetHints":{"allow":["GET"]}}],"collection":[{"href":"https:\/\/atlantikas.com\/palm-beach-costa-del-tesoro\/wp-json\/wp\/v2\/posts"}],"about":[{"href":"https:\/\/atlantikas.com\/palm-beach-costa-del-tesoro\/wp-json\/wp\/v2\/types\/post"}],"author":[{"embeddable":true,"href":"https:\/\/atlantikas.com\/palm-beach-costa-del-tesoro\/wp-json\/wp\/v2\/users\/4"}],"replies":[{"embeddable":true,"href":"https:\/\/atlantikas.com\/palm-beach-costa-del-tesoro\/wp-json\/wp\/v2\/comments?post=6506"}],"version-history":[{"count":1,"href":"https:\/\/atlantikas.com\/palm-beach-costa-del-tesoro\/wp-json\/wp\/v2\/posts\/6506\/revisions"}],"predecessor-version":[{"id":6508,"href":"https:\/\/atlantikas.com\/palm-beach-costa-del-tesoro\/wp-json\/wp\/v2\/posts\/6506\/revisions\/6508"}],"wp:featuredmedia":[{"embeddable":true,"href":"https:\/\/atlantikas.com\/palm-beach-costa-del-tesoro\/wp-json\/wp\/v2\/media\/6507"}],"wp:attachment":[{"href":"https:\/\/atlantikas.com\/palm-beach-costa-del-tesoro\/wp-json\/wp\/v2\/media?parent=6506"}],"wp:term":[{"taxonomy":"category","embeddable":true,"href":"https:\/\/atlantikas.com\/palm-beach-costa-del-tesoro\/wp-json\/wp\/v2\/categories?post=6506"},{"taxonomy":"post_tag","embeddable":true,"href":"https:\/\/atlantikas.com\/palm-beach-costa-del-tesoro\/wp-json\/wp\/v2\/tags?post=6506"},{"taxonomy":"author","embeddable":true,"href":"https:\/\/atlantikas.com\/palm-beach-costa-del-tesoro\/wp-json\/wp\/v2\/coauthors?post=6506"}],"curies":[{"name":"wp","href":"https:\/\/api.w.org\/{rel}","templated":true}]}}