{"id":5831,"date":"2024-07-21T16:54:35","date_gmt":"2024-07-21T20:54:35","guid":{"rendered":"https:\/\/atlantikas.com\/palm-beach-costa-del-tesoro\/?p=5831"},"modified":"2024-07-27T23:21:41","modified_gmt":"2024-07-28T03:21:41","slug":"caucus-democrata-hispano-de-pbc-reacciona-ante-renuncia-de-biden-a-contienda-electoral","status":"publish","type":"post","link":"https:\/\/atlantikas.com\/palm-beach-costa-del-tesoro\/caucus-democrata-hispano-de-pbc-reacciona-ante-renuncia-de-biden-a-contienda-electoral\/","title":{"rendered":"Caucus Dem\u00f3crata Hispano de PBC reacciona ante renuncia de Biden a contienda electoral"},"content":{"rendered":"<div class=\"mdp-speaker-wrapper\">\n            \n            \n            \n            \n            <div class=\"mdp-speaker-box mdp-speaker-box before-content speaker-wavesurfer\">\n                <div class=\"mdp-speaker-player\"  data-title=\"Caucus Dem\u00f3crata Hispano de PBC reacciona ante renuncia de Biden a contienda electoral\" data-author=\"4\" data-thumbnail=\"https:\/\/atlantikas.com\/palm-beach-costa-del-tesoro\/wp-content\/uploads\/sites\/2\/2024\/07\/Joe-Biden.jpg\" data-type=\"speaker-wavesurfer\" data-id=\"5831\" data-src=\"https:\/\/atlantikas.com\/palm-beach-costa-del-tesoro\/wp-content\/uploads\/sites\/2\/speaker\/post-5831.mp3?cb=1722136907.mp3\" data-download=\"1\" data-speeds=\"0.5,0.75,1,1.25,1.5\" data-share=\"\" >\n                    <div class=\"mdp-speaker-wavesurfer-player mdp-speaker-wavesurfer-placeholder\"><\/div>\n                <\/div>\n            <\/div>\n            \n            \n            \n            \n\t\t\t<\/div><p>El presidente Joe Biden anunci\u00f3 el domingo en una carta a la naci\u00f3n que ya no buscar\u00e1 la reelecci\u00f3n y que pondr\u00e1 fin a su campa\u00f1a presidencial de 2024.<\/p>\n<p>Biden dijo que se dirigir\u00eda a la naci\u00f3n en persona m\u00e1s tarde con detalles.<\/p>\n<p>La decisi\u00f3n se produce despu\u00e9s de semanas de intensa especulaci\u00f3n tras su deslucido debate del 27 de junio con el expresidente Donald Trump.\u201cEso demuestra el hombre que es, la capacidad de trabajo, lo que le importa el pa\u00eds\u201d, dijo Claudia Mendoza, Presidenta del Caucus Dem\u00f3crata Hispano del Condado Palm Beach, \u201cfue capaz de sacrificar sus intereses para salvar la democracia\u201d.<\/p>\n<p>Los comentaristas pol\u00edticos y ex asesores del presidente Biden caracterizaron un \u00abp\u00e1nico\u00bb generalizado entre los dem\u00f3cratas tras el debate.<\/p>\n<p>La Convenci\u00f3n Nacional Dem\u00f3crata de 2024, donde tradicionalmente se formaliza un candidato, est\u00e1 programada del 19 al 22 de agosto en Chicago, pero el presidente Biden, poco despu\u00e9s de anunciar su renuncia, reiter\u00f3 su apoyo a la vicepresidenta Kamala Harris como su sucesora en la candidatura.<\/p>\n<p>Mendoza dijo que no se puede improvisar, con referencia a una convenci\u00f3n abierta, \u201cKamala Harris es la \u00fanica que puede, llenar ese vac\u00edo, es una mujer inteligente y capaz\u201d.<\/p>\n<p>El Caucus Dem\u00f3crata Hispano de la Florida, en un comunicado, hab\u00eda reiterado su apoyo a la candidatura del presidente Joe Biden.<\/p>\n<p>&nbsp;<\/p>\n","protected":false},"excerpt":{"rendered":"<p>El presidente Joe Biden anunci\u00f3 el domingo en una carta a la naci\u00f3n que ya no buscar\u00e1 la reelecci\u00f3n y que pondr\u00e1 fin a su campa\u00f1a presidencial de 2024. Biden dijo que se dirigir\u00eda a la naci\u00f3n en persona m\u00e1s tarde con detalles. La decisi\u00f3n se produce despu\u00e9s de semanas de intensa especulaci\u00f3n tras su &hellip;<\/p>\n","protected":false},"author":4,"featured_media":5832,"comment_status":"open","ping_status":"open","sticky":false,"template":"","format":"standard","meta":{"om_disable_all_campaigns":false,"_monsterinsights_skip_tracking":false,"_jetpack_newsletter_access":"","_jetpack_dont_email_post_to_subs":false,"_jetpack_newsletter_tier_id":0,"_jetpack_memberships_contains_paywalled_content":false,"_jetpack_feature_clip_id":0,"_jetpack_memberships_contains_paid_content":false,"footnotes":"","jetpack_post_was_ever_published":false},"categories":[46,31],"tags":[273],"coauthors":[42],"class_list":["post-5831","post","type-post","status-publish","format-standard","has-post-thumbnail","hentry","category-condado-palm-beach","category-noticias-locales","tag-partido-democrata"],"aioseo_notices":[],"aioseo_head":"\n\t\t<!-- All in One SEO 5.0.0.1 - aioseo.com -->\n\t<meta name=\"description\" content=\"El presidente Joe Biden anunci\u00f3 el domingo en una carta a la naci\u00f3n que ya no buscar\u00e1 la reelecci\u00f3n y que pondr\u00e1 fin a su campa\u00f1a presidencial de 2024. Biden dijo que se dirigir\u00eda a la naci\u00f3n en persona m\u00e1s tarde con detalles. La decisi\u00f3n se produce despu\u00e9s de semanas de intensa especulaci\u00f3n tras su\" \/>\n\t<meta name=\"robots\" content=\"max-image-preview:large\" \/>\n\t<meta name=\"author\" content=\"Mirta Luaces\"\/>\n\t<link rel=\"canonical\" href=\"https:\/\/atlantikas.com\/palm-beach-costa-del-tesoro\/caucus-democrata-hispano-de-pbc-reacciona-ante-renuncia-de-biden-a-contienda-electoral\/\" \/>\n\t<meta name=\"generator\" content=\"All in One SEO (AIOSEO) 5.0.0.1\" \/>\n\t\t<meta property=\"og:locale\" content=\"es_ES\" \/>\n\t\t<meta property=\"og:site_name\" content=\"Atl\u00e1ntikas Noticias en Espa\u00f1ol Condados Palm Beach y la Costa del Tesoro - Noticias en Espa\u00f1ol | Condados Palm Beach y la Costa del Tesoro\" \/>\n\t\t<meta property=\"og:type\" content=\"article\" \/>\n\t\t<meta property=\"og:title\" content=\"Caucus Dem\u00f3crata Hispano de PBC reacciona ante renuncia de Biden a contienda electoral - Atl\u00e1ntikas Noticias en Espa\u00f1ol Condados Palm Beach y la Costa del Tesoro\" \/>\n\t\t<meta property=\"og:description\" content=\"El presidente Joe Biden anunci\u00f3 el domingo en una carta a la naci\u00f3n que ya no buscar\u00e1 la reelecci\u00f3n y que pondr\u00e1 fin a su campa\u00f1a presidencial de 2024. Biden dijo que se dirigir\u00eda a la naci\u00f3n en persona m\u00e1s tarde con detalles. La decisi\u00f3n se produce despu\u00e9s de semanas de intensa especulaci\u00f3n tras su\" \/>\n\t\t<meta property=\"og:url\" content=\"https:\/\/atlantikas.com\/palm-beach-costa-del-tesoro\/caucus-democrata-hispano-de-pbc-reacciona-ante-renuncia-de-biden-a-contienda-electoral\/\" \/>\n\t\t<meta property=\"og:image\" content=\"https:\/\/atlantikas.com\/palm-beach-costa-del-tesoro\/wp-content\/uploads\/sites\/2\/2024\/07\/Joe-Biden.jpg\" \/>\n\t\t<meta property=\"og:image:secure_url\" content=\"https:\/\/atlantikas.com\/palm-beach-costa-del-tesoro\/wp-content\/uploads\/sites\/2\/2024\/07\/Joe-Biden.jpg\" \/>\n\t\t<meta property=\"og:image:width\" content=\"1200\" \/>\n\t\t<meta property=\"og:image:height\" content=\"628\" \/>\n\t\t<meta property=\"article:published_time\" content=\"2024-07-21T20:54:35+00:00\" \/>\n\t\t<meta property=\"article:modified_time\" content=\"2024-07-28T03:21:41+00:00\" \/>\n\t\t<meta property=\"article:publisher\" content=\"https:\/\/www.facebook.com\/NoticiasAtlantikas\/\" \/>\n\t\t<meta name=\"twitter:card\" content=\"summary_large_image\" \/>\n\t\t<meta name=\"twitter:site\" content=\"@atlantikasnoti\" \/>\n\t\t<meta name=\"twitter:title\" content=\"Caucus Dem\u00f3crata Hispano de PBC reacciona ante renuncia de Biden a contienda electoral - Atl\u00e1ntikas Noticias en Espa\u00f1ol Condados Palm Beach y la Costa del Tesoro\" \/>\n\t\t<meta name=\"twitter:description\" content=\"El presidente Joe Biden anunci\u00f3 el domingo en una carta a la naci\u00f3n que ya no buscar\u00e1 la reelecci\u00f3n y que pondr\u00e1 fin a su campa\u00f1a presidencial de 2024. Biden dijo que se dirigir\u00eda a la naci\u00f3n en persona m\u00e1s tarde con detalles. La decisi\u00f3n se produce despu\u00e9s de semanas de intensa especulaci\u00f3n tras su\" \/>\n\t\t<meta name=\"twitter:creator\" content=\"@atlantikasnoti\" \/>\n\t\t<meta name=\"twitter:image\" content=\"https:\/\/atlantikas.com\/palm-beach-costa-del-tesoro\/wp-content\/uploads\/sites\/2\/2024\/07\/Joe-Biden.jpg\" \/>\n\t\t<script type=\"application\/ld+json\" class=\"aioseo-schema\">\n\t\t\t{\"@context\":\"https:\\\/\\\/schema.org\",\"@graph\":[{\"@type\":\"BlogPosting\",\"@id\":\"https:\\\/\\\/atlantikas.com\\\/palm-beach-costa-del-tesoro\\\/caucus-democrata-hispano-de-pbc-reacciona-ante-renuncia-de-biden-a-contienda-electoral\\\/#blogposting\",\"name\":\"Caucus Dem\\u00f3crata Hispano de PBC reacciona ante renuncia de Biden a contienda electoral - Atl\\u00e1ntikas Noticias en Espa\\u00f1ol Condados Palm Beach y la Costa del Tesoro\",\"headline\":\"Caucus Dem\\u00f3crata Hispano de PBC reacciona ante renuncia de Biden a contienda electoral\",\"author\":{\"@id\":\"https:\\\/\\\/atlantikas.com\\\/palm-beach-costa-del-tesoro\\\/author\\\/mirtaluacesreportera\\\/#author\"},\"publisher\":{\"@id\":\"https:\\\/\\\/atlantikas.com\\\/palm-beach-costa-del-tesoro\\\/#organization\"},\"image\":{\"@type\":\"ImageObject\",\"url\":\"https:\\\/\\\/atlantikas.com\\\/palm-beach-costa-del-tesoro\\\/wp-content\\\/uploads\\\/sites\\\/2\\\/2024\\\/07\\\/Joe-Biden.jpg\",\"width\":1200,\"height\":628},\"datePublished\":\"2024-07-21T16:54:35-04:00\",\"dateModified\":\"2024-07-27T23:21:41-04:00\",\"inLanguage\":\"es-ES\",\"mainEntityOfPage\":{\"@id\":\"https:\\\/\\\/atlantikas.com\\\/palm-beach-costa-del-tesoro\\\/caucus-democrata-hispano-de-pbc-reacciona-ante-renuncia-de-biden-a-contienda-electoral\\\/#webpage\"},\"isPartOf\":{\"@id\":\"https:\\\/\\\/atlantikas.com\\\/palm-beach-costa-del-tesoro\\\/caucus-democrata-hispano-de-pbc-reacciona-ante-renuncia-de-biden-a-contienda-electoral\\\/#webpage\"},\"articleSection\":\"Condado Palm Beach, Noticias Locales, Partido Dem\\u00f3crata, mirtaluacesreportera\"},{\"@type\":\"BreadcrumbList\",\"@id\":\"https:\\\/\\\/atlantikas.com\\\/palm-beach-costa-del-tesoro\\\/caucus-democrata-hispano-de-pbc-reacciona-ante-renuncia-de-biden-a-contienda-electoral\\\/#breadcrumblist\",\"itemListElement\":[{\"@type\":\"ListItem\",\"@id\":\"https:\\\/\\\/atlantikas.com\\\/palm-beach-costa-del-tesoro#listItem\",\"position\":1,\"name\":\"Home\",\"item\":\"https:\\\/\\\/atlantikas.com\\\/palm-beach-costa-del-tesoro\",\"nextItem\":{\"@type\":\"ListItem\",\"@id\":\"https:\\\/\\\/atlantikas.com\\\/palm-beach-costa-del-tesoro\\\/categoria\\\/noticias-locales\\\/#listItem\",\"name\":\"Noticias Locales\"}},{\"@type\":\"ListItem\",\"@id\":\"https:\\\/\\\/atlantikas.com\\\/palm-beach-costa-del-tesoro\\\/categoria\\\/noticias-locales\\\/#listItem\",\"position\":2,\"name\":\"Noticias Locales\",\"item\":\"https:\\\/\\\/atlantikas.com\\\/palm-beach-costa-del-tesoro\\\/categoria\\\/noticias-locales\\\/\",\"nextItem\":{\"@type\":\"ListItem\",\"@id\":\"https:\\\/\\\/atlantikas.com\\\/palm-beach-costa-del-tesoro\\\/categoria\\\/noticias-locales\\\/condado-palm-beach\\\/#listItem\",\"name\":\"Condado Palm Beach\"},\"previousItem\":{\"@type\":\"ListItem\",\"@id\":\"https:\\\/\\\/atlantikas.com\\\/palm-beach-costa-del-tesoro#listItem\",\"name\":\"Home\"}},{\"@type\":\"ListItem\",\"@id\":\"https:\\\/\\\/atlantikas.com\\\/palm-beach-costa-del-tesoro\\\/categoria\\\/noticias-locales\\\/condado-palm-beach\\\/#listItem\",\"position\":3,\"name\":\"Condado Palm Beach\",\"item\":\"https:\\\/\\\/atlantikas.com\\\/palm-beach-costa-del-tesoro\\\/categoria\\\/noticias-locales\\\/condado-palm-beach\\\/\",\"nextItem\":{\"@type\":\"ListItem\",\"@id\":\"https:\\\/\\\/atlantikas.com\\\/palm-beach-costa-del-tesoro\\\/caucus-democrata-hispano-de-pbc-reacciona-ante-renuncia-de-biden-a-contienda-electoral\\\/#listItem\",\"name\":\"Caucus Dem\\u00f3crata Hispano de PBC reacciona ante renuncia de Biden a contienda electoral\"},\"previousItem\":{\"@type\":\"ListItem\",\"@id\":\"https:\\\/\\\/atlantikas.com\\\/palm-beach-costa-del-tesoro\\\/categoria\\\/noticias-locales\\\/#listItem\",\"name\":\"Noticias Locales\"}},{\"@type\":\"ListItem\",\"@id\":\"https:\\\/\\\/atlantikas.com\\\/palm-beach-costa-del-tesoro\\\/caucus-democrata-hispano-de-pbc-reacciona-ante-renuncia-de-biden-a-contienda-electoral\\\/#listItem\",\"position\":4,\"name\":\"Caucus Dem\\u00f3crata Hispano de PBC reacciona ante renuncia de Biden a contienda electoral\",\"previousItem\":{\"@type\":\"ListItem\",\"@id\":\"https:\\\/\\\/atlantikas.com\\\/palm-beach-costa-del-tesoro\\\/categoria\\\/noticias-locales\\\/condado-palm-beach\\\/#listItem\",\"name\":\"Condado Palm Beach\"}}]},{\"@type\":\"Organization\",\"@id\":\"https:\\\/\\\/atlantikas.com\\\/palm-beach-costa-del-tesoro\\\/#organization\",\"name\":\"Atl\\u00e1ntikas Noticias en Espa\\u00f1ol Condados Palm Beach y la Costa del Tesoro\",\"description\":\"Noticias en Espa\\u00f1ol | Condados Palm Beach y la Costa del Tesoro\",\"url\":\"https:\\\/\\\/atlantikas.com\\\/palm-beach-costa-del-tesoro\\\/\",\"email\":\"info@atlantikas.com\",\"telephone\":\"+15613049509\",\"foundingDate\":\"2023-08-26\",\"logo\":{\"@type\":\"ImageObject\",\"url\":\"https:\\\/\\\/atlantikas.com\\\/palm-beach-costa-del-tesoro\\\/wp-content\\\/uploads\\\/sites\\\/2\\\/2023\\\/06\\\/Atlantikas-Palm-Beach-Costa-del-Tesoro-Logo-Web-1.png\",\"@id\":\"https:\\\/\\\/atlantikas.com\\\/palm-beach-costa-del-tesoro\\\/caucus-democrata-hispano-de-pbc-reacciona-ante-renuncia-de-biden-a-contienda-electoral\\\/#organizationLogo\",\"width\":1000,\"height\":375},\"image\":{\"@id\":\"https:\\\/\\\/atlantikas.com\\\/palm-beach-costa-del-tesoro\\\/caucus-democrata-hispano-de-pbc-reacciona-ante-renuncia-de-biden-a-contienda-electoral\\\/#organizationLogo\"},\"sameAs\":[\"https:\\\/\\\/www.facebook.com\\\/NoticiasAtlantikas\\\/\",\"https:\\\/\\\/twitter.com\\\/atlantikasnoti\",\"https:\\\/\\\/www.instagram.com\\\/noticiasatlantikas\\\/\",\"https:\\\/\\\/www.youtube.com\\\/@Atlantikas-vn9dw\\\/channels\",\"https:\\\/\\\/www.linkedin.com\\\/company\\\/atlantikas\\\/\"]},{\"@type\":\"Person\",\"@id\":\"https:\\\/\\\/atlantikas.com\\\/palm-beach-costa-del-tesoro\\\/author\\\/mirtaluacesreportera\\\/#author\",\"url\":\"https:\\\/\\\/atlantikas.com\\\/palm-beach-costa-del-tesoro\\\/author\\\/mirtaluacesreportera\\\/\",\"name\":\"Mirta Luaces\",\"image\":{\"@type\":\"ImageObject\",\"@id\":\"https:\\\/\\\/atlantikas.com\\\/palm-beach-costa-del-tesoro\\\/caucus-democrata-hispano-de-pbc-reacciona-ante-renuncia-de-biden-a-contienda-electoral\\\/#authorImage\",\"url\":\"https:\\\/\\\/atlantikas.com\\\/palm-beach-costa-del-tesoro\\\/wp-content\\\/uploads\\\/sites\\\/2\\\/2023\\\/11\\\/Mirta-Luaces-Atlantikas-Reporter-web-150x150.png\",\"width\":96,\"height\":96,\"caption\":\"Mirta Luaces\"},\"sameAs\":[\"|\",\"mailto:mluaces@atlantikas.com\",\"|\"]},{\"@type\":\"WebPage\",\"@id\":\"https:\\\/\\\/atlantikas.com\\\/palm-beach-costa-del-tesoro\\\/caucus-democrata-hispano-de-pbc-reacciona-ante-renuncia-de-biden-a-contienda-electoral\\\/#webpage\",\"url\":\"https:\\\/\\\/atlantikas.com\\\/palm-beach-costa-del-tesoro\\\/caucus-democrata-hispano-de-pbc-reacciona-ante-renuncia-de-biden-a-contienda-electoral\\\/\",\"name\":\"Caucus Dem\\u00f3crata Hispano de PBC reacciona ante renuncia de Biden a contienda electoral - Atl\\u00e1ntikas Noticias en Espa\\u00f1ol Condados Palm Beach y la Costa del Tesoro\",\"description\":\"El presidente Joe Biden anunci\\u00f3 el domingo en una carta a la naci\\u00f3n que ya no buscar\\u00e1 la reelecci\\u00f3n y que pondr\\u00e1 fin a su campa\\u00f1a presidencial de 2024. Biden dijo que se dirigir\\u00eda a la naci\\u00f3n en persona m\\u00e1s tarde con detalles. La decisi\\u00f3n se produce despu\\u00e9s de semanas de intensa especulaci\\u00f3n tras su\",\"inLanguage\":\"es-ES\",\"isPartOf\":{\"@id\":\"https:\\\/\\\/atlantikas.com\\\/palm-beach-costa-del-tesoro\\\/#website\"},\"breadcrumb\":{\"@id\":\"https:\\\/\\\/atlantikas.com\\\/palm-beach-costa-del-tesoro\\\/caucus-democrata-hispano-de-pbc-reacciona-ante-renuncia-de-biden-a-contienda-electoral\\\/#breadcrumblist\"},\"author\":{\"@id\":\"https:\\\/\\\/atlantikas.com\\\/palm-beach-costa-del-tesoro\\\/author\\\/mirtaluacesreportera\\\/#author\"},\"creator\":{\"@id\":\"https:\\\/\\\/atlantikas.com\\\/palm-beach-costa-del-tesoro\\\/author\\\/mirtaluacesreportera\\\/#author\"},\"image\":{\"@type\":\"ImageObject\",\"url\":\"https:\\\/\\\/atlantikas.com\\\/palm-beach-costa-del-tesoro\\\/wp-content\\\/uploads\\\/sites\\\/2\\\/2024\\\/07\\\/Joe-Biden.jpg\",\"@id\":\"https:\\\/\\\/atlantikas.com\\\/palm-beach-costa-del-tesoro\\\/caucus-democrata-hispano-de-pbc-reacciona-ante-renuncia-de-biden-a-contienda-electoral\\\/#mainImage\",\"width\":1200,\"height\":628},\"primaryImageOfPage\":{\"@id\":\"https:\\\/\\\/atlantikas.com\\\/palm-beach-costa-del-tesoro\\\/caucus-democrata-hispano-de-pbc-reacciona-ante-renuncia-de-biden-a-contienda-electoral\\\/#mainImage\"},\"datePublished\":\"2024-07-21T16:54:35-04:00\",\"dateModified\":\"2024-07-27T23:21:41-04:00\"},{\"@type\":\"WebSite\",\"@id\":\"https:\\\/\\\/atlantikas.com\\\/palm-beach-costa-del-tesoro\\\/#website\",\"url\":\"https:\\\/\\\/atlantikas.com\\\/palm-beach-costa-del-tesoro\\\/\",\"name\":\"Atl\\u00e1ntikas Noticias en Espa\\u00f1ol Condados Palm Beach y la Costa del Tesoro\",\"alternateName\":\"Atlantikas News\",\"description\":\"Noticias en Espa\\u00f1ol | Condados Palm Beach y la Costa del Tesoro\",\"inLanguage\":\"es-ES\",\"publisher\":{\"@id\":\"https:\\\/\\\/atlantikas.com\\\/palm-beach-costa-del-tesoro\\\/#organization\"}}]}\n\t\t<\/script>\n\t\t<!-- All in One SEO -->\n\n","aioseo_head_json":{"title":"Caucus Dem\u00f3crata Hispano de PBC reacciona ante renuncia de Biden a contienda electoral - Atl\u00e1ntikas Noticias en Espa\u00f1ol Condados Palm Beach y la Costa del Tesoro","description":"El presidente Joe Biden anunci\u00f3 el domingo en una carta a la naci\u00f3n que ya no buscar\u00e1 la reelecci\u00f3n y que pondr\u00e1 fin a su campa\u00f1a presidencial de 2024. Biden dijo que se dirigir\u00eda a la naci\u00f3n en persona m\u00e1s tarde con detalles. La decisi\u00f3n se produce despu\u00e9s de semanas de intensa especulaci\u00f3n tras su","canonical_url":"https:\/\/atlantikas.com\/palm-beach-costa-del-tesoro\/caucus-democrata-hispano-de-pbc-reacciona-ante-renuncia-de-biden-a-contienda-electoral\/","robots":"max-image-preview:large","keywords":"","webmasterTools":{"miscellaneous":""},"schema":{"@context":"https:\/\/schema.org","@graph":[{"@type":"BlogPosting","@id":"https:\/\/atlantikas.com\/palm-beach-costa-del-tesoro\/caucus-democrata-hispano-de-pbc-reacciona-ante-renuncia-de-biden-a-contienda-electoral\/#blogposting","name":"Caucus Dem\u00f3crata Hispano de PBC reacciona ante renuncia de Biden a contienda electoral - Atl\u00e1ntikas Noticias en Espa\u00f1ol Condados Palm Beach y la Costa del Tesoro","headline":"Caucus Dem\u00f3crata Hispano de PBC reacciona ante renuncia de Biden a contienda electoral","author":{"@id":"https:\/\/atlantikas.com\/palm-beach-costa-del-tesoro\/author\/mirtaluacesreportera\/#author"},"publisher":{"@id":"https:\/\/atlantikas.com\/palm-beach-costa-del-tesoro\/#organization"},"image":{"@type":"ImageObject","url":"https:\/\/atlantikas.com\/palm-beach-costa-del-tesoro\/wp-content\/uploads\/sites\/2\/2024\/07\/Joe-Biden.jpg","width":1200,"height":628},"datePublished":"2024-07-21T16:54:35-04:00","dateModified":"2024-07-27T23:21:41-04:00","inLanguage":"es-ES","mainEntityOfPage":{"@id":"https:\/\/atlantikas.com\/palm-beach-costa-del-tesoro\/caucus-democrata-hispano-de-pbc-reacciona-ante-renuncia-de-biden-a-contienda-electoral\/#webpage"},"isPartOf":{"@id":"https:\/\/atlantikas.com\/palm-beach-costa-del-tesoro\/caucus-democrata-hispano-de-pbc-reacciona-ante-renuncia-de-biden-a-contienda-electoral\/#webpage"},"articleSection":"Condado Palm Beach, Noticias Locales, Partido Dem\u00f3crata, mirtaluacesreportera"},{"@type":"BreadcrumbList","@id":"https:\/\/atlantikas.com\/palm-beach-costa-del-tesoro\/caucus-democrata-hispano-de-pbc-reacciona-ante-renuncia-de-biden-a-contienda-electoral\/#breadcrumblist","itemListElement":[{"@type":"ListItem","@id":"https:\/\/atlantikas.com\/palm-beach-costa-del-tesoro#listItem","position":1,"name":"Home","item":"https:\/\/atlantikas.com\/palm-beach-costa-del-tesoro","nextItem":{"@type":"ListItem","@id":"https:\/\/atlantikas.com\/palm-beach-costa-del-tesoro\/categoria\/noticias-locales\/#listItem","name":"Noticias Locales"}},{"@type":"ListItem","@id":"https:\/\/atlantikas.com\/palm-beach-costa-del-tesoro\/categoria\/noticias-locales\/#listItem","position":2,"name":"Noticias Locales","item":"https:\/\/atlantikas.com\/palm-beach-costa-del-tesoro\/categoria\/noticias-locales\/","nextItem":{"@type":"ListItem","@id":"https:\/\/atlantikas.com\/palm-beach-costa-del-tesoro\/categoria\/noticias-locales\/condado-palm-beach\/#listItem","name":"Condado Palm Beach"},"previousItem":{"@type":"ListItem","@id":"https:\/\/atlantikas.com\/palm-beach-costa-del-tesoro#listItem","name":"Home"}},{"@type":"ListItem","@id":"https:\/\/atlantikas.com\/palm-beach-costa-del-tesoro\/categoria\/noticias-locales\/condado-palm-beach\/#listItem","position":3,"name":"Condado Palm Beach","item":"https:\/\/atlantikas.com\/palm-beach-costa-del-tesoro\/categoria\/noticias-locales\/condado-palm-beach\/","nextItem":{"@type":"ListItem","@id":"https:\/\/atlantikas.com\/palm-beach-costa-del-tesoro\/caucus-democrata-hispano-de-pbc-reacciona-ante-renuncia-de-biden-a-contienda-electoral\/#listItem","name":"Caucus Dem\u00f3crata Hispano de PBC reacciona ante renuncia de Biden a contienda electoral"},"previousItem":{"@type":"ListItem","@id":"https:\/\/atlantikas.com\/palm-beach-costa-del-tesoro\/categoria\/noticias-locales\/#listItem","name":"Noticias Locales"}},{"@type":"ListItem","@id":"https:\/\/atlantikas.com\/palm-beach-costa-del-tesoro\/caucus-democrata-hispano-de-pbc-reacciona-ante-renuncia-de-biden-a-contienda-electoral\/#listItem","position":4,"name":"Caucus Dem\u00f3crata Hispano de PBC reacciona ante renuncia de Biden a contienda electoral","previousItem":{"@type":"ListItem","@id":"https:\/\/atlantikas.com\/palm-beach-costa-del-tesoro\/categoria\/noticias-locales\/condado-palm-beach\/#listItem","name":"Condado Palm Beach"}}]},{"@type":"Organization","@id":"https:\/\/atlantikas.com\/palm-beach-costa-del-tesoro\/#organization","name":"Atl\u00e1ntikas Noticias en Espa\u00f1ol Condados Palm Beach y la Costa del Tesoro","description":"Noticias en Espa\u00f1ol | Condados Palm Beach y la Costa del Tesoro","url":"https:\/\/atlantikas.com\/palm-beach-costa-del-tesoro\/","email":"info@atlantikas.com","telephone":"+15613049509","foundingDate":"2023-08-26","logo":{"@type":"ImageObject","url":"https:\/\/atlantikas.com\/palm-beach-costa-del-tesoro\/wp-content\/uploads\/sites\/2\/2023\/06\/Atlantikas-Palm-Beach-Costa-del-Tesoro-Logo-Web-1.png","@id":"https:\/\/atlantikas.com\/palm-beach-costa-del-tesoro\/caucus-democrata-hispano-de-pbc-reacciona-ante-renuncia-de-biden-a-contienda-electoral\/#organizationLogo","width":1000,"height":375},"image":{"@id":"https:\/\/atlantikas.com\/palm-beach-costa-del-tesoro\/caucus-democrata-hispano-de-pbc-reacciona-ante-renuncia-de-biden-a-contienda-electoral\/#organizationLogo"},"sameAs":["https:\/\/www.facebook.com\/NoticiasAtlantikas\/","https:\/\/twitter.com\/atlantikasnoti","https:\/\/www.instagram.com\/noticiasatlantikas\/","https:\/\/www.youtube.com\/@Atlantikas-vn9dw\/channels","https:\/\/www.linkedin.com\/company\/atlantikas\/"]},{"@type":"Person","@id":"https:\/\/atlantikas.com\/palm-beach-costa-del-tesoro\/author\/mirtaluacesreportera\/#author","url":"https:\/\/atlantikas.com\/palm-beach-costa-del-tesoro\/author\/mirtaluacesreportera\/","name":"Mirta Luaces","image":{"@type":"ImageObject","@id":"https:\/\/atlantikas.com\/palm-beach-costa-del-tesoro\/caucus-democrata-hispano-de-pbc-reacciona-ante-renuncia-de-biden-a-contienda-electoral\/#authorImage","url":"https:\/\/atlantikas.com\/palm-beach-costa-del-tesoro\/wp-content\/uploads\/sites\/2\/2023\/11\/Mirta-Luaces-Atlantikas-Reporter-web-150x150.png","width":96,"height":96,"caption":"Mirta Luaces"},"sameAs":["|","mailto:mluaces@atlantikas.com","|"]},{"@type":"WebPage","@id":"https:\/\/atlantikas.com\/palm-beach-costa-del-tesoro\/caucus-democrata-hispano-de-pbc-reacciona-ante-renuncia-de-biden-a-contienda-electoral\/#webpage","url":"https:\/\/atlantikas.com\/palm-beach-costa-del-tesoro\/caucus-democrata-hispano-de-pbc-reacciona-ante-renuncia-de-biden-a-contienda-electoral\/","name":"Caucus Dem\u00f3crata Hispano de PBC reacciona ante renuncia de Biden a contienda electoral - Atl\u00e1ntikas Noticias en Espa\u00f1ol Condados Palm Beach y la Costa del Tesoro","description":"El presidente Joe Biden anunci\u00f3 el domingo en una carta a la naci\u00f3n que ya no buscar\u00e1 la reelecci\u00f3n y que pondr\u00e1 fin a su campa\u00f1a presidencial de 2024. Biden dijo que se dirigir\u00eda a la naci\u00f3n en persona m\u00e1s tarde con detalles. La decisi\u00f3n se produce despu\u00e9s de semanas de intensa especulaci\u00f3n tras su","inLanguage":"es-ES","isPartOf":{"@id":"https:\/\/atlantikas.com\/palm-beach-costa-del-tesoro\/#website"},"breadcrumb":{"@id":"https:\/\/atlantikas.com\/palm-beach-costa-del-tesoro\/caucus-democrata-hispano-de-pbc-reacciona-ante-renuncia-de-biden-a-contienda-electoral\/#breadcrumblist"},"author":{"@id":"https:\/\/atlantikas.com\/palm-beach-costa-del-tesoro\/author\/mirtaluacesreportera\/#author"},"creator":{"@id":"https:\/\/atlantikas.com\/palm-beach-costa-del-tesoro\/author\/mirtaluacesreportera\/#author"},"image":{"@type":"ImageObject","url":"https:\/\/atlantikas.com\/palm-beach-costa-del-tesoro\/wp-content\/uploads\/sites\/2\/2024\/07\/Joe-Biden.jpg","@id":"https:\/\/atlantikas.com\/palm-beach-costa-del-tesoro\/caucus-democrata-hispano-de-pbc-reacciona-ante-renuncia-de-biden-a-contienda-electoral\/#mainImage","width":1200,"height":628},"primaryImageOfPage":{"@id":"https:\/\/atlantikas.com\/palm-beach-costa-del-tesoro\/caucus-democrata-hispano-de-pbc-reacciona-ante-renuncia-de-biden-a-contienda-electoral\/#mainImage"},"datePublished":"2024-07-21T16:54:35-04:00","dateModified":"2024-07-27T23:21:41-04:00"},{"@type":"WebSite","@id":"https:\/\/atlantikas.com\/palm-beach-costa-del-tesoro\/#website","url":"https:\/\/atlantikas.com\/palm-beach-costa-del-tesoro\/","name":"Atl\u00e1ntikas Noticias en Espa\u00f1ol Condados Palm Beach y la Costa del Tesoro","alternateName":"Atlantikas News","description":"Noticias en Espa\u00f1ol | Condados Palm Beach y la Costa del Tesoro","inLanguage":"es-ES","publisher":{"@id":"https:\/\/atlantikas.com\/palm-beach-costa-del-tesoro\/#organization"}}]},"og:locale":"es_ES","og:site_name":"Atl\u00e1ntikas Noticias en Espa\u00f1ol Condados Palm Beach y la Costa del Tesoro - Noticias en Espa\u00f1ol | Condados Palm Beach y la Costa del Tesoro","og:type":"article","og:title":"Caucus Dem\u00f3crata Hispano de PBC reacciona ante renuncia de Biden a contienda electoral - Atl\u00e1ntikas Noticias en Espa\u00f1ol Condados Palm Beach y la Costa del Tesoro","og:description":"El presidente Joe Biden anunci\u00f3 el domingo en una carta a la naci\u00f3n que ya no buscar\u00e1 la reelecci\u00f3n y que pondr\u00e1 fin a su campa\u00f1a presidencial de 2024. Biden dijo que se dirigir\u00eda a la naci\u00f3n en persona m\u00e1s tarde con detalles. La decisi\u00f3n se produce despu\u00e9s de semanas de intensa especulaci\u00f3n tras su","og:url":"https:\/\/atlantikas.com\/palm-beach-costa-del-tesoro\/caucus-democrata-hispano-de-pbc-reacciona-ante-renuncia-de-biden-a-contienda-electoral\/","og:image":"https:\/\/atlantikas.com\/palm-beach-costa-del-tesoro\/wp-content\/uploads\/sites\/2\/2024\/07\/Joe-Biden.jpg","og:image:secure_url":"https:\/\/atlantikas.com\/palm-beach-costa-del-tesoro\/wp-content\/uploads\/sites\/2\/2024\/07\/Joe-Biden.jpg","og:image:width":1200,"og:image:height":628,"article:published_time":"2024-07-21T20:54:35+00:00","article:modified_time":"2024-07-28T03:21:41+00:00","article:publisher":"https:\/\/www.facebook.com\/NoticiasAtlantikas\/","twitter:card":"summary_large_image","twitter:site":"@atlantikasnoti","twitter:title":"Caucus Dem\u00f3crata Hispano de PBC reacciona ante renuncia de Biden a contienda electoral - Atl\u00e1ntikas Noticias en Espa\u00f1ol Condados Palm Beach y la Costa del Tesoro","twitter:description":"El presidente Joe Biden anunci\u00f3 el domingo en una carta a la naci\u00f3n que ya no buscar\u00e1 la reelecci\u00f3n y que pondr\u00e1 fin a su campa\u00f1a presidencial de 2024. Biden dijo que se dirigir\u00eda a la naci\u00f3n en persona m\u00e1s tarde con detalles. La decisi\u00f3n se produce despu\u00e9s de semanas de intensa especulaci\u00f3n tras su","twitter:creator":"@atlantikasnoti","twitter:image":"https:\/\/atlantikas.com\/palm-beach-costa-del-tesoro\/wp-content\/uploads\/sites\/2\/2024\/07\/Joe-Biden.jpg"},"aioseo_meta_data":{"post_id":"5831","title":null,"description":null,"keywords":null,"keyphrases":{"focus":{"keyphrase":"","score":0,"analysis":{"keyphraseInTitle":{"score":0,"maxScore":9,"error":1}}},"additional":[]},"primary_term":null,"canonical_url":null,"og_title":null,"og_description":null,"og_object_type":"default","og_image_type":"default","og_image_url":null,"og_image_width":null,"og_image_height":null,"og_image_custom_url":null,"og_image_custom_fields":null,"og_video":"","og_custom_url":null,"og_article_section":null,"og_article_tags":null,"twitter_use_og":false,"twitter_card":"default","twitter_image_type":"default","twitter_image_url":null,"twitter_image_custom_url":null,"twitter_image_custom_fields":null,"twitter_title":null,"twitter_description":null,"schema":{"blockGraphs":[],"customGraphs":[],"default":{"data":{"Article":[],"Course":[],"Dataset":[],"FAQPage":[],"Movie":[],"Person":[],"Product":[],"ProductReview":[],"Car":[],"Recipe":[],"Service":[],"SoftwareApplication":[],"WebPage":[]},"graphName":"BlogPosting","isEnabled":true},"graphs":[]},"schema_type":"default","schema_type_options":null,"pillar_content":false,"robots_default":true,"robots_noindex":false,"robots_noarchive":false,"robots_nosnippet":false,"robots_nofollow":false,"robots_noimageindex":false,"robots_noodp":false,"robots_notranslate":false,"robots_max_snippet":"-1","robots_max_videopreview":"-1","robots_max_imagepreview":"large","priority":null,"frequency":"default","local_seo":null,"breadcrumb_settings":null,"limit_modified_date":false,"ai":null,"created":"2024-07-21 20:54:43","updated":"2025-06-04 23:06:04","seo_analyzer_scan_date":null,"focus_keyword":null,"additional_keywords":null,"truseo_locale":null},"aioseo_breadcrumb":"<div class=\"aioseo-breadcrumbs\"><span class=\"aioseo-breadcrumb\">\n\t\t\t<a href=\"https:\/\/atlantikas.com\/palm-beach-costa-del-tesoro\" title=\"Home\">Home<\/a>\n\t\t<\/span><span class=\"aioseo-breadcrumb-separator\">&raquo;<\/span><span class=\"aioseo-breadcrumb\">\n\t\t\t<a href=\"https:\/\/atlantikas.com\/palm-beach-costa-del-tesoro\/categoria\/noticias-locales\/\" title=\"Noticias Locales\">Noticias Locales<\/a>\n\t\t<\/span><span class=\"aioseo-breadcrumb-separator\">&raquo;<\/span><span class=\"aioseo-breadcrumb\">\n\t\t\t<a href=\"https:\/\/atlantikas.com\/palm-beach-costa-del-tesoro\/categoria\/noticias-locales\/condado-palm-beach\/\" title=\"Condado Palm Beach\">Condado Palm Beach<\/a>\n\t\t<\/span><span class=\"aioseo-breadcrumb-separator\">&raquo;<\/span><span class=\"aioseo-breadcrumb\">\n\t\t\tCaucus Dem\u00f3crata Hispano de PBC reacciona ante renuncia de Biden a contienda electoral\n\t\t<\/span><\/div>","aioseo_breadcrumb_json":[{"label":"Home","link":"https:\/\/atlantikas.com\/palm-beach-costa-del-tesoro"},{"label":"Noticias Locales","link":"https:\/\/atlantikas.com\/palm-beach-costa-del-tesoro\/categoria\/noticias-locales\/"},{"label":"Condado Palm Beach","link":"https:\/\/atlantikas.com\/palm-beach-costa-del-tesoro\/categoria\/noticias-locales\/condado-palm-beach\/"},{"label":"Caucus Dem\u00f3crata Hispano de PBC reacciona ante renuncia de Biden a contienda electoral","link":"https:\/\/atlantikas.com\/palm-beach-costa-del-tesoro\/caucus-democrata-hispano-de-pbc-reacciona-ante-renuncia-de-biden-a-contienda-electoral\/"}],"image_feature":"https:\/\/atlantikas.com\/palm-beach-costa-del-tesoro\/wp-content\/uploads\/sites\/2\/2024\/07\/Joe-Biden.jpg","author_name":"Mirta Luaces","pure_taxonomies":{"categories":[{"term_id":46,"name":"Condado Palm Beach","slug":"condado-palm-beach","term_group":0,"term_taxonomy_id":46,"taxonomy":"category","description":"","parent":31,"count":1667,"filter":"raw","image":""},{"term_id":31,"name":"Noticias Locales","slug":"noticias-locales","term_group":0,"term_taxonomy_id":31,"taxonomy":"category","description":"","parent":0,"count":2373,"filter":"raw","image":""}],"tags":[{"term_id":273,"name":"Partido Dem\u00f3crata","slug":"partido-democrata","term_group":0,"term_taxonomy_id":273,"taxonomy":"post_tag","description":"","parent":0,"count":6,"filter":"raw","image":""}]},"jetpack_featured_media_url":"https:\/\/atlantikas.com\/palm-beach-costa-del-tesoro\/wp-content\/uploads\/sites\/2\/2024\/07\/Joe-Biden.jpg","jetpack_sharing_enabled":true,"jetpack-related-posts":[],"_links":{"self":[{"href":"https:\/\/atlantikas.com\/palm-beach-costa-del-tesoro\/wp-json\/wp\/v2\/posts\/5831","targetHints":{"allow":["GET"]}}],"collection":[{"href":"https:\/\/atlantikas.com\/palm-beach-costa-del-tesoro\/wp-json\/wp\/v2\/posts"}],"about":[{"href":"https:\/\/atlantikas.com\/palm-beach-costa-del-tesoro\/wp-json\/wp\/v2\/types\/post"}],"author":[{"embeddable":true,"href":"https:\/\/atlantikas.com\/palm-beach-costa-del-tesoro\/wp-json\/wp\/v2\/users\/4"}],"replies":[{"embeddable":true,"href":"https:\/\/atlantikas.com\/palm-beach-costa-del-tesoro\/wp-json\/wp\/v2\/comments?post=5831"}],"version-history":[{"count":1,"href":"https:\/\/atlantikas.com\/palm-beach-costa-del-tesoro\/wp-json\/wp\/v2\/posts\/5831\/revisions"}],"predecessor-version":[{"id":5833,"href":"https:\/\/atlantikas.com\/palm-beach-costa-del-tesoro\/wp-json\/wp\/v2\/posts\/5831\/revisions\/5833"}],"wp:featuredmedia":[{"embeddable":true,"href":"https:\/\/atlantikas.com\/palm-beach-costa-del-tesoro\/wp-json\/wp\/v2\/media\/5832"}],"wp:attachment":[{"href":"https:\/\/atlantikas.com\/palm-beach-costa-del-tesoro\/wp-json\/wp\/v2\/media?parent=5831"}],"wp:term":[{"taxonomy":"category","embeddable":true,"href":"https:\/\/atlantikas.com\/palm-beach-costa-del-tesoro\/wp-json\/wp\/v2\/categories?post=5831"},{"taxonomy":"post_tag","embeddable":true,"href":"https:\/\/atlantikas.com\/palm-beach-costa-del-tesoro\/wp-json\/wp\/v2\/tags?post=5831"},{"taxonomy":"author","embeddable":true,"href":"https:\/\/atlantikas.com\/palm-beach-costa-del-tesoro\/wp-json\/wp\/v2\/coauthors?post=5831"}],"curies":[{"name":"wp","href":"https:\/\/api.w.org\/{rel}","templated":true}]}}