{"id":5397,"date":"2024-05-26T12:24:03","date_gmt":"2024-05-26T16:24:03","guid":{"rendered":"https:\/\/atlantikas.com\/palm-beach-costa-del-tesoro\/?p=5397"},"modified":"2024-05-26T12:24:03","modified_gmt":"2024-05-26T16:24:03","slug":"que-esta-abierto-y-que-cerrado-en-el-dia-de-los-caidos","status":"publish","type":"post","link":"https:\/\/atlantikas.com\/palm-beach-costa-del-tesoro\/que-esta-abierto-y-que-cerrado-en-el-dia-de-los-caidos\/","title":{"rendered":"\u00bfQu\u00e9 est\u00e1 abierto y qu\u00e9 cerrado en el D\u00eda de los Ca\u00eddos?"},"content":{"rendered":"<div class=\"mdp-speaker-wrapper\">\n            \n            \n            \n            \n            <div class=\"mdp-speaker-box mdp-speaker-box before-content speaker-wavesurfer\">\n                <div class=\"mdp-speaker-player\"  data-title=\"\u00bfQu\u00e9 est\u00e1 abierto y qu\u00e9 cerrado en el D\u00eda de los Ca\u00eddos?\" data-author=\"4\" data-thumbnail=\"https:\/\/atlantikas.com\/palm-beach-costa-del-tesoro\/wp-content\/uploads\/sites\/2\/2024\/05\/41lidNv9p9L._AC_UF8941000_QL80_.jpg\" data-type=\"speaker-wavesurfer\" data-id=\"5397\" data-src=\"https:\/\/atlantikas.com\/palm-beach-costa-del-tesoro\/wp-content\/uploads\/sites\/2\/speaker\/post-5397.mp3?cb=1716740649.mp3\" data-download=\"1\" data-speeds=\"0.5,0.75,1,1.25,1.5\" data-share=\"\" >\n                    <div class=\"mdp-speaker-wavesurfer-player mdp-speaker-wavesurfer-placeholder\"><\/div>\n                <\/div>\n            <\/div>\n            \n            \n            \n            \n\t\t\t<\/div><p>El 30 de mayo era el d\u00eda se\u00f1alado para la conmemoraci\u00f3n y recordatorios de los ca\u00eddos estadounidense que lucharon por mantener la libertad\u00a0 democracia, pero en 1971 el Congreso acord\u00f3 que esa conmemoraci\u00f3n se hicieron el \u00faltimo lunes del mes de mayo.<\/p>\n<p>Aqu\u00ed ofrecemos una lista de lo que estar\u00e1 abierto y cerrado en el D\u00eda de los Ca\u00eddos.<\/p>\n<p><strong>OFICINAS DEL GOBIERNO<\/strong><\/p>\n<p>Todas las oficinas del gobierno, incluyendo el servicio postal, las cortes y las escuelas, estar\u00e1n cerradas.<\/p>\n<p><strong>BANCOS Y BOLSA DE VALORES<\/strong><\/p>\n<p>La bolsa de valores de EE.UU. y los bancos. Tambi\u00e9n los servicios de entrega a domicilio de FedEx y UPS no estar\u00e1n disponibles.<\/p>\n<p><strong>VETAS <\/strong><\/p>\n<p>Cosco anuncio que cerrara el lunes, pero las mayor\u00edas de tiendas y distribuidores estar\u00e1n abiertos con ventas promocionales.<\/p>\n<p><strong>VIAJES <\/strong><\/p>\n<p>El D\u00eda de los Ca\u00eddos, tambi\u00e9n es considerado como el comienzo oficial de las vacaciones y la temporada de viajar. Se proyecta que en este feriado largo habr\u00e1 un aumento de un 4% de viajeros este a\u00f1o.<\/p>\n","protected":false},"excerpt":{"rendered":"<p>El 30 de mayo era el d\u00eda se\u00f1alado para la conmemoraci\u00f3n y recordatorios de los ca\u00eddos estadounidense que lucharon por mantener la libertad\u00a0 democracia, pero en 1971 el Congreso acord\u00f3 que esa conmemoraci\u00f3n se hicieron el \u00faltimo lunes del mes de mayo. Aqu\u00ed ofrecemos una lista de lo que estar\u00e1 abierto y cerrado en el &hellip;<\/p>\n","protected":false},"author":4,"featured_media":5398,"comment_status":"open","ping_status":"open","sticky":false,"template":"","format":"standard","meta":{"om_disable_all_campaigns":false,"_monsterinsights_skip_tracking":false,"_jetpack_newsletter_access":"","_jetpack_dont_email_post_to_subs":false,"_jetpack_newsletter_tier_id":0,"_jetpack_memberships_contains_paywalled_content":false,"_jetpack_feature_clip_id":0,"_jetpack_memberships_contains_paid_content":false,"footnotes":"","jetpack_post_was_ever_published":false},"categories":[46,31],"tags":[],"coauthors":[42],"class_list":["post-5397","post","type-post","status-publish","format-standard","has-post-thumbnail","hentry","category-condado-palm-beach","category-noticias-locales"],"aioseo_notices":[],"aioseo_head":"\n\t\t<!-- All in One SEO 5.0.0.1 - aioseo.com -->\n\t<meta name=\"description\" content=\"El 30 de mayo era el d\u00eda se\u00f1alado para la conmemoraci\u00f3n y recordatorios de los ca\u00eddos estadounidense que lucharon por mantener la libertad democracia, pero en 1971 el Congreso acord\u00f3 que esa conmemoraci\u00f3n se hicieron el \u00faltimo lunes del mes de mayo. Aqu\u00ed ofrecemos una lista de lo que estar\u00e1 abierto y cerrado en el\" \/>\n\t<meta name=\"robots\" content=\"max-image-preview:large\" \/>\n\t<meta name=\"author\" content=\"Mirta Luaces\"\/>\n\t<link rel=\"canonical\" href=\"https:\/\/atlantikas.com\/palm-beach-costa-del-tesoro\/que-esta-abierto-y-que-cerrado-en-el-dia-de-los-caidos\/\" \/>\n\t<meta name=\"generator\" content=\"All in One SEO (AIOSEO) 5.0.0.1\" \/>\n\t\t<meta property=\"og:locale\" content=\"es_ES\" \/>\n\t\t<meta property=\"og:site_name\" content=\"Atl\u00e1ntikas Noticias en Espa\u00f1ol Condados Palm Beach y la Costa del Tesoro - Noticias en Espa\u00f1ol | Condados Palm Beach y la Costa del Tesoro\" \/>\n\t\t<meta property=\"og:type\" content=\"article\" \/>\n\t\t<meta property=\"og:title\" content=\"\u00bfQu\u00e9 est\u00e1 abierto y qu\u00e9 cerrado en el D\u00eda de los Ca\u00eddos? - Atl\u00e1ntikas Noticias en Espa\u00f1ol Condados Palm Beach y la Costa del Tesoro\" \/>\n\t\t<meta property=\"og:description\" content=\"El 30 de mayo era el d\u00eda se\u00f1alado para la conmemoraci\u00f3n y recordatorios de los ca\u00eddos estadounidense que lucharon por mantener la libertad democracia, pero en 1971 el Congreso acord\u00f3 que esa conmemoraci\u00f3n se hicieron el \u00faltimo lunes del mes de mayo. Aqu\u00ed ofrecemos una lista de lo que estar\u00e1 abierto y cerrado en el\" \/>\n\t\t<meta property=\"og:url\" content=\"https:\/\/atlantikas.com\/palm-beach-costa-del-tesoro\/que-esta-abierto-y-que-cerrado-en-el-dia-de-los-caidos\/\" \/>\n\t\t<meta property=\"og:image\" content=\"https:\/\/atlantikas.com\/palm-beach-costa-del-tesoro\/wp-content\/uploads\/sites\/2\/2024\/05\/41lidNv9p9L._AC_UF8941000_QL80_.jpg\" \/>\n\t\t<meta property=\"og:image:secure_url\" content=\"https:\/\/atlantikas.com\/palm-beach-costa-del-tesoro\/wp-content\/uploads\/sites\/2\/2024\/05\/41lidNv9p9L._AC_UF8941000_QL80_.jpg\" \/>\n\t\t<meta property=\"og:image:width\" content=\"475\" \/>\n\t\t<meta property=\"og:image:height\" content=\"640\" \/>\n\t\t<meta property=\"article:published_time\" content=\"2024-05-26T16:24:03+00:00\" \/>\n\t\t<meta property=\"article:modified_time\" content=\"2024-05-26T16:24:03+00:00\" \/>\n\t\t<meta property=\"article:publisher\" content=\"https:\/\/www.facebook.com\/NoticiasAtlantikas\/\" \/>\n\t\t<meta name=\"twitter:card\" content=\"summary_large_image\" \/>\n\t\t<meta name=\"twitter:site\" content=\"@atlantikasnoti\" \/>\n\t\t<meta name=\"twitter:title\" content=\"\u00bfQu\u00e9 est\u00e1 abierto y qu\u00e9 cerrado en el D\u00eda de los Ca\u00eddos? - Atl\u00e1ntikas Noticias en Espa\u00f1ol Condados Palm Beach y la Costa del Tesoro\" \/>\n\t\t<meta name=\"twitter:description\" content=\"El 30 de mayo era el d\u00eda se\u00f1alado para la conmemoraci\u00f3n y recordatorios de los ca\u00eddos estadounidense que lucharon por mantener la libertad democracia, pero en 1971 el Congreso acord\u00f3 que esa conmemoraci\u00f3n se hicieron el \u00faltimo lunes del mes de mayo. Aqu\u00ed ofrecemos una lista de lo que estar\u00e1 abierto y cerrado en el\" \/>\n\t\t<meta name=\"twitter:creator\" content=\"@atlantikasnoti\" \/>\n\t\t<meta name=\"twitter:image\" content=\"https:\/\/atlantikas.com\/palm-beach-costa-del-tesoro\/wp-content\/uploads\/sites\/2\/2024\/05\/41lidNv9p9L._AC_UF8941000_QL80_.jpg\" \/>\n\t\t<script type=\"application\/ld+json\" class=\"aioseo-schema\">\n\t\t\t{\"@context\":\"https:\\\/\\\/schema.org\",\"@graph\":[{\"@type\":\"BlogPosting\",\"@id\":\"https:\\\/\\\/atlantikas.com\\\/palm-beach-costa-del-tesoro\\\/que-esta-abierto-y-que-cerrado-en-el-dia-de-los-caidos\\\/#blogposting\",\"name\":\"\\u00bfQu\\u00e9 est\\u00e1 abierto y qu\\u00e9 cerrado en el D\\u00eda de los Ca\\u00eddos? - Atl\\u00e1ntikas Noticias en Espa\\u00f1ol Condados Palm Beach y la Costa del Tesoro\",\"headline\":\"\\u00bfQu\\u00e9 est\\u00e1 abierto y qu\\u00e9 cerrado en el D\\u00eda de los Ca\\u00eddos?\",\"author\":{\"@id\":\"https:\\\/\\\/atlantikas.com\\\/palm-beach-costa-del-tesoro\\\/author\\\/mirtaluacesreportera\\\/#author\"},\"publisher\":{\"@id\":\"https:\\\/\\\/atlantikas.com\\\/palm-beach-costa-del-tesoro\\\/#organization\"},\"image\":{\"@type\":\"ImageObject\",\"url\":\"https:\\\/\\\/atlantikas.com\\\/palm-beach-costa-del-tesoro\\\/wp-content\\\/uploads\\\/sites\\\/2\\\/2024\\\/05\\\/41lidNv9p9L._AC_UF8941000_QL80_.jpg\",\"width\":475,\"height\":640},\"datePublished\":\"2024-05-26T12:24:03-04:00\",\"dateModified\":\"2024-05-26T12:24:03-04:00\",\"inLanguage\":\"es-ES\",\"mainEntityOfPage\":{\"@id\":\"https:\\\/\\\/atlantikas.com\\\/palm-beach-costa-del-tesoro\\\/que-esta-abierto-y-que-cerrado-en-el-dia-de-los-caidos\\\/#webpage\"},\"isPartOf\":{\"@id\":\"https:\\\/\\\/atlantikas.com\\\/palm-beach-costa-del-tesoro\\\/que-esta-abierto-y-que-cerrado-en-el-dia-de-los-caidos\\\/#webpage\"},\"articleSection\":\"Condado Palm Beach, Noticias Locales, mirtaluacesreportera\"},{\"@type\":\"BreadcrumbList\",\"@id\":\"https:\\\/\\\/atlantikas.com\\\/palm-beach-costa-del-tesoro\\\/que-esta-abierto-y-que-cerrado-en-el-dia-de-los-caidos\\\/#breadcrumblist\",\"itemListElement\":[{\"@type\":\"ListItem\",\"@id\":\"https:\\\/\\\/atlantikas.com\\\/palm-beach-costa-del-tesoro#listItem\",\"position\":1,\"name\":\"Home\",\"item\":\"https:\\\/\\\/atlantikas.com\\\/palm-beach-costa-del-tesoro\",\"nextItem\":{\"@type\":\"ListItem\",\"@id\":\"https:\\\/\\\/atlantikas.com\\\/palm-beach-costa-del-tesoro\\\/categoria\\\/noticias-locales\\\/#listItem\",\"name\":\"Noticias Locales\"}},{\"@type\":\"ListItem\",\"@id\":\"https:\\\/\\\/atlantikas.com\\\/palm-beach-costa-del-tesoro\\\/categoria\\\/noticias-locales\\\/#listItem\",\"position\":2,\"name\":\"Noticias Locales\",\"item\":\"https:\\\/\\\/atlantikas.com\\\/palm-beach-costa-del-tesoro\\\/categoria\\\/noticias-locales\\\/\",\"nextItem\":{\"@type\":\"ListItem\",\"@id\":\"https:\\\/\\\/atlantikas.com\\\/palm-beach-costa-del-tesoro\\\/categoria\\\/noticias-locales\\\/condado-palm-beach\\\/#listItem\",\"name\":\"Condado Palm Beach\"},\"previousItem\":{\"@type\":\"ListItem\",\"@id\":\"https:\\\/\\\/atlantikas.com\\\/palm-beach-costa-del-tesoro#listItem\",\"name\":\"Home\"}},{\"@type\":\"ListItem\",\"@id\":\"https:\\\/\\\/atlantikas.com\\\/palm-beach-costa-del-tesoro\\\/categoria\\\/noticias-locales\\\/condado-palm-beach\\\/#listItem\",\"position\":3,\"name\":\"Condado Palm Beach\",\"item\":\"https:\\\/\\\/atlantikas.com\\\/palm-beach-costa-del-tesoro\\\/categoria\\\/noticias-locales\\\/condado-palm-beach\\\/\",\"nextItem\":{\"@type\":\"ListItem\",\"@id\":\"https:\\\/\\\/atlantikas.com\\\/palm-beach-costa-del-tesoro\\\/que-esta-abierto-y-que-cerrado-en-el-dia-de-los-caidos\\\/#listItem\",\"name\":\"\\u00bfQu\\u00e9 est\\u00e1 abierto y qu\\u00e9 cerrado en el D\\u00eda de los Ca\\u00eddos?\"},\"previousItem\":{\"@type\":\"ListItem\",\"@id\":\"https:\\\/\\\/atlantikas.com\\\/palm-beach-costa-del-tesoro\\\/categoria\\\/noticias-locales\\\/#listItem\",\"name\":\"Noticias Locales\"}},{\"@type\":\"ListItem\",\"@id\":\"https:\\\/\\\/atlantikas.com\\\/palm-beach-costa-del-tesoro\\\/que-esta-abierto-y-que-cerrado-en-el-dia-de-los-caidos\\\/#listItem\",\"position\":4,\"name\":\"\\u00bfQu\\u00e9 est\\u00e1 abierto y qu\\u00e9 cerrado en el D\\u00eda de los Ca\\u00eddos?\",\"previousItem\":{\"@type\":\"ListItem\",\"@id\":\"https:\\\/\\\/atlantikas.com\\\/palm-beach-costa-del-tesoro\\\/categoria\\\/noticias-locales\\\/condado-palm-beach\\\/#listItem\",\"name\":\"Condado Palm Beach\"}}]},{\"@type\":\"Organization\",\"@id\":\"https:\\\/\\\/atlantikas.com\\\/palm-beach-costa-del-tesoro\\\/#organization\",\"name\":\"Atl\\u00e1ntikas Noticias en Espa\\u00f1ol Condados Palm Beach y la Costa del Tesoro\",\"description\":\"Noticias en Espa\\u00f1ol | Condados Palm Beach y la Costa del Tesoro\",\"url\":\"https:\\\/\\\/atlantikas.com\\\/palm-beach-costa-del-tesoro\\\/\",\"email\":\"info@atlantikas.com\",\"telephone\":\"+15613049509\",\"foundingDate\":\"2023-08-26\",\"logo\":{\"@type\":\"ImageObject\",\"url\":\"https:\\\/\\\/atlantikas.com\\\/palm-beach-costa-del-tesoro\\\/wp-content\\\/uploads\\\/sites\\\/2\\\/2023\\\/06\\\/Atlantikas-Palm-Beach-Costa-del-Tesoro-Logo-Web-1.png\",\"@id\":\"https:\\\/\\\/atlantikas.com\\\/palm-beach-costa-del-tesoro\\\/que-esta-abierto-y-que-cerrado-en-el-dia-de-los-caidos\\\/#organizationLogo\",\"width\":1000,\"height\":375},\"image\":{\"@id\":\"https:\\\/\\\/atlantikas.com\\\/palm-beach-costa-del-tesoro\\\/que-esta-abierto-y-que-cerrado-en-el-dia-de-los-caidos\\\/#organizationLogo\"},\"sameAs\":[\"https:\\\/\\\/www.facebook.com\\\/NoticiasAtlantikas\\\/\",\"https:\\\/\\\/twitter.com\\\/atlantikasnoti\",\"https:\\\/\\\/www.instagram.com\\\/noticiasatlantikas\\\/\",\"https:\\\/\\\/www.youtube.com\\\/@Atlantikas-vn9dw\\\/channels\",\"https:\\\/\\\/www.linkedin.com\\\/company\\\/atlantikas\\\/\"]},{\"@type\":\"Person\",\"@id\":\"https:\\\/\\\/atlantikas.com\\\/palm-beach-costa-del-tesoro\\\/author\\\/mirtaluacesreportera\\\/#author\",\"url\":\"https:\\\/\\\/atlantikas.com\\\/palm-beach-costa-del-tesoro\\\/author\\\/mirtaluacesreportera\\\/\",\"name\":\"Mirta Luaces\",\"image\":{\"@type\":\"ImageObject\",\"@id\":\"https:\\\/\\\/atlantikas.com\\\/palm-beach-costa-del-tesoro\\\/que-esta-abierto-y-que-cerrado-en-el-dia-de-los-caidos\\\/#authorImage\",\"url\":\"https:\\\/\\\/atlantikas.com\\\/palm-beach-costa-del-tesoro\\\/wp-content\\\/uploads\\\/sites\\\/2\\\/2023\\\/11\\\/Mirta-Luaces-Atlantikas-Reporter-web-150x150.png\",\"width\":96,\"height\":96,\"caption\":\"Mirta Luaces\"},\"sameAs\":[\"|\",\"mailto:mluaces@atlantikas.com\",\"|\"]},{\"@type\":\"WebPage\",\"@id\":\"https:\\\/\\\/atlantikas.com\\\/palm-beach-costa-del-tesoro\\\/que-esta-abierto-y-que-cerrado-en-el-dia-de-los-caidos\\\/#webpage\",\"url\":\"https:\\\/\\\/atlantikas.com\\\/palm-beach-costa-del-tesoro\\\/que-esta-abierto-y-que-cerrado-en-el-dia-de-los-caidos\\\/\",\"name\":\"\\u00bfQu\\u00e9 est\\u00e1 abierto y qu\\u00e9 cerrado en el D\\u00eda de los Ca\\u00eddos? - Atl\\u00e1ntikas Noticias en Espa\\u00f1ol Condados Palm Beach y la Costa del Tesoro\",\"description\":\"El 30 de mayo era el d\\u00eda se\\u00f1alado para la conmemoraci\\u00f3n y recordatorios de los ca\\u00eddos estadounidense que lucharon por mantener la libertad democracia, pero en 1971 el Congreso acord\\u00f3 que esa conmemoraci\\u00f3n se hicieron el \\u00faltimo lunes del mes de mayo. Aqu\\u00ed ofrecemos una lista de lo que estar\\u00e1 abierto y cerrado en el\",\"inLanguage\":\"es-ES\",\"isPartOf\":{\"@id\":\"https:\\\/\\\/atlantikas.com\\\/palm-beach-costa-del-tesoro\\\/#website\"},\"breadcrumb\":{\"@id\":\"https:\\\/\\\/atlantikas.com\\\/palm-beach-costa-del-tesoro\\\/que-esta-abierto-y-que-cerrado-en-el-dia-de-los-caidos\\\/#breadcrumblist\"},\"author\":{\"@id\":\"https:\\\/\\\/atlantikas.com\\\/palm-beach-costa-del-tesoro\\\/author\\\/mirtaluacesreportera\\\/#author\"},\"creator\":{\"@id\":\"https:\\\/\\\/atlantikas.com\\\/palm-beach-costa-del-tesoro\\\/author\\\/mirtaluacesreportera\\\/#author\"},\"image\":{\"@type\":\"ImageObject\",\"url\":\"https:\\\/\\\/atlantikas.com\\\/palm-beach-costa-del-tesoro\\\/wp-content\\\/uploads\\\/sites\\\/2\\\/2024\\\/05\\\/41lidNv9p9L._AC_UF8941000_QL80_.jpg\",\"@id\":\"https:\\\/\\\/atlantikas.com\\\/palm-beach-costa-del-tesoro\\\/que-esta-abierto-y-que-cerrado-en-el-dia-de-los-caidos\\\/#mainImage\",\"width\":475,\"height\":640},\"primaryImageOfPage\":{\"@id\":\"https:\\\/\\\/atlantikas.com\\\/palm-beach-costa-del-tesoro\\\/que-esta-abierto-y-que-cerrado-en-el-dia-de-los-caidos\\\/#mainImage\"},\"datePublished\":\"2024-05-26T12:24:03-04:00\",\"dateModified\":\"2024-05-26T12:24:03-04:00\"},{\"@type\":\"WebSite\",\"@id\":\"https:\\\/\\\/atlantikas.com\\\/palm-beach-costa-del-tesoro\\\/#website\",\"url\":\"https:\\\/\\\/atlantikas.com\\\/palm-beach-costa-del-tesoro\\\/\",\"name\":\"Atl\\u00e1ntikas Noticias en Espa\\u00f1ol Condados Palm Beach y la Costa del Tesoro\",\"alternateName\":\"Atlantikas News\",\"description\":\"Noticias en Espa\\u00f1ol | Condados Palm Beach y la Costa del Tesoro\",\"inLanguage\":\"es-ES\",\"publisher\":{\"@id\":\"https:\\\/\\\/atlantikas.com\\\/palm-beach-costa-del-tesoro\\\/#organization\"}}]}\n\t\t<\/script>\n\t\t<!-- All in One SEO -->\n\n","aioseo_head_json":{"title":"\u00bfQu\u00e9 est\u00e1 abierto y qu\u00e9 cerrado en el D\u00eda de los Ca\u00eddos? - Atl\u00e1ntikas Noticias en Espa\u00f1ol Condados Palm Beach y la Costa del Tesoro","description":"El 30 de mayo era el d\u00eda se\u00f1alado para la conmemoraci\u00f3n y recordatorios de los ca\u00eddos estadounidense que lucharon por mantener la libertad democracia, pero en 1971 el Congreso acord\u00f3 que esa conmemoraci\u00f3n se hicieron el \u00faltimo lunes del mes de mayo. Aqu\u00ed ofrecemos una lista de lo que estar\u00e1 abierto y cerrado en el","canonical_url":"https:\/\/atlantikas.com\/palm-beach-costa-del-tesoro\/que-esta-abierto-y-que-cerrado-en-el-dia-de-los-caidos\/","robots":"max-image-preview:large","keywords":"","webmasterTools":{"miscellaneous":""},"schema":{"@context":"https:\/\/schema.org","@graph":[{"@type":"BlogPosting","@id":"https:\/\/atlantikas.com\/palm-beach-costa-del-tesoro\/que-esta-abierto-y-que-cerrado-en-el-dia-de-los-caidos\/#blogposting","name":"\u00bfQu\u00e9 est\u00e1 abierto y qu\u00e9 cerrado en el D\u00eda de los Ca\u00eddos? - Atl\u00e1ntikas Noticias en Espa\u00f1ol Condados Palm Beach y la Costa del Tesoro","headline":"\u00bfQu\u00e9 est\u00e1 abierto y qu\u00e9 cerrado en el D\u00eda de los Ca\u00eddos?","author":{"@id":"https:\/\/atlantikas.com\/palm-beach-costa-del-tesoro\/author\/mirtaluacesreportera\/#author"},"publisher":{"@id":"https:\/\/atlantikas.com\/palm-beach-costa-del-tesoro\/#organization"},"image":{"@type":"ImageObject","url":"https:\/\/atlantikas.com\/palm-beach-costa-del-tesoro\/wp-content\/uploads\/sites\/2\/2024\/05\/41lidNv9p9L._AC_UF8941000_QL80_.jpg","width":475,"height":640},"datePublished":"2024-05-26T12:24:03-04:00","dateModified":"2024-05-26T12:24:03-04:00","inLanguage":"es-ES","mainEntityOfPage":{"@id":"https:\/\/atlantikas.com\/palm-beach-costa-del-tesoro\/que-esta-abierto-y-que-cerrado-en-el-dia-de-los-caidos\/#webpage"},"isPartOf":{"@id":"https:\/\/atlantikas.com\/palm-beach-costa-del-tesoro\/que-esta-abierto-y-que-cerrado-en-el-dia-de-los-caidos\/#webpage"},"articleSection":"Condado Palm Beach, Noticias Locales, mirtaluacesreportera"},{"@type":"BreadcrumbList","@id":"https:\/\/atlantikas.com\/palm-beach-costa-del-tesoro\/que-esta-abierto-y-que-cerrado-en-el-dia-de-los-caidos\/#breadcrumblist","itemListElement":[{"@type":"ListItem","@id":"https:\/\/atlantikas.com\/palm-beach-costa-del-tesoro#listItem","position":1,"name":"Home","item":"https:\/\/atlantikas.com\/palm-beach-costa-del-tesoro","nextItem":{"@type":"ListItem","@id":"https:\/\/atlantikas.com\/palm-beach-costa-del-tesoro\/categoria\/noticias-locales\/#listItem","name":"Noticias Locales"}},{"@type":"ListItem","@id":"https:\/\/atlantikas.com\/palm-beach-costa-del-tesoro\/categoria\/noticias-locales\/#listItem","position":2,"name":"Noticias Locales","item":"https:\/\/atlantikas.com\/palm-beach-costa-del-tesoro\/categoria\/noticias-locales\/","nextItem":{"@type":"ListItem","@id":"https:\/\/atlantikas.com\/palm-beach-costa-del-tesoro\/categoria\/noticias-locales\/condado-palm-beach\/#listItem","name":"Condado Palm Beach"},"previousItem":{"@type":"ListItem","@id":"https:\/\/atlantikas.com\/palm-beach-costa-del-tesoro#listItem","name":"Home"}},{"@type":"ListItem","@id":"https:\/\/atlantikas.com\/palm-beach-costa-del-tesoro\/categoria\/noticias-locales\/condado-palm-beach\/#listItem","position":3,"name":"Condado Palm Beach","item":"https:\/\/atlantikas.com\/palm-beach-costa-del-tesoro\/categoria\/noticias-locales\/condado-palm-beach\/","nextItem":{"@type":"ListItem","@id":"https:\/\/atlantikas.com\/palm-beach-costa-del-tesoro\/que-esta-abierto-y-que-cerrado-en-el-dia-de-los-caidos\/#listItem","name":"\u00bfQu\u00e9 est\u00e1 abierto y qu\u00e9 cerrado en el D\u00eda de los Ca\u00eddos?"},"previousItem":{"@type":"ListItem","@id":"https:\/\/atlantikas.com\/palm-beach-costa-del-tesoro\/categoria\/noticias-locales\/#listItem","name":"Noticias Locales"}},{"@type":"ListItem","@id":"https:\/\/atlantikas.com\/palm-beach-costa-del-tesoro\/que-esta-abierto-y-que-cerrado-en-el-dia-de-los-caidos\/#listItem","position":4,"name":"\u00bfQu\u00e9 est\u00e1 abierto y qu\u00e9 cerrado en el D\u00eda de los Ca\u00eddos?","previousItem":{"@type":"ListItem","@id":"https:\/\/atlantikas.com\/palm-beach-costa-del-tesoro\/categoria\/noticias-locales\/condado-palm-beach\/#listItem","name":"Condado Palm Beach"}}]},{"@type":"Organization","@id":"https:\/\/atlantikas.com\/palm-beach-costa-del-tesoro\/#organization","name":"Atl\u00e1ntikas Noticias en Espa\u00f1ol Condados Palm Beach y la Costa del Tesoro","description":"Noticias en Espa\u00f1ol | Condados Palm Beach y la Costa del Tesoro","url":"https:\/\/atlantikas.com\/palm-beach-costa-del-tesoro\/","email":"info@atlantikas.com","telephone":"+15613049509","foundingDate":"2023-08-26","logo":{"@type":"ImageObject","url":"https:\/\/atlantikas.com\/palm-beach-costa-del-tesoro\/wp-content\/uploads\/sites\/2\/2023\/06\/Atlantikas-Palm-Beach-Costa-del-Tesoro-Logo-Web-1.png","@id":"https:\/\/atlantikas.com\/palm-beach-costa-del-tesoro\/que-esta-abierto-y-que-cerrado-en-el-dia-de-los-caidos\/#organizationLogo","width":1000,"height":375},"image":{"@id":"https:\/\/atlantikas.com\/palm-beach-costa-del-tesoro\/que-esta-abierto-y-que-cerrado-en-el-dia-de-los-caidos\/#organizationLogo"},"sameAs":["https:\/\/www.facebook.com\/NoticiasAtlantikas\/","https:\/\/twitter.com\/atlantikasnoti","https:\/\/www.instagram.com\/noticiasatlantikas\/","https:\/\/www.youtube.com\/@Atlantikas-vn9dw\/channels","https:\/\/www.linkedin.com\/company\/atlantikas\/"]},{"@type":"Person","@id":"https:\/\/atlantikas.com\/palm-beach-costa-del-tesoro\/author\/mirtaluacesreportera\/#author","url":"https:\/\/atlantikas.com\/palm-beach-costa-del-tesoro\/author\/mirtaluacesreportera\/","name":"Mirta Luaces","image":{"@type":"ImageObject","@id":"https:\/\/atlantikas.com\/palm-beach-costa-del-tesoro\/que-esta-abierto-y-que-cerrado-en-el-dia-de-los-caidos\/#authorImage","url":"https:\/\/atlantikas.com\/palm-beach-costa-del-tesoro\/wp-content\/uploads\/sites\/2\/2023\/11\/Mirta-Luaces-Atlantikas-Reporter-web-150x150.png","width":96,"height":96,"caption":"Mirta Luaces"},"sameAs":["|","mailto:mluaces@atlantikas.com","|"]},{"@type":"WebPage","@id":"https:\/\/atlantikas.com\/palm-beach-costa-del-tesoro\/que-esta-abierto-y-que-cerrado-en-el-dia-de-los-caidos\/#webpage","url":"https:\/\/atlantikas.com\/palm-beach-costa-del-tesoro\/que-esta-abierto-y-que-cerrado-en-el-dia-de-los-caidos\/","name":"\u00bfQu\u00e9 est\u00e1 abierto y qu\u00e9 cerrado en el D\u00eda de los Ca\u00eddos? - Atl\u00e1ntikas Noticias en Espa\u00f1ol Condados Palm Beach y la Costa del Tesoro","description":"El 30 de mayo era el d\u00eda se\u00f1alado para la conmemoraci\u00f3n y recordatorios de los ca\u00eddos estadounidense que lucharon por mantener la libertad democracia, pero en 1971 el Congreso acord\u00f3 que esa conmemoraci\u00f3n se hicieron el \u00faltimo lunes del mes de mayo. Aqu\u00ed ofrecemos una lista de lo que estar\u00e1 abierto y cerrado en el","inLanguage":"es-ES","isPartOf":{"@id":"https:\/\/atlantikas.com\/palm-beach-costa-del-tesoro\/#website"},"breadcrumb":{"@id":"https:\/\/atlantikas.com\/palm-beach-costa-del-tesoro\/que-esta-abierto-y-que-cerrado-en-el-dia-de-los-caidos\/#breadcrumblist"},"author":{"@id":"https:\/\/atlantikas.com\/palm-beach-costa-del-tesoro\/author\/mirtaluacesreportera\/#author"},"creator":{"@id":"https:\/\/atlantikas.com\/palm-beach-costa-del-tesoro\/author\/mirtaluacesreportera\/#author"},"image":{"@type":"ImageObject","url":"https:\/\/atlantikas.com\/palm-beach-costa-del-tesoro\/wp-content\/uploads\/sites\/2\/2024\/05\/41lidNv9p9L._AC_UF8941000_QL80_.jpg","@id":"https:\/\/atlantikas.com\/palm-beach-costa-del-tesoro\/que-esta-abierto-y-que-cerrado-en-el-dia-de-los-caidos\/#mainImage","width":475,"height":640},"primaryImageOfPage":{"@id":"https:\/\/atlantikas.com\/palm-beach-costa-del-tesoro\/que-esta-abierto-y-que-cerrado-en-el-dia-de-los-caidos\/#mainImage"},"datePublished":"2024-05-26T12:24:03-04:00","dateModified":"2024-05-26T12:24:03-04:00"},{"@type":"WebSite","@id":"https:\/\/atlantikas.com\/palm-beach-costa-del-tesoro\/#website","url":"https:\/\/atlantikas.com\/palm-beach-costa-del-tesoro\/","name":"Atl\u00e1ntikas Noticias en Espa\u00f1ol Condados Palm Beach y la Costa del Tesoro","alternateName":"Atlantikas News","description":"Noticias en Espa\u00f1ol | Condados Palm Beach y la Costa del Tesoro","inLanguage":"es-ES","publisher":{"@id":"https:\/\/atlantikas.com\/palm-beach-costa-del-tesoro\/#organization"}}]},"og:locale":"es_ES","og:site_name":"Atl\u00e1ntikas Noticias en Espa\u00f1ol Condados Palm Beach y la Costa del Tesoro - Noticias en Espa\u00f1ol | Condados Palm Beach y la Costa del Tesoro","og:type":"article","og:title":"\u00bfQu\u00e9 est\u00e1 abierto y qu\u00e9 cerrado en el D\u00eda de los Ca\u00eddos? - Atl\u00e1ntikas Noticias en Espa\u00f1ol Condados Palm Beach y la Costa del Tesoro","og:description":"El 30 de mayo era el d\u00eda se\u00f1alado para la conmemoraci\u00f3n y recordatorios de los ca\u00eddos estadounidense que lucharon por mantener la libertad democracia, pero en 1971 el Congreso acord\u00f3 que esa conmemoraci\u00f3n se hicieron el \u00faltimo lunes del mes de mayo. Aqu\u00ed ofrecemos una lista de lo que estar\u00e1 abierto y cerrado en el","og:url":"https:\/\/atlantikas.com\/palm-beach-costa-del-tesoro\/que-esta-abierto-y-que-cerrado-en-el-dia-de-los-caidos\/","og:image":"https:\/\/atlantikas.com\/palm-beach-costa-del-tesoro\/wp-content\/uploads\/sites\/2\/2024\/05\/41lidNv9p9L._AC_UF8941000_QL80_.jpg","og:image:secure_url":"https:\/\/atlantikas.com\/palm-beach-costa-del-tesoro\/wp-content\/uploads\/sites\/2\/2024\/05\/41lidNv9p9L._AC_UF8941000_QL80_.jpg","og:image:width":475,"og:image:height":640,"article:published_time":"2024-05-26T16:24:03+00:00","article:modified_time":"2024-05-26T16:24:03+00:00","article:publisher":"https:\/\/www.facebook.com\/NoticiasAtlantikas\/","twitter:card":"summary_large_image","twitter:site":"@atlantikasnoti","twitter:title":"\u00bfQu\u00e9 est\u00e1 abierto y qu\u00e9 cerrado en el D\u00eda de los Ca\u00eddos? - Atl\u00e1ntikas Noticias en Espa\u00f1ol Condados Palm Beach y la Costa del Tesoro","twitter:description":"El 30 de mayo era el d\u00eda se\u00f1alado para la conmemoraci\u00f3n y recordatorios de los ca\u00eddos estadounidense que lucharon por mantener la libertad democracia, pero en 1971 el Congreso acord\u00f3 que esa conmemoraci\u00f3n se hicieron el \u00faltimo lunes del mes de mayo. Aqu\u00ed ofrecemos una lista de lo que estar\u00e1 abierto y cerrado en el","twitter:creator":"@atlantikasnoti","twitter:image":"https:\/\/atlantikas.com\/palm-beach-costa-del-tesoro\/wp-content\/uploads\/sites\/2\/2024\/05\/41lidNv9p9L._AC_UF8941000_QL80_.jpg"},"aioseo_meta_data":{"post_id":"5397","title":null,"description":null,"keywords":null,"keyphrases":{"focus":{"keyphrase":"","score":0,"analysis":{"keyphraseInTitle":{"score":0,"maxScore":9,"error":1}}},"additional":[]},"primary_term":null,"canonical_url":null,"og_title":null,"og_description":null,"og_object_type":"default","og_image_type":"default","og_image_url":null,"og_image_width":null,"og_image_height":null,"og_image_custom_url":null,"og_image_custom_fields":null,"og_video":"","og_custom_url":null,"og_article_section":null,"og_article_tags":null,"twitter_use_og":false,"twitter_card":"default","twitter_image_type":"default","twitter_image_url":null,"twitter_image_custom_url":null,"twitter_image_custom_fields":null,"twitter_title":null,"twitter_description":null,"schema":{"blockGraphs":[],"customGraphs":[],"default":{"data":{"Article":[],"Course":[],"Dataset":[],"FAQPage":[],"Movie":[],"Person":[],"Product":[],"ProductReview":[],"Car":[],"Recipe":[],"Service":[],"SoftwareApplication":[],"WebPage":[]},"graphName":"BlogPosting","isEnabled":true},"graphs":[]},"schema_type":"default","schema_type_options":null,"pillar_content":false,"robots_default":true,"robots_noindex":false,"robots_noarchive":false,"robots_nosnippet":false,"robots_nofollow":false,"robots_noimageindex":false,"robots_noodp":false,"robots_notranslate":false,"robots_max_snippet":"-1","robots_max_videopreview":"-1","robots_max_imagepreview":"large","priority":null,"frequency":"default","local_seo":null,"breadcrumb_settings":null,"limit_modified_date":false,"ai":null,"created":"2024-05-26 16:24:09","updated":"2025-06-04 22:55:02","seo_analyzer_scan_date":null,"focus_keyword":null,"additional_keywords":null,"truseo_locale":null},"aioseo_breadcrumb":"<div class=\"aioseo-breadcrumbs\"><span class=\"aioseo-breadcrumb\">\n\t\t\t<a href=\"https:\/\/atlantikas.com\/palm-beach-costa-del-tesoro\" title=\"Home\">Home<\/a>\n\t\t<\/span><span class=\"aioseo-breadcrumb-separator\">&raquo;<\/span><span class=\"aioseo-breadcrumb\">\n\t\t\t<a href=\"https:\/\/atlantikas.com\/palm-beach-costa-del-tesoro\/categoria\/noticias-locales\/\" title=\"Noticias Locales\">Noticias Locales<\/a>\n\t\t<\/span><span class=\"aioseo-breadcrumb-separator\">&raquo;<\/span><span class=\"aioseo-breadcrumb\">\n\t\t\t<a href=\"https:\/\/atlantikas.com\/palm-beach-costa-del-tesoro\/categoria\/noticias-locales\/condado-palm-beach\/\" title=\"Condado Palm Beach\">Condado Palm Beach<\/a>\n\t\t<\/span><span class=\"aioseo-breadcrumb-separator\">&raquo;<\/span><span class=\"aioseo-breadcrumb\">\n\t\t\t\u00bfQu\u00e9 est\u00e1 abierto y qu\u00e9 cerrado en el D\u00eda de los Ca\u00eddos?\n\t\t<\/span><\/div>","aioseo_breadcrumb_json":[{"label":"Home","link":"https:\/\/atlantikas.com\/palm-beach-costa-del-tesoro"},{"label":"Noticias Locales","link":"https:\/\/atlantikas.com\/palm-beach-costa-del-tesoro\/categoria\/noticias-locales\/"},{"label":"Condado Palm Beach","link":"https:\/\/atlantikas.com\/palm-beach-costa-del-tesoro\/categoria\/noticias-locales\/condado-palm-beach\/"},{"label":"\u00bfQu\u00e9 est\u00e1 abierto y qu\u00e9 cerrado en el D\u00eda de los Ca\u00eddos?","link":"https:\/\/atlantikas.com\/palm-beach-costa-del-tesoro\/que-esta-abierto-y-que-cerrado-en-el-dia-de-los-caidos\/"}],"image_feature":"https:\/\/atlantikas.com\/palm-beach-costa-del-tesoro\/wp-content\/uploads\/sites\/2\/2024\/05\/41lidNv9p9L._AC_UF8941000_QL80_.jpg","author_name":"Mirta Luaces","pure_taxonomies":{"categories":[{"term_id":46,"name":"Condado Palm Beach","slug":"condado-palm-beach","term_group":0,"term_taxonomy_id":46,"taxonomy":"category","description":"","parent":31,"count":1668,"filter":"raw","image":""},{"term_id":31,"name":"Noticias Locales","slug":"noticias-locales","term_group":0,"term_taxonomy_id":31,"taxonomy":"category","description":"","parent":0,"count":2374,"filter":"raw","image":""}]},"jetpack_featured_media_url":"https:\/\/atlantikas.com\/palm-beach-costa-del-tesoro\/wp-content\/uploads\/sites\/2\/2024\/05\/41lidNv9p9L._AC_UF8941000_QL80_.jpg","jetpack_sharing_enabled":true,"jetpack-related-posts":[],"_links":{"self":[{"href":"https:\/\/atlantikas.com\/palm-beach-costa-del-tesoro\/wp-json\/wp\/v2\/posts\/5397","targetHints":{"allow":["GET"]}}],"collection":[{"href":"https:\/\/atlantikas.com\/palm-beach-costa-del-tesoro\/wp-json\/wp\/v2\/posts"}],"about":[{"href":"https:\/\/atlantikas.com\/palm-beach-costa-del-tesoro\/wp-json\/wp\/v2\/types\/post"}],"author":[{"embeddable":true,"href":"https:\/\/atlantikas.com\/palm-beach-costa-del-tesoro\/wp-json\/wp\/v2\/users\/4"}],"replies":[{"embeddable":true,"href":"https:\/\/atlantikas.com\/palm-beach-costa-del-tesoro\/wp-json\/wp\/v2\/comments?post=5397"}],"version-history":[{"count":1,"href":"https:\/\/atlantikas.com\/palm-beach-costa-del-tesoro\/wp-json\/wp\/v2\/posts\/5397\/revisions"}],"predecessor-version":[{"id":5399,"href":"https:\/\/atlantikas.com\/palm-beach-costa-del-tesoro\/wp-json\/wp\/v2\/posts\/5397\/revisions\/5399"}],"wp:featuredmedia":[{"embeddable":true,"href":"https:\/\/atlantikas.com\/palm-beach-costa-del-tesoro\/wp-json\/wp\/v2\/media\/5398"}],"wp:attachment":[{"href":"https:\/\/atlantikas.com\/palm-beach-costa-del-tesoro\/wp-json\/wp\/v2\/media?parent=5397"}],"wp:term":[{"taxonomy":"category","embeddable":true,"href":"https:\/\/atlantikas.com\/palm-beach-costa-del-tesoro\/wp-json\/wp\/v2\/categories?post=5397"},{"taxonomy":"post_tag","embeddable":true,"href":"https:\/\/atlantikas.com\/palm-beach-costa-del-tesoro\/wp-json\/wp\/v2\/tags?post=5397"},{"taxonomy":"author","embeddable":true,"href":"https:\/\/atlantikas.com\/palm-beach-costa-del-tesoro\/wp-json\/wp\/v2\/coauthors?post=5397"}],"curies":[{"name":"wp","href":"https:\/\/api.w.org\/{rel}","templated":true}]}}