{"id":5220,"date":"2024-05-10T08:18:19","date_gmt":"2024-05-10T12:18:19","guid":{"rendered":"https:\/\/atlantikas.com\/palm-beach-costa-del-tesoro\/?p=5220"},"modified":"2024-05-10T08:18:19","modified_gmt":"2024-05-10T12:18:19","slug":"la-celebracion-del-dia-de-las-madres-y-su-origen","status":"publish","type":"post","link":"https:\/\/atlantikas.com\/palm-beach-costa-del-tesoro\/la-celebracion-del-dia-de-las-madres-y-su-origen\/","title":{"rendered":"La celebraci\u00f3n del D\u00eda de las madres y su origen"},"content":{"rendered":"<div class=\"mdp-speaker-wrapper\">\n            \n            \n            \n            \n            <div class=\"mdp-speaker-box mdp-speaker-box before-content speaker-wavesurfer\">\n                <div class=\"mdp-speaker-player\"  data-title=\"La celebraci\u00f3n del D\u00eda de las madres y su origen\" data-author=\"4\" data-thumbnail=\"https:\/\/atlantikas.com\/palm-beach-costa-del-tesoro\/wp-content\/uploads\/sites\/2\/2024\/05\/htvieQ4W-scaled.jpeg\" data-type=\"speaker-wavesurfer\" data-id=\"5220\" data-src=\"https:\/\/atlantikas.com\/palm-beach-costa-del-tesoro\/wp-content\/uploads\/sites\/2\/speaker\/post-5220.mp3?cb=1715343509.mp3\" data-download=\"1\" data-speeds=\"0.5,0.75,1,1.25,1.5\" data-share=\"\" >\n                    <div class=\"mdp-speaker-wavesurfer-player mdp-speaker-wavesurfer-placeholder\"><\/div>\n                <\/div>\n            <\/div>\n            \n            \n            \n            \n\t\t\t<\/div><p>El domingo se celebra el D\u00eda de las Madres, fecha escogida en el calendario, para, seg\u00fan la tradici\u00f3n rendirle honor, a las madres.<\/p>\n<p>La celebraci\u00f3n en nuestros tiempos modernos en Estados Unidos, se remonta al 1870, cuando Julia Ward Howe, escribi\u00f3 una proclama dedicada a las madres, la iniciativa fue tomando auge y en muchos pa\u00edses tambi\u00e9n se celebra ese d\u00eda.<\/p>\n<p>A\u00f1os m\u00e1s tarde el movimiento a favor de una fecha para reconocer el esfuerzo y amor de las madres fue cobrando fuerza hasta que en 1907 Ana Jervis, quiso honrar la memoria de su madre, quien hab\u00eda fallecido dos a\u00f1os antes, seleccionando un d\u00eda, para recordar la memoria de su madre, despu\u00e9s de esa fecha, se organiz\u00f3 una campa\u00f1a, para designar un d\u00eda en especial para rendirle homenaje\u00a0 a todas las madres del pa\u00eds.<\/p>\n<p>Finalmente, el presidente Woodrow Wilson, en 1914, decret\u00f3 que el segundo domingo de mayo, para conmemorar el D\u00eda de las Madres, a la iniciativa de Wilson,\u00a0 se le fueron sumando m\u00e1s pa\u00edses y hoy se celebra el D\u00eda de las Madres, aunque en distintas fechas, en m\u00e1s de 50 pa\u00edses.<\/p>\n<p>Sin embargo, el origen de dedicar un d\u00eda a las madres, se remonta a la antigua Grecia, donde se rend\u00eda honor a Rea, la madre de los dioses Zeus, Poseid\u00f3n y Hades.<\/p>\n<p>La costumbre pas\u00f3 m\u00e1s tarde al imperio romano, con la celebraci\u00f3n de Hilaria, con el advenimiento del cristianismo, la celebraci\u00f3n se transform\u00f3 en un homenaje a la madre de Jes\u00fas.<\/p>\n<p>En Inglaterra, en el siglo XVII, tambi\u00e9n existi\u00f3 este tipo de celebraci\u00f3n, llamado Domingo de las Madres.<\/p>\n<p>Aunque el D\u00eda de las Madres, ha sufrido transformaciones a trav\u00e9s de la historia, lo cierto es que no se necesita un d\u00eda en espec\u00edfico o una fecha determinada para rendir homenaje a las madres.<\/p>\n<p>Se es madre todo el a\u00f1o, y todos los d\u00edas de nuestra vida, un hijo nunca deja de ser peque\u00f1o para las madres que siempre los ven con los ojos del coraz\u00f3n.<\/p>\n<p>Pero en estos tiempos modernos de estr\u00e9s, tecnolog\u00eda, y vivir a prisa, no son todos los hijos que se ocupan de llamar, visitar o compartir con su madre durante todo el a\u00f1o. Tal vez les sea necesario un d\u00eda en especial.<\/p>\n<p>El domingo, habr\u00e1 madres en asilos de ancianos, que esperen con ansia la visita del hijo que no llega por estar muy ocupado, o las madres que con los brazos vac\u00edos lloran la p\u00e9rdida prematura de un hijo.<\/p>\n<p>Feliz aquel hijo, que el domingo y durante todo el a\u00f1o,\u00a0 pueda decirle a su madre, te quiero mucho mam\u00e1.<\/p>\n<p>&nbsp;<\/p>\n<p>&nbsp;<\/p>\n<p>Mirta Luaces<\/p>\n<p>&nbsp;<\/p>\n","protected":false},"excerpt":{"rendered":"<p>El domingo se celebra el D\u00eda de las Madres, fecha escogida en el calendario, para, seg\u00fan la tradici\u00f3n rendirle honor, a las madres. La celebraci\u00f3n en nuestros tiempos modernos en Estados Unidos, se remonta al 1870, cuando Julia Ward Howe, escribi\u00f3 una proclama dedicada a las madres, la iniciativa fue tomando auge y en muchos &hellip;<\/p>\n","protected":false},"author":4,"featured_media":5221,"comment_status":"open","ping_status":"open","sticky":false,"template":"","format":"standard","meta":{"om_disable_all_campaigns":false,"_monsterinsights_skip_tracking":false,"_monsterinsights_sitenote_active":false,"_monsterinsights_sitenote_note":"","_monsterinsights_sitenote_category":0,"jetpack_post_was_ever_published":false,"_jetpack_newsletter_access":"","_jetpack_dont_email_post_to_subs":false,"_jetpack_newsletter_tier_id":0,"_jetpack_memberships_contains_paywalled_content":false,"_jetpack_memberships_contains_paid_content":false,"footnotes":""},"categories":[259],"tags":[],"coauthors":[42],"class_list":["post-5220","post","type-post","status-publish","format-standard","has-post-thumbnail","hentry","category-editorial"],"aioseo_notices":[],"image_feature":"https:\/\/atlantikas.com\/palm-beach-costa-del-tesoro\/wp-content\/uploads\/sites\/2\/2024\/05\/htvieQ4W-scaled.jpeg","author_name":"Mirta Luaces","jetpack_featured_media_url":"https:\/\/atlantikas.com\/palm-beach-costa-del-tesoro\/wp-content\/uploads\/sites\/2\/2024\/05\/htvieQ4W-scaled.jpeg","jetpack_sharing_enabled":true,"jetpack-related-posts":[],"_links":{"self":[{"href":"https:\/\/atlantikas.com\/palm-beach-costa-del-tesoro\/wp-json\/wp\/v2\/posts\/5220","targetHints":{"allow":["GET"]}}],"collection":[{"href":"https:\/\/atlantikas.com\/palm-beach-costa-del-tesoro\/wp-json\/wp\/v2\/posts"}],"about":[{"href":"https:\/\/atlantikas.com\/palm-beach-costa-del-tesoro\/wp-json\/wp\/v2\/types\/post"}],"author":[{"embeddable":true,"href":"https:\/\/atlantikas.com\/palm-beach-costa-del-tesoro\/wp-json\/wp\/v2\/users\/4"}],"replies":[{"embeddable":true,"href":"https:\/\/atlantikas.com\/palm-beach-costa-del-tesoro\/wp-json\/wp\/v2\/comments?post=5220"}],"version-history":[{"count":1,"href":"https:\/\/atlantikas.com\/palm-beach-costa-del-tesoro\/wp-json\/wp\/v2\/posts\/5220\/revisions"}],"predecessor-version":[{"id":5222,"href":"https:\/\/atlantikas.com\/palm-beach-costa-del-tesoro\/wp-json\/wp\/v2\/posts\/5220\/revisions\/5222"}],"wp:featuredmedia":[{"embeddable":true,"href":"https:\/\/atlantikas.com\/palm-beach-costa-del-tesoro\/wp-json\/wp\/v2\/media\/5221"}],"wp:attachment":[{"href":"https:\/\/atlantikas.com\/palm-beach-costa-del-tesoro\/wp-json\/wp\/v2\/media?parent=5220"}],"wp:term":[{"taxonomy":"category","embeddable":true,"href":"https:\/\/atlantikas.com\/palm-beach-costa-del-tesoro\/wp-json\/wp\/v2\/categories?post=5220"},{"taxonomy":"post_tag","embeddable":true,"href":"https:\/\/atlantikas.com\/palm-beach-costa-del-tesoro\/wp-json\/wp\/v2\/tags?post=5220"},{"taxonomy":"author","embeddable":true,"href":"https:\/\/atlantikas.com\/palm-beach-costa-del-tesoro\/wp-json\/wp\/v2\/coauthors?post=5220"}],"curies":[{"name":"wp","href":"https:\/\/api.w.org\/{rel}","templated":true}]}}