{"id":4603,"date":"2024-03-10T08:52:46","date_gmt":"2024-03-10T13:52:46","guid":{"rendered":"https:\/\/atlantikas.com\/palm-beach-costa-del-tesoro\/?p=4603"},"modified":"2024-03-10T10:56:09","modified_gmt":"2024-03-10T15:56:09","slug":"llega-el-horario-de-verano-el-domingo","status":"publish","type":"post","link":"https:\/\/atlantikas.com\/palm-beach-costa-del-tesoro\/llega-el-horario-de-verano-el-domingo\/","title":{"rendered":"Lleg\u00f3 el horario de verano"},"content":{"rendered":"<div class=\"mdp-speaker-wrapper\">\n            \n            \n            \n            \n            <div class=\"mdp-speaker-box mdp-speaker-box before-content speaker-wavesurfer\">\n                <div class=\"mdp-speaker-player\"  data-title=\"Lleg\u00f3 el horario de verano\" data-author=\"4\" data-thumbnail=\"https:\/\/atlantikas.com\/palm-beach-costa-del-tesoro\/wp-content\/uploads\/sites\/2\/2024\/03\/reloj.jpeg\" data-type=\"speaker-wavesurfer\" data-id=\"4603\" data-src=\"https:\/\/atlantikas.com\/palm-beach-costa-del-tesoro\/wp-content\/uploads\/sites\/2\/speaker\/post-4603.mp3?cb=1710086173.mp3\" data-download=\"1\" data-speeds=\"0.5,0.75,1,1.25,1.5\" data-share=\"\" >\n                    <div class=\"mdp-speaker-wavesurfer-player mdp-speaker-wavesurfer-placeholder\"><\/div>\n                <\/div>\n            <\/div>\n            \n            \n            \n            \n\t\t\t<\/div><p>WEST PALM BEACH, FL \u2014La ciudad de West Palm Beach insta a los residentes a adelantar el reloj, el domingo 10 de marzo a las 2 a. m.<\/p>\n<p>Adem\u00e1s de ajustar el reloj, tambi\u00e9n, cambie las bater\u00edas de los detectores de humo y mon\u00f3xido de carbono.<\/p>\n<p>\u00abEl horario de verano no solo marca un cambio en nuestros relojes, sino que tambi\u00e9n sirve como un recordatorio oportuno para priorizar la seguridad en nuestros hogares\u00bb, dijo el alcalde Keith A. James.<\/p>\n<p>\u00abAlentamos a todos los residentes a que se tomen unos minutos para revisar sus detectores de humo y CO\u2082, asegur\u00e1ndose de que est\u00e9n en buenas condiciones de funcionamiento. Es un paso simple pero vital para proteger a nuestras familias y comunidades\u00bb.<\/p>\n<p>Los detectores de humo y CO\u2082 desempe\u00f1an un papel fundamental en la detecci\u00f3n temprana y la advertencia de posibles peligros relacionados con incendios o gases.<\/p>\n<p>El mantenimiento regular y el reemplazo de la bater\u00eda son esenciales para garantizar que estos dispositivos funcionen de manera efectiva en caso de una emergencia.<\/p>\n<p>La ciudad de West Palm Beach enfatiza la importancia de la seguridad contra incendios e insta a los residentes a tomar medidas proactivas para salvaguardar sus hogares y a sus seres queridos. Al incorporar la simple tarea de verificar los detectores de humo y CO\u2082 en su rutina de horario de verano, contribuye a una comunidad m\u00e1s segura para todos.<\/p>\n","protected":false},"excerpt":{"rendered":"<p>WEST PALM BEACH, FL \u2014La ciudad de West Palm Beach insta a los residentes a adelantar el reloj, el domingo 10 de marzo a las 2 a. m. Adem\u00e1s de ajustar el reloj, tambi\u00e9n, cambie las bater\u00edas de los detectores de humo y mon\u00f3xido de carbono. \u00abEl horario de verano no solo marca un cambio &hellip;<\/p>\n","protected":false},"author":4,"featured_media":4604,"comment_status":"open","ping_status":"open","sticky":false,"template":"","format":"standard","meta":{"om_disable_all_campaigns":false,"_monsterinsights_skip_tracking":false,"_jetpack_newsletter_access":"","_jetpack_dont_email_post_to_subs":false,"_jetpack_newsletter_tier_id":0,"_jetpack_memberships_contains_paywalled_content":false,"_jetpack_feature_clip_id":0,"_jetpack_memberships_contains_paid_content":false,"footnotes":"","jetpack_post_was_ever_published":false},"categories":[46,31,58,66],"tags":[],"coauthors":[42],"class_list":["post-4603","post","type-post","status-publish","format-standard","has-post-thumbnail","hentry","category-condado-palm-beach","category-noticias-locales","category-palm-beach-central","category-west-palm-beach"],"aioseo_notices":[],"aioseo_head":"\n\t\t<!-- All in One SEO 5.0.0.1 - aioseo.com -->\n\t<meta name=\"description\" content=\"WEST PALM BEACH, FL \u2014La ciudad de West Palm Beach insta a los residentes a adelantar el reloj, el domingo 10 de marzo a las 2 a. m. Adem\u00e1s de ajustar el reloj, tambi\u00e9n, cambie las bater\u00edas de los detectores de humo y mon\u00f3xido de carbono. &quot;El horario de verano no solo marca un cambio\" \/>\n\t<meta name=\"robots\" content=\"max-image-preview:large\" \/>\n\t<meta name=\"author\" content=\"Mirta Luaces\"\/>\n\t<link rel=\"canonical\" href=\"https:\/\/atlantikas.com\/palm-beach-costa-del-tesoro\/llega-el-horario-de-verano-el-domingo\/\" \/>\n\t<meta name=\"generator\" content=\"All in One SEO (AIOSEO) 5.0.0.1\" \/>\n\t\t<meta property=\"og:locale\" content=\"es_ES\" \/>\n\t\t<meta property=\"og:site_name\" content=\"Atl\u00e1ntikas Noticias en Espa\u00f1ol Condados Palm Beach y la Costa del Tesoro - Noticias en Espa\u00f1ol | Condados Palm Beach y la Costa del Tesoro\" \/>\n\t\t<meta property=\"og:type\" content=\"article\" \/>\n\t\t<meta property=\"og:title\" content=\"Lleg\u00f3 el horario de verano - Atl\u00e1ntikas Noticias en Espa\u00f1ol Condados Palm Beach y la Costa del Tesoro\" \/>\n\t\t<meta property=\"og:description\" content=\"WEST PALM BEACH, FL \u2014La ciudad de West Palm Beach insta a los residentes a adelantar el reloj, el domingo 10 de marzo a las 2 a. m. Adem\u00e1s de ajustar el reloj, tambi\u00e9n, cambie las bater\u00edas de los detectores de humo y mon\u00f3xido de carbono. &quot;El horario de verano no solo marca un cambio\" \/>\n\t\t<meta property=\"og:url\" content=\"https:\/\/atlantikas.com\/palm-beach-costa-del-tesoro\/llega-el-horario-de-verano-el-domingo\/\" \/>\n\t\t<meta property=\"og:image\" content=\"https:\/\/atlantikas.com\/palm-beach-costa-del-tesoro\/wp-content\/uploads\/sites\/2\/2024\/03\/reloj.jpeg\" \/>\n\t\t<meta property=\"og:image:secure_url\" content=\"https:\/\/atlantikas.com\/palm-beach-costa-del-tesoro\/wp-content\/uploads\/sites\/2\/2024\/03\/reloj.jpeg\" \/>\n\t\t<meta property=\"og:image:width\" content=\"640\" \/>\n\t\t<meta property=\"og:image:height\" content=\"399\" \/>\n\t\t<meta property=\"article:published_time\" content=\"2024-03-10T13:52:46+00:00\" \/>\n\t\t<meta property=\"article:modified_time\" content=\"2024-03-10T15:56:09+00:00\" \/>\n\t\t<meta property=\"article:publisher\" content=\"https:\/\/www.facebook.com\/NoticiasAtlantikas\/\" \/>\n\t\t<meta name=\"twitter:card\" content=\"summary_large_image\" \/>\n\t\t<meta name=\"twitter:site\" content=\"@atlantikasnoti\" \/>\n\t\t<meta name=\"twitter:title\" content=\"Lleg\u00f3 el horario de verano - Atl\u00e1ntikas Noticias en Espa\u00f1ol Condados Palm Beach y la Costa del Tesoro\" \/>\n\t\t<meta name=\"twitter:description\" content=\"WEST PALM BEACH, FL \u2014La ciudad de West Palm Beach insta a los residentes a adelantar el reloj, el domingo 10 de marzo a las 2 a. m. Adem\u00e1s de ajustar el reloj, tambi\u00e9n, cambie las bater\u00edas de los detectores de humo y mon\u00f3xido de carbono. &quot;El horario de verano no solo marca un cambio\" \/>\n\t\t<meta name=\"twitter:creator\" content=\"@atlantikasnoti\" \/>\n\t\t<meta name=\"twitter:image\" content=\"https:\/\/atlantikas.com\/palm-beach-costa-del-tesoro\/wp-content\/uploads\/sites\/2\/2024\/03\/reloj.jpeg\" \/>\n\t\t<script type=\"application\/ld+json\" class=\"aioseo-schema\">\n\t\t\t{\"@context\":\"https:\\\/\\\/schema.org\",\"@graph\":[{\"@type\":\"BlogPosting\",\"@id\":\"https:\\\/\\\/atlantikas.com\\\/palm-beach-costa-del-tesoro\\\/llega-el-horario-de-verano-el-domingo\\\/#blogposting\",\"name\":\"Lleg\\u00f3 el horario de verano - Atl\\u00e1ntikas Noticias en Espa\\u00f1ol Condados Palm Beach y la Costa del Tesoro\",\"headline\":\"Lleg\\u00f3 el horario de verano\",\"author\":{\"@id\":\"https:\\\/\\\/atlantikas.com\\\/palm-beach-costa-del-tesoro\\\/author\\\/mirtaluacesreportera\\\/#author\"},\"publisher\":{\"@id\":\"https:\\\/\\\/atlantikas.com\\\/palm-beach-costa-del-tesoro\\\/#organization\"},\"image\":{\"@type\":\"ImageObject\",\"url\":\"https:\\\/\\\/atlantikas.com\\\/palm-beach-costa-del-tesoro\\\/wp-content\\\/uploads\\\/sites\\\/2\\\/2024\\\/03\\\/reloj.jpeg\",\"width\":640,\"height\":399},\"datePublished\":\"2024-03-10T08:52:46-04:00\",\"dateModified\":\"2024-03-10T10:56:09-04:00\",\"inLanguage\":\"es-ES\",\"mainEntityOfPage\":{\"@id\":\"https:\\\/\\\/atlantikas.com\\\/palm-beach-costa-del-tesoro\\\/llega-el-horario-de-verano-el-domingo\\\/#webpage\"},\"isPartOf\":{\"@id\":\"https:\\\/\\\/atlantikas.com\\\/palm-beach-costa-del-tesoro\\\/llega-el-horario-de-verano-el-domingo\\\/#webpage\"},\"articleSection\":\"Condado Palm Beach, Noticias Locales, Palm Beach Central, West Palm Beach, mirtaluacesreportera\"},{\"@type\":\"BreadcrumbList\",\"@id\":\"https:\\\/\\\/atlantikas.com\\\/palm-beach-costa-del-tesoro\\\/llega-el-horario-de-verano-el-domingo\\\/#breadcrumblist\",\"itemListElement\":[{\"@type\":\"ListItem\",\"@id\":\"https:\\\/\\\/atlantikas.com\\\/palm-beach-costa-del-tesoro#listItem\",\"position\":1,\"name\":\"Home\",\"item\":\"https:\\\/\\\/atlantikas.com\\\/palm-beach-costa-del-tesoro\",\"nextItem\":{\"@type\":\"ListItem\",\"@id\":\"https:\\\/\\\/atlantikas.com\\\/palm-beach-costa-del-tesoro\\\/categoria\\\/noticias-locales\\\/#listItem\",\"name\":\"Noticias Locales\"}},{\"@type\":\"ListItem\",\"@id\":\"https:\\\/\\\/atlantikas.com\\\/palm-beach-costa-del-tesoro\\\/categoria\\\/noticias-locales\\\/#listItem\",\"position\":2,\"name\":\"Noticias Locales\",\"item\":\"https:\\\/\\\/atlantikas.com\\\/palm-beach-costa-del-tesoro\\\/categoria\\\/noticias-locales\\\/\",\"nextItem\":{\"@type\":\"ListItem\",\"@id\":\"https:\\\/\\\/atlantikas.com\\\/palm-beach-costa-del-tesoro\\\/categoria\\\/noticias-locales\\\/condado-palm-beach\\\/#listItem\",\"name\":\"Condado Palm Beach\"},\"previousItem\":{\"@type\":\"ListItem\",\"@id\":\"https:\\\/\\\/atlantikas.com\\\/palm-beach-costa-del-tesoro#listItem\",\"name\":\"Home\"}},{\"@type\":\"ListItem\",\"@id\":\"https:\\\/\\\/atlantikas.com\\\/palm-beach-costa-del-tesoro\\\/categoria\\\/noticias-locales\\\/condado-palm-beach\\\/#listItem\",\"position\":3,\"name\":\"Condado Palm Beach\",\"item\":\"https:\\\/\\\/atlantikas.com\\\/palm-beach-costa-del-tesoro\\\/categoria\\\/noticias-locales\\\/condado-palm-beach\\\/\",\"nextItem\":{\"@type\":\"ListItem\",\"@id\":\"https:\\\/\\\/atlantikas.com\\\/palm-beach-costa-del-tesoro\\\/categoria\\\/noticias-locales\\\/condado-palm-beach\\\/palm-beach-central\\\/#listItem\",\"name\":\"Palm Beach Central\"},\"previousItem\":{\"@type\":\"ListItem\",\"@id\":\"https:\\\/\\\/atlantikas.com\\\/palm-beach-costa-del-tesoro\\\/categoria\\\/noticias-locales\\\/#listItem\",\"name\":\"Noticias Locales\"}},{\"@type\":\"ListItem\",\"@id\":\"https:\\\/\\\/atlantikas.com\\\/palm-beach-costa-del-tesoro\\\/categoria\\\/noticias-locales\\\/condado-palm-beach\\\/palm-beach-central\\\/#listItem\",\"position\":4,\"name\":\"Palm Beach Central\",\"item\":\"https:\\\/\\\/atlantikas.com\\\/palm-beach-costa-del-tesoro\\\/categoria\\\/noticias-locales\\\/condado-palm-beach\\\/palm-beach-central\\\/\",\"nextItem\":{\"@type\":\"ListItem\",\"@id\":\"https:\\\/\\\/atlantikas.com\\\/palm-beach-costa-del-tesoro\\\/categoria\\\/noticias-locales\\\/condado-palm-beach\\\/palm-beach-central\\\/west-palm-beach\\\/#listItem\",\"name\":\"West Palm Beach\"},\"previousItem\":{\"@type\":\"ListItem\",\"@id\":\"https:\\\/\\\/atlantikas.com\\\/palm-beach-costa-del-tesoro\\\/categoria\\\/noticias-locales\\\/condado-palm-beach\\\/#listItem\",\"name\":\"Condado Palm Beach\"}},{\"@type\":\"ListItem\",\"@id\":\"https:\\\/\\\/atlantikas.com\\\/palm-beach-costa-del-tesoro\\\/categoria\\\/noticias-locales\\\/condado-palm-beach\\\/palm-beach-central\\\/west-palm-beach\\\/#listItem\",\"position\":5,\"name\":\"West Palm Beach\",\"item\":\"https:\\\/\\\/atlantikas.com\\\/palm-beach-costa-del-tesoro\\\/categoria\\\/noticias-locales\\\/condado-palm-beach\\\/palm-beach-central\\\/west-palm-beach\\\/\",\"nextItem\":{\"@type\":\"ListItem\",\"@id\":\"https:\\\/\\\/atlantikas.com\\\/palm-beach-costa-del-tesoro\\\/llega-el-horario-de-verano-el-domingo\\\/#listItem\",\"name\":\"Lleg\\u00f3 el horario de verano\"},\"previousItem\":{\"@type\":\"ListItem\",\"@id\":\"https:\\\/\\\/atlantikas.com\\\/palm-beach-costa-del-tesoro\\\/categoria\\\/noticias-locales\\\/condado-palm-beach\\\/palm-beach-central\\\/#listItem\",\"name\":\"Palm Beach Central\"}},{\"@type\":\"ListItem\",\"@id\":\"https:\\\/\\\/atlantikas.com\\\/palm-beach-costa-del-tesoro\\\/llega-el-horario-de-verano-el-domingo\\\/#listItem\",\"position\":6,\"name\":\"Lleg\\u00f3 el horario de verano\",\"previousItem\":{\"@type\":\"ListItem\",\"@id\":\"https:\\\/\\\/atlantikas.com\\\/palm-beach-costa-del-tesoro\\\/categoria\\\/noticias-locales\\\/condado-palm-beach\\\/palm-beach-central\\\/west-palm-beach\\\/#listItem\",\"name\":\"West Palm Beach\"}}]},{\"@type\":\"Organization\",\"@id\":\"https:\\\/\\\/atlantikas.com\\\/palm-beach-costa-del-tesoro\\\/#organization\",\"name\":\"Atl\\u00e1ntikas Noticias en Espa\\u00f1ol Condados Palm Beach y la Costa del Tesoro\",\"description\":\"Noticias en Espa\\u00f1ol | Condados Palm Beach y la Costa del Tesoro\",\"url\":\"https:\\\/\\\/atlantikas.com\\\/palm-beach-costa-del-tesoro\\\/\",\"email\":\"info@atlantikas.com\",\"telephone\":\"+15613049509\",\"foundingDate\":\"2023-08-26\",\"logo\":{\"@type\":\"ImageObject\",\"url\":\"https:\\\/\\\/atlantikas.com\\\/palm-beach-costa-del-tesoro\\\/wp-content\\\/uploads\\\/sites\\\/2\\\/2023\\\/06\\\/Atlantikas-Palm-Beach-Costa-del-Tesoro-Logo-Web-1.png\",\"@id\":\"https:\\\/\\\/atlantikas.com\\\/palm-beach-costa-del-tesoro\\\/llega-el-horario-de-verano-el-domingo\\\/#organizationLogo\",\"width\":1000,\"height\":375},\"image\":{\"@id\":\"https:\\\/\\\/atlantikas.com\\\/palm-beach-costa-del-tesoro\\\/llega-el-horario-de-verano-el-domingo\\\/#organizationLogo\"},\"sameAs\":[\"https:\\\/\\\/www.facebook.com\\\/NoticiasAtlantikas\\\/\",\"https:\\\/\\\/twitter.com\\\/atlantikasnoti\",\"https:\\\/\\\/www.instagram.com\\\/noticiasatlantikas\\\/\",\"https:\\\/\\\/www.youtube.com\\\/@Atlantikas-vn9dw\\\/channels\",\"https:\\\/\\\/www.linkedin.com\\\/company\\\/atlantikas\\\/\"]},{\"@type\":\"Person\",\"@id\":\"https:\\\/\\\/atlantikas.com\\\/palm-beach-costa-del-tesoro\\\/author\\\/mirtaluacesreportera\\\/#author\",\"url\":\"https:\\\/\\\/atlantikas.com\\\/palm-beach-costa-del-tesoro\\\/author\\\/mirtaluacesreportera\\\/\",\"name\":\"Mirta Luaces\",\"image\":{\"@type\":\"ImageObject\",\"@id\":\"https:\\\/\\\/atlantikas.com\\\/palm-beach-costa-del-tesoro\\\/llega-el-horario-de-verano-el-domingo\\\/#authorImage\",\"url\":\"https:\\\/\\\/atlantikas.com\\\/palm-beach-costa-del-tesoro\\\/wp-content\\\/uploads\\\/sites\\\/2\\\/2023\\\/11\\\/Mirta-Luaces-Atlantikas-Reporter-web-150x150.png\",\"width\":96,\"height\":96,\"caption\":\"Mirta Luaces\"},\"sameAs\":[\"|\",\"mailto:mluaces@atlantikas.com\",\"|\"]},{\"@type\":\"WebPage\",\"@id\":\"https:\\\/\\\/atlantikas.com\\\/palm-beach-costa-del-tesoro\\\/llega-el-horario-de-verano-el-domingo\\\/#webpage\",\"url\":\"https:\\\/\\\/atlantikas.com\\\/palm-beach-costa-del-tesoro\\\/llega-el-horario-de-verano-el-domingo\\\/\",\"name\":\"Lleg\\u00f3 el horario de verano - Atl\\u00e1ntikas Noticias en Espa\\u00f1ol Condados Palm Beach y la Costa del Tesoro\",\"description\":\"WEST PALM BEACH, FL \\u2014La ciudad de West Palm Beach insta a los residentes a adelantar el reloj, el domingo 10 de marzo a las 2 a. m. Adem\\u00e1s de ajustar el reloj, tambi\\u00e9n, cambie las bater\\u00edas de los detectores de humo y mon\\u00f3xido de carbono. \\\"El horario de verano no solo marca un cambio\",\"inLanguage\":\"es-ES\",\"isPartOf\":{\"@id\":\"https:\\\/\\\/atlantikas.com\\\/palm-beach-costa-del-tesoro\\\/#website\"},\"breadcrumb\":{\"@id\":\"https:\\\/\\\/atlantikas.com\\\/palm-beach-costa-del-tesoro\\\/llega-el-horario-de-verano-el-domingo\\\/#breadcrumblist\"},\"author\":{\"@id\":\"https:\\\/\\\/atlantikas.com\\\/palm-beach-costa-del-tesoro\\\/author\\\/mirtaluacesreportera\\\/#author\"},\"creator\":{\"@id\":\"https:\\\/\\\/atlantikas.com\\\/palm-beach-costa-del-tesoro\\\/author\\\/mirtaluacesreportera\\\/#author\"},\"image\":{\"@type\":\"ImageObject\",\"url\":\"https:\\\/\\\/atlantikas.com\\\/palm-beach-costa-del-tesoro\\\/wp-content\\\/uploads\\\/sites\\\/2\\\/2024\\\/03\\\/reloj.jpeg\",\"@id\":\"https:\\\/\\\/atlantikas.com\\\/palm-beach-costa-del-tesoro\\\/llega-el-horario-de-verano-el-domingo\\\/#mainImage\",\"width\":640,\"height\":399},\"primaryImageOfPage\":{\"@id\":\"https:\\\/\\\/atlantikas.com\\\/palm-beach-costa-del-tesoro\\\/llega-el-horario-de-verano-el-domingo\\\/#mainImage\"},\"datePublished\":\"2024-03-10T08:52:46-04:00\",\"dateModified\":\"2024-03-10T10:56:09-04:00\"},{\"@type\":\"WebSite\",\"@id\":\"https:\\\/\\\/atlantikas.com\\\/palm-beach-costa-del-tesoro\\\/#website\",\"url\":\"https:\\\/\\\/atlantikas.com\\\/palm-beach-costa-del-tesoro\\\/\",\"name\":\"Atl\\u00e1ntikas Noticias en Espa\\u00f1ol Condados Palm Beach y la Costa del Tesoro\",\"alternateName\":\"Atlantikas News\",\"description\":\"Noticias en Espa\\u00f1ol | Condados Palm Beach y la Costa del Tesoro\",\"inLanguage\":\"es-ES\",\"publisher\":{\"@id\":\"https:\\\/\\\/atlantikas.com\\\/palm-beach-costa-del-tesoro\\\/#organization\"}}]}\n\t\t<\/script>\n\t\t<!-- All in One SEO -->\n\n","aioseo_head_json":{"title":"Lleg\u00f3 el horario de verano - Atl\u00e1ntikas Noticias en Espa\u00f1ol Condados Palm Beach y la Costa del Tesoro","description":"WEST PALM BEACH, FL \u2014La ciudad de West Palm Beach insta a los residentes a adelantar el reloj, el domingo 10 de marzo a las 2 a. m. Adem\u00e1s de ajustar el reloj, tambi\u00e9n, cambie las bater\u00edas de los detectores de humo y mon\u00f3xido de carbono. \"El horario de verano no solo marca un cambio","canonical_url":"https:\/\/atlantikas.com\/palm-beach-costa-del-tesoro\/llega-el-horario-de-verano-el-domingo\/","robots":"max-image-preview:large","keywords":"","webmasterTools":{"miscellaneous":""},"schema":{"@context":"https:\/\/schema.org","@graph":[{"@type":"BlogPosting","@id":"https:\/\/atlantikas.com\/palm-beach-costa-del-tesoro\/llega-el-horario-de-verano-el-domingo\/#blogposting","name":"Lleg\u00f3 el horario de verano - Atl\u00e1ntikas Noticias en Espa\u00f1ol Condados Palm Beach y la Costa del Tesoro","headline":"Lleg\u00f3 el horario de verano","author":{"@id":"https:\/\/atlantikas.com\/palm-beach-costa-del-tesoro\/author\/mirtaluacesreportera\/#author"},"publisher":{"@id":"https:\/\/atlantikas.com\/palm-beach-costa-del-tesoro\/#organization"},"image":{"@type":"ImageObject","url":"https:\/\/atlantikas.com\/palm-beach-costa-del-tesoro\/wp-content\/uploads\/sites\/2\/2024\/03\/reloj.jpeg","width":640,"height":399},"datePublished":"2024-03-10T08:52:46-04:00","dateModified":"2024-03-10T10:56:09-04:00","inLanguage":"es-ES","mainEntityOfPage":{"@id":"https:\/\/atlantikas.com\/palm-beach-costa-del-tesoro\/llega-el-horario-de-verano-el-domingo\/#webpage"},"isPartOf":{"@id":"https:\/\/atlantikas.com\/palm-beach-costa-del-tesoro\/llega-el-horario-de-verano-el-domingo\/#webpage"},"articleSection":"Condado Palm Beach, Noticias Locales, Palm Beach Central, West Palm Beach, mirtaluacesreportera"},{"@type":"BreadcrumbList","@id":"https:\/\/atlantikas.com\/palm-beach-costa-del-tesoro\/llega-el-horario-de-verano-el-domingo\/#breadcrumblist","itemListElement":[{"@type":"ListItem","@id":"https:\/\/atlantikas.com\/palm-beach-costa-del-tesoro#listItem","position":1,"name":"Home","item":"https:\/\/atlantikas.com\/palm-beach-costa-del-tesoro","nextItem":{"@type":"ListItem","@id":"https:\/\/atlantikas.com\/palm-beach-costa-del-tesoro\/categoria\/noticias-locales\/#listItem","name":"Noticias Locales"}},{"@type":"ListItem","@id":"https:\/\/atlantikas.com\/palm-beach-costa-del-tesoro\/categoria\/noticias-locales\/#listItem","position":2,"name":"Noticias Locales","item":"https:\/\/atlantikas.com\/palm-beach-costa-del-tesoro\/categoria\/noticias-locales\/","nextItem":{"@type":"ListItem","@id":"https:\/\/atlantikas.com\/palm-beach-costa-del-tesoro\/categoria\/noticias-locales\/condado-palm-beach\/#listItem","name":"Condado Palm Beach"},"previousItem":{"@type":"ListItem","@id":"https:\/\/atlantikas.com\/palm-beach-costa-del-tesoro#listItem","name":"Home"}},{"@type":"ListItem","@id":"https:\/\/atlantikas.com\/palm-beach-costa-del-tesoro\/categoria\/noticias-locales\/condado-palm-beach\/#listItem","position":3,"name":"Condado Palm Beach","item":"https:\/\/atlantikas.com\/palm-beach-costa-del-tesoro\/categoria\/noticias-locales\/condado-palm-beach\/","nextItem":{"@type":"ListItem","@id":"https:\/\/atlantikas.com\/palm-beach-costa-del-tesoro\/categoria\/noticias-locales\/condado-palm-beach\/palm-beach-central\/#listItem","name":"Palm Beach Central"},"previousItem":{"@type":"ListItem","@id":"https:\/\/atlantikas.com\/palm-beach-costa-del-tesoro\/categoria\/noticias-locales\/#listItem","name":"Noticias Locales"}},{"@type":"ListItem","@id":"https:\/\/atlantikas.com\/palm-beach-costa-del-tesoro\/categoria\/noticias-locales\/condado-palm-beach\/palm-beach-central\/#listItem","position":4,"name":"Palm Beach Central","item":"https:\/\/atlantikas.com\/palm-beach-costa-del-tesoro\/categoria\/noticias-locales\/condado-palm-beach\/palm-beach-central\/","nextItem":{"@type":"ListItem","@id":"https:\/\/atlantikas.com\/palm-beach-costa-del-tesoro\/categoria\/noticias-locales\/condado-palm-beach\/palm-beach-central\/west-palm-beach\/#listItem","name":"West Palm Beach"},"previousItem":{"@type":"ListItem","@id":"https:\/\/atlantikas.com\/palm-beach-costa-del-tesoro\/categoria\/noticias-locales\/condado-palm-beach\/#listItem","name":"Condado Palm Beach"}},{"@type":"ListItem","@id":"https:\/\/atlantikas.com\/palm-beach-costa-del-tesoro\/categoria\/noticias-locales\/condado-palm-beach\/palm-beach-central\/west-palm-beach\/#listItem","position":5,"name":"West Palm Beach","item":"https:\/\/atlantikas.com\/palm-beach-costa-del-tesoro\/categoria\/noticias-locales\/condado-palm-beach\/palm-beach-central\/west-palm-beach\/","nextItem":{"@type":"ListItem","@id":"https:\/\/atlantikas.com\/palm-beach-costa-del-tesoro\/llega-el-horario-de-verano-el-domingo\/#listItem","name":"Lleg\u00f3 el horario de verano"},"previousItem":{"@type":"ListItem","@id":"https:\/\/atlantikas.com\/palm-beach-costa-del-tesoro\/categoria\/noticias-locales\/condado-palm-beach\/palm-beach-central\/#listItem","name":"Palm Beach Central"}},{"@type":"ListItem","@id":"https:\/\/atlantikas.com\/palm-beach-costa-del-tesoro\/llega-el-horario-de-verano-el-domingo\/#listItem","position":6,"name":"Lleg\u00f3 el horario de verano","previousItem":{"@type":"ListItem","@id":"https:\/\/atlantikas.com\/palm-beach-costa-del-tesoro\/categoria\/noticias-locales\/condado-palm-beach\/palm-beach-central\/west-palm-beach\/#listItem","name":"West Palm Beach"}}]},{"@type":"Organization","@id":"https:\/\/atlantikas.com\/palm-beach-costa-del-tesoro\/#organization","name":"Atl\u00e1ntikas Noticias en Espa\u00f1ol Condados Palm Beach y la Costa del Tesoro","description":"Noticias en Espa\u00f1ol | Condados Palm Beach y la Costa del Tesoro","url":"https:\/\/atlantikas.com\/palm-beach-costa-del-tesoro\/","email":"info@atlantikas.com","telephone":"+15613049509","foundingDate":"2023-08-26","logo":{"@type":"ImageObject","url":"https:\/\/atlantikas.com\/palm-beach-costa-del-tesoro\/wp-content\/uploads\/sites\/2\/2023\/06\/Atlantikas-Palm-Beach-Costa-del-Tesoro-Logo-Web-1.png","@id":"https:\/\/atlantikas.com\/palm-beach-costa-del-tesoro\/llega-el-horario-de-verano-el-domingo\/#organizationLogo","width":1000,"height":375},"image":{"@id":"https:\/\/atlantikas.com\/palm-beach-costa-del-tesoro\/llega-el-horario-de-verano-el-domingo\/#organizationLogo"},"sameAs":["https:\/\/www.facebook.com\/NoticiasAtlantikas\/","https:\/\/twitter.com\/atlantikasnoti","https:\/\/www.instagram.com\/noticiasatlantikas\/","https:\/\/www.youtube.com\/@Atlantikas-vn9dw\/channels","https:\/\/www.linkedin.com\/company\/atlantikas\/"]},{"@type":"Person","@id":"https:\/\/atlantikas.com\/palm-beach-costa-del-tesoro\/author\/mirtaluacesreportera\/#author","url":"https:\/\/atlantikas.com\/palm-beach-costa-del-tesoro\/author\/mirtaluacesreportera\/","name":"Mirta Luaces","image":{"@type":"ImageObject","@id":"https:\/\/atlantikas.com\/palm-beach-costa-del-tesoro\/llega-el-horario-de-verano-el-domingo\/#authorImage","url":"https:\/\/atlantikas.com\/palm-beach-costa-del-tesoro\/wp-content\/uploads\/sites\/2\/2023\/11\/Mirta-Luaces-Atlantikas-Reporter-web-150x150.png","width":96,"height":96,"caption":"Mirta Luaces"},"sameAs":["|","mailto:mluaces@atlantikas.com","|"]},{"@type":"WebPage","@id":"https:\/\/atlantikas.com\/palm-beach-costa-del-tesoro\/llega-el-horario-de-verano-el-domingo\/#webpage","url":"https:\/\/atlantikas.com\/palm-beach-costa-del-tesoro\/llega-el-horario-de-verano-el-domingo\/","name":"Lleg\u00f3 el horario de verano - Atl\u00e1ntikas Noticias en Espa\u00f1ol Condados Palm Beach y la Costa del Tesoro","description":"WEST PALM BEACH, FL \u2014La ciudad de West Palm Beach insta a los residentes a adelantar el reloj, el domingo 10 de marzo a las 2 a. m. Adem\u00e1s de ajustar el reloj, tambi\u00e9n, cambie las bater\u00edas de los detectores de humo y mon\u00f3xido de carbono. \"El horario de verano no solo marca un cambio","inLanguage":"es-ES","isPartOf":{"@id":"https:\/\/atlantikas.com\/palm-beach-costa-del-tesoro\/#website"},"breadcrumb":{"@id":"https:\/\/atlantikas.com\/palm-beach-costa-del-tesoro\/llega-el-horario-de-verano-el-domingo\/#breadcrumblist"},"author":{"@id":"https:\/\/atlantikas.com\/palm-beach-costa-del-tesoro\/author\/mirtaluacesreportera\/#author"},"creator":{"@id":"https:\/\/atlantikas.com\/palm-beach-costa-del-tesoro\/author\/mirtaluacesreportera\/#author"},"image":{"@type":"ImageObject","url":"https:\/\/atlantikas.com\/palm-beach-costa-del-tesoro\/wp-content\/uploads\/sites\/2\/2024\/03\/reloj.jpeg","@id":"https:\/\/atlantikas.com\/palm-beach-costa-del-tesoro\/llega-el-horario-de-verano-el-domingo\/#mainImage","width":640,"height":399},"primaryImageOfPage":{"@id":"https:\/\/atlantikas.com\/palm-beach-costa-del-tesoro\/llega-el-horario-de-verano-el-domingo\/#mainImage"},"datePublished":"2024-03-10T08:52:46-04:00","dateModified":"2024-03-10T10:56:09-04:00"},{"@type":"WebSite","@id":"https:\/\/atlantikas.com\/palm-beach-costa-del-tesoro\/#website","url":"https:\/\/atlantikas.com\/palm-beach-costa-del-tesoro\/","name":"Atl\u00e1ntikas Noticias en Espa\u00f1ol Condados Palm Beach y la Costa del Tesoro","alternateName":"Atlantikas News","description":"Noticias en Espa\u00f1ol | Condados Palm Beach y la Costa del Tesoro","inLanguage":"es-ES","publisher":{"@id":"https:\/\/atlantikas.com\/palm-beach-costa-del-tesoro\/#organization"}}]},"og:locale":"es_ES","og:site_name":"Atl\u00e1ntikas Noticias en Espa\u00f1ol Condados Palm Beach y la Costa del Tesoro - Noticias en Espa\u00f1ol | Condados Palm Beach y la Costa del Tesoro","og:type":"article","og:title":"Lleg\u00f3 el horario de verano - Atl\u00e1ntikas Noticias en Espa\u00f1ol Condados Palm Beach y la Costa del Tesoro","og:description":"WEST PALM BEACH, FL \u2014La ciudad de West Palm Beach insta a los residentes a adelantar el reloj, el domingo 10 de marzo a las 2 a. m. Adem\u00e1s de ajustar el reloj, tambi\u00e9n, cambie las bater\u00edas de los detectores de humo y mon\u00f3xido de carbono. &quot;El horario de verano no solo marca un cambio","og:url":"https:\/\/atlantikas.com\/palm-beach-costa-del-tesoro\/llega-el-horario-de-verano-el-domingo\/","og:image":"https:\/\/atlantikas.com\/palm-beach-costa-del-tesoro\/wp-content\/uploads\/sites\/2\/2024\/03\/reloj.jpeg","og:image:secure_url":"https:\/\/atlantikas.com\/palm-beach-costa-del-tesoro\/wp-content\/uploads\/sites\/2\/2024\/03\/reloj.jpeg","og:image:width":640,"og:image:height":399,"article:published_time":"2024-03-10T13:52:46+00:00","article:modified_time":"2024-03-10T15:56:09+00:00","article:publisher":"https:\/\/www.facebook.com\/NoticiasAtlantikas\/","twitter:card":"summary_large_image","twitter:site":"@atlantikasnoti","twitter:title":"Lleg\u00f3 el horario de verano - Atl\u00e1ntikas Noticias en Espa\u00f1ol Condados Palm Beach y la Costa del Tesoro","twitter:description":"WEST PALM BEACH, FL \u2014La ciudad de West Palm Beach insta a los residentes a adelantar el reloj, el domingo 10 de marzo a las 2 a. m. Adem\u00e1s de ajustar el reloj, tambi\u00e9n, cambie las bater\u00edas de los detectores de humo y mon\u00f3xido de carbono. &quot;El horario de verano no solo marca un cambio","twitter:creator":"@atlantikasnoti","twitter:image":"https:\/\/atlantikas.com\/palm-beach-costa-del-tesoro\/wp-content\/uploads\/sites\/2\/2024\/03\/reloj.jpeg"},"aioseo_meta_data":{"post_id":"4603","title":null,"description":null,"keywords":[],"keyphrases":{"focus":{"keyphrase":"","score":0,"analysis":{"keyphraseInTitle":{"score":0,"maxScore":9,"error":1}}},"additional":[]},"primary_term":null,"canonical_url":null,"og_title":null,"og_description":null,"og_object_type":"default","og_image_type":"default","og_image_url":null,"og_image_width":null,"og_image_height":null,"og_image_custom_url":null,"og_image_custom_fields":null,"og_video":"","og_custom_url":null,"og_article_section":null,"og_article_tags":[],"twitter_use_og":false,"twitter_card":"default","twitter_image_type":"default","twitter_image_url":null,"twitter_image_custom_url":null,"twitter_image_custom_fields":null,"twitter_title":null,"twitter_description":null,"schema":{"blockGraphs":[],"customGraphs":[],"default":{"data":{"Article":[],"Course":[],"Dataset":[],"FAQPage":[],"Movie":[],"Person":[],"Product":[],"ProductReview":[],"Car":[],"Recipe":[],"Service":[],"SoftwareApplication":[],"WebPage":[]},"graphName":"BlogPosting","isEnabled":true},"graphs":[]},"schema_type":"default","schema_type_options":null,"pillar_content":false,"robots_default":true,"robots_noindex":false,"robots_noarchive":false,"robots_nosnippet":false,"robots_nofollow":false,"robots_noimageindex":false,"robots_noodp":false,"robots_notranslate":false,"robots_max_snippet":"-1","robots_max_videopreview":"-1","robots_max_imagepreview":"large","priority":null,"frequency":"default","local_seo":null,"breadcrumb_settings":null,"limit_modified_date":false,"ai":null,"created":"2024-03-07 13:52:52","updated":"2025-06-04 22:36:02","seo_analyzer_scan_date":null,"focus_keyword":null,"additional_keywords":null,"truseo_locale":null},"aioseo_breadcrumb":"<div class=\"aioseo-breadcrumbs\"><span class=\"aioseo-breadcrumb\">\n\t\t\t<a href=\"https:\/\/atlantikas.com\/palm-beach-costa-del-tesoro\" title=\"Home\">Home<\/a>\n\t\t<\/span><span class=\"aioseo-breadcrumb-separator\">&raquo;<\/span><span class=\"aioseo-breadcrumb\">\n\t\t\t<a href=\"https:\/\/atlantikas.com\/palm-beach-costa-del-tesoro\/categoria\/noticias-locales\/\" title=\"Noticias Locales\">Noticias Locales<\/a>\n\t\t<\/span><span class=\"aioseo-breadcrumb-separator\">&raquo;<\/span><span class=\"aioseo-breadcrumb\">\n\t\t\t<a href=\"https:\/\/atlantikas.com\/palm-beach-costa-del-tesoro\/categoria\/noticias-locales\/condado-palm-beach\/\" title=\"Condado Palm Beach\">Condado Palm Beach<\/a>\n\t\t<\/span><span class=\"aioseo-breadcrumb-separator\">&raquo;<\/span><span class=\"aioseo-breadcrumb\">\n\t\t\t<a href=\"https:\/\/atlantikas.com\/palm-beach-costa-del-tesoro\/categoria\/noticias-locales\/condado-palm-beach\/palm-beach-central\/\" title=\"Palm Beach Central\">Palm Beach Central<\/a>\n\t\t<\/span><span class=\"aioseo-breadcrumb-separator\">&raquo;<\/span><span class=\"aioseo-breadcrumb\">\n\t\t\t<a href=\"https:\/\/atlantikas.com\/palm-beach-costa-del-tesoro\/categoria\/noticias-locales\/condado-palm-beach\/palm-beach-central\/west-palm-beach\/\" title=\"West Palm Beach\">West Palm Beach<\/a>\n\t\t<\/span><span class=\"aioseo-breadcrumb-separator\">&raquo;<\/span><span class=\"aioseo-breadcrumb\">\n\t\t\tLleg\u00f3 el horario de verano\n\t\t<\/span><\/div>","aioseo_breadcrumb_json":[{"label":"Home","link":"https:\/\/atlantikas.com\/palm-beach-costa-del-tesoro"},{"label":"Noticias Locales","link":"https:\/\/atlantikas.com\/palm-beach-costa-del-tesoro\/categoria\/noticias-locales\/"},{"label":"Condado Palm Beach","link":"https:\/\/atlantikas.com\/palm-beach-costa-del-tesoro\/categoria\/noticias-locales\/condado-palm-beach\/"},{"label":"Palm Beach Central","link":"https:\/\/atlantikas.com\/palm-beach-costa-del-tesoro\/categoria\/noticias-locales\/condado-palm-beach\/palm-beach-central\/"},{"label":"West Palm Beach","link":"https:\/\/atlantikas.com\/palm-beach-costa-del-tesoro\/categoria\/noticias-locales\/condado-palm-beach\/palm-beach-central\/west-palm-beach\/"},{"label":"Lleg\u00f3 el horario de verano","link":"https:\/\/atlantikas.com\/palm-beach-costa-del-tesoro\/llega-el-horario-de-verano-el-domingo\/"}],"image_feature":"https:\/\/atlantikas.com\/palm-beach-costa-del-tesoro\/wp-content\/uploads\/sites\/2\/2024\/03\/reloj.jpeg","author_name":"Mirta Luaces","pure_taxonomies":{"categories":[{"term_id":46,"name":"Condado Palm Beach","slug":"condado-palm-beach","term_group":0,"term_taxonomy_id":46,"taxonomy":"category","description":"","parent":31,"count":1668,"filter":"raw","image":""},{"term_id":31,"name":"Noticias Locales","slug":"noticias-locales","term_group":0,"term_taxonomy_id":31,"taxonomy":"category","description":"","parent":0,"count":2374,"filter":"raw","image":""},{"term_id":58,"name":"Palm Beach Central","slug":"palm-beach-central","term_group":0,"term_taxonomy_id":58,"taxonomy":"category","description":"","parent":46,"count":711,"filter":"raw","image":""},{"term_id":66,"name":"West Palm Beach","slug":"west-palm-beach","term_group":0,"term_taxonomy_id":66,"taxonomy":"category","description":"","parent":58,"count":450,"filter":"raw","image":""}]},"jetpack_featured_media_url":"https:\/\/atlantikas.com\/palm-beach-costa-del-tesoro\/wp-content\/uploads\/sites\/2\/2024\/03\/reloj.jpeg","jetpack_sharing_enabled":true,"jetpack-related-posts":[],"_links":{"self":[{"href":"https:\/\/atlantikas.com\/palm-beach-costa-del-tesoro\/wp-json\/wp\/v2\/posts\/4603","targetHints":{"allow":["GET"]}}],"collection":[{"href":"https:\/\/atlantikas.com\/palm-beach-costa-del-tesoro\/wp-json\/wp\/v2\/posts"}],"about":[{"href":"https:\/\/atlantikas.com\/palm-beach-costa-del-tesoro\/wp-json\/wp\/v2\/types\/post"}],"author":[{"embeddable":true,"href":"https:\/\/atlantikas.com\/palm-beach-costa-del-tesoro\/wp-json\/wp\/v2\/users\/4"}],"replies":[{"embeddable":true,"href":"https:\/\/atlantikas.com\/palm-beach-costa-del-tesoro\/wp-json\/wp\/v2\/comments?post=4603"}],"version-history":[{"count":2,"href":"https:\/\/atlantikas.com\/palm-beach-costa-del-tesoro\/wp-json\/wp\/v2\/posts\/4603\/revisions"}],"predecessor-version":[{"id":4623,"href":"https:\/\/atlantikas.com\/palm-beach-costa-del-tesoro\/wp-json\/wp\/v2\/posts\/4603\/revisions\/4623"}],"wp:featuredmedia":[{"embeddable":true,"href":"https:\/\/atlantikas.com\/palm-beach-costa-del-tesoro\/wp-json\/wp\/v2\/media\/4604"}],"wp:attachment":[{"href":"https:\/\/atlantikas.com\/palm-beach-costa-del-tesoro\/wp-json\/wp\/v2\/media?parent=4603"}],"wp:term":[{"taxonomy":"category","embeddable":true,"href":"https:\/\/atlantikas.com\/palm-beach-costa-del-tesoro\/wp-json\/wp\/v2\/categories?post=4603"},{"taxonomy":"post_tag","embeddable":true,"href":"https:\/\/atlantikas.com\/palm-beach-costa-del-tesoro\/wp-json\/wp\/v2\/tags?post=4603"},{"taxonomy":"author","embeddable":true,"href":"https:\/\/atlantikas.com\/palm-beach-costa-del-tesoro\/wp-json\/wp\/v2\/coauthors?post=4603"}],"curies":[{"name":"wp","href":"https:\/\/api.w.org\/{rel}","templated":true}]}}