{"id":3933,"date":"2024-01-11T16:59:17","date_gmt":"2024-01-11T21:59:17","guid":{"rendered":"https:\/\/atlantikas.com\/palm-beach-costa-del-tesoro\/?p=3933"},"modified":"2024-01-11T17:00:25","modified_gmt":"2024-01-11T22:00:25","slug":"pbc-declara-el-12-de-enero-2024-dia-del-dr-joaquin-garcia-en-la-escuela-que-lleva-su-nombre","status":"publish","type":"post","link":"https:\/\/atlantikas.com\/palm-beach-costa-del-tesoro\/pbc-declara-el-12-de-enero-2024-dia-del-dr-joaquin-garcia-en-la-escuela-que-lleva-su-nombre\/","title":{"rendered":"PBC declara el 12 de enero 2024 D\u00eda del Dr. Joaqu\u00edn Garc\u00eda en la escuela que lleva su nombre"},"content":{"rendered":"<div class=\"mdp-speaker-wrapper\">\n            \n            \n            \n            \n            <div class=\"mdp-speaker-box mdp-speaker-box before-content speaker-wavesurfer\">\n                <div class=\"mdp-speaker-player\"  data-title=\"PBC declara el 12 de enero 2024 D\u00eda del Dr. Joaqu\u00edn Garc\u00eda en la escuela que lleva su nombre\" data-author=\"4\" data-thumbnail=\"https:\/\/atlantikas.com\/palm-beach-costa-del-tesoro\/wp-content\/uploads\/sites\/2\/2024\/01\/WhatsApp-Image-2024-01-11-at-16.47.27_34ec724d.jpg\" data-type=\"speaker-wavesurfer\" data-id=\"3933\" data-src=\"https:\/\/atlantikas.com\/palm-beach-costa-del-tesoro\/wp-content\/uploads\/sites\/2\/speaker\/post-3933.mp3?cb=1705010398.mp3\" data-download=\"1\" data-speeds=\"0.5,0.75,1,1.25,1.5\" data-share=\"\" >\n                    <div class=\"mdp-speaker-wavesurfer-player mdp-speaker-wavesurfer-placeholder\"><\/div>\n                <\/div>\n            <\/div>\n            \n            \n            \n            \n\t\t\t<\/div><p>El Condado Palm Beach, rendir\u00e1 honor a fallecido Dr. Joaqu\u00edn Garc\u00eda, director de la Coalici\u00f3n Hispana para la Educaci\u00f3n (HEC, por sus siglas en ingl\u00e9s) el viernes 12 de enero 2024, durante el D\u00eda del Dr. Joaqu\u00edn Garc\u00eda, durante la ceremonia en la escuela que lleva su nombre.<\/p>\n<p>Los invitamos a que asistan a la celebraci\u00f3n, presentando algunas de las comidas favoritas del Dr. Garc\u00eda, m\u00fasica, presentaciones por parte de los estudiantes y comentarios por parte del distrito y l\u00edderes comunitarios.<\/p>\n<p>Lugar: Dr. Joaqu\u00edn Garc\u00eda High School, 4906 Lynos Road, Lake Worth, Fl 33467<\/p>\n<p>Cu\u00e1ndo: viernes, 12 de enero 2024, a las 9:45 a.m. hasta las 11 a.m. (por favor chequear en la oficina principal<\/p>\n<p>RSVP: Por favor llamar a Trisha Sherver, PBCSD, Relaciones P\u00fablicas, al (561) 373-9576.<\/p>\n","protected":false},"excerpt":{"rendered":"<p>El Condado Palm Beach, rendir\u00e1 honor a fallecido Dr. Joaqu\u00edn Garc\u00eda, director de la Coalici\u00f3n Hispana para la Educaci\u00f3n (HEC, por sus siglas en ingl\u00e9s) el viernes 12 de enero 2024, durante el D\u00eda del Dr. Joaqu\u00edn Garc\u00eda, durante la ceremonia en la escuela que lleva su nombre. Los invitamos a que asistan a la &hellip;<\/p>\n","protected":false},"author":4,"featured_media":3934,"comment_status":"open","ping_status":"open","sticky":false,"template":"","format":"standard","meta":{"om_disable_all_campaigns":false,"_monsterinsights_skip_tracking":false,"_jetpack_newsletter_access":"","_jetpack_dont_email_post_to_subs":false,"_jetpack_newsletter_tier_id":0,"_jetpack_memberships_contains_paywalled_content":false,"_jetpack_feature_clip_id":0,"_jetpack_memberships_contains_paid_content":false,"footnotes":"","jetpack_post_was_ever_published":false},"categories":[261,20],"tags":[],"coauthors":[42],"class_list":["post-3933","post","type-post","status-publish","format-standard","has-post-thumbnail","hentry","category-condado-palm-beach-educacion","category-educacion"],"aioseo_notices":[],"aioseo_head":"\n\t\t<!-- All in One SEO 5.0.0.1 - aioseo.com -->\n\t<meta name=\"description\" content=\"El Condado Palm Beach, rendir\u00e1 honor a fallecido Dr. Joaqu\u00edn Garc\u00eda, director de la Coalici\u00f3n Hispana para la Educaci\u00f3n (HEC, por sus siglas en ingl\u00e9s) el viernes 12 de enero 2024, durante el D\u00eda del Dr. Joaqu\u00edn Garc\u00eda, durante la ceremonia en la escuela que lleva su nombre. Los invitamos a que asistan a la\" \/>\n\t<meta name=\"robots\" content=\"max-image-preview:large\" \/>\n\t<meta name=\"author\" content=\"Mirta Luaces\"\/>\n\t<link rel=\"canonical\" href=\"https:\/\/atlantikas.com\/palm-beach-costa-del-tesoro\/pbc-declara-el-12-de-enero-2024-dia-del-dr-joaquin-garcia-en-la-escuela-que-lleva-su-nombre\/\" \/>\n\t<meta name=\"generator\" content=\"All in One SEO (AIOSEO) 5.0.0.1\" \/>\n\t\t<meta property=\"og:locale\" content=\"es_ES\" \/>\n\t\t<meta property=\"og:site_name\" content=\"Atl\u00e1ntikas Noticias en Espa\u00f1ol Condados Palm Beach y la Costa del Tesoro - Noticias en Espa\u00f1ol | Condados Palm Beach y la Costa del Tesoro\" \/>\n\t\t<meta property=\"og:type\" content=\"article\" \/>\n\t\t<meta property=\"og:title\" content=\"PBC declara el 12 de enero 2024 D\u00eda del Dr. Joaqu\u00edn Garc\u00eda en la escuela que lleva su nombre - Atl\u00e1ntikas Noticias en Espa\u00f1ol Condados Palm Beach y la Costa del Tesoro\" \/>\n\t\t<meta property=\"og:description\" content=\"El Condado Palm Beach, rendir\u00e1 honor a fallecido Dr. Joaqu\u00edn Garc\u00eda, director de la Coalici\u00f3n Hispana para la Educaci\u00f3n (HEC, por sus siglas en ingl\u00e9s) el viernes 12 de enero 2024, durante el D\u00eda del Dr. Joaqu\u00edn Garc\u00eda, durante la ceremonia en la escuela que lleva su nombre. Los invitamos a que asistan a la\" \/>\n\t\t<meta property=\"og:url\" content=\"https:\/\/atlantikas.com\/palm-beach-costa-del-tesoro\/pbc-declara-el-12-de-enero-2024-dia-del-dr-joaquin-garcia-en-la-escuela-que-lleva-su-nombre\/\" \/>\n\t\t<meta property=\"og:image\" content=\"https:\/\/atlantikas.com\/palm-beach-costa-del-tesoro\/wp-content\/uploads\/sites\/2\/2024\/01\/WhatsApp-Image-2024-01-11-at-16.47.27_34ec724d.jpg\" \/>\n\t\t<meta property=\"og:image:secure_url\" content=\"https:\/\/atlantikas.com\/palm-beach-costa-del-tesoro\/wp-content\/uploads\/sites\/2\/2024\/01\/WhatsApp-Image-2024-01-11-at-16.47.27_34ec724d.jpg\" \/>\n\t\t<meta property=\"og:image:width\" content=\"834\" \/>\n\t\t<meta property=\"og:image:height\" content=\"1024\" \/>\n\t\t<meta property=\"article:published_time\" content=\"2024-01-11T21:59:17+00:00\" \/>\n\t\t<meta property=\"article:modified_time\" content=\"2024-01-11T22:00:25+00:00\" \/>\n\t\t<meta property=\"article:publisher\" content=\"https:\/\/www.facebook.com\/NoticiasAtlantikas\/\" \/>\n\t\t<meta name=\"twitter:card\" content=\"summary_large_image\" \/>\n\t\t<meta name=\"twitter:site\" content=\"@atlantikasnoti\" \/>\n\t\t<meta name=\"twitter:title\" content=\"PBC declara el 12 de enero 2024 D\u00eda del Dr. Joaqu\u00edn Garc\u00eda en la escuela que lleva su nombre - Atl\u00e1ntikas Noticias en Espa\u00f1ol Condados Palm Beach y la Costa del Tesoro\" \/>\n\t\t<meta name=\"twitter:description\" content=\"El Condado Palm Beach, rendir\u00e1 honor a fallecido Dr. Joaqu\u00edn Garc\u00eda, director de la Coalici\u00f3n Hispana para la Educaci\u00f3n (HEC, por sus siglas en ingl\u00e9s) el viernes 12 de enero 2024, durante el D\u00eda del Dr. Joaqu\u00edn Garc\u00eda, durante la ceremonia en la escuela que lleva su nombre. Los invitamos a que asistan a la\" \/>\n\t\t<meta name=\"twitter:creator\" content=\"@atlantikasnoti\" \/>\n\t\t<meta name=\"twitter:image\" content=\"https:\/\/atlantikas.com\/palm-beach-costa-del-tesoro\/wp-content\/uploads\/sites\/2\/2024\/01\/WhatsApp-Image-2024-01-11-at-16.47.27_34ec724d.jpg\" \/>\n\t\t<script type=\"application\/ld+json\" class=\"aioseo-schema\">\n\t\t\t{\"@context\":\"https:\\\/\\\/schema.org\",\"@graph\":[{\"@type\":\"BlogPosting\",\"@id\":\"https:\\\/\\\/atlantikas.com\\\/palm-beach-costa-del-tesoro\\\/pbc-declara-el-12-de-enero-2024-dia-del-dr-joaquin-garcia-en-la-escuela-que-lleva-su-nombre\\\/#blogposting\",\"name\":\"PBC declara el 12 de enero 2024 D\\u00eda del Dr. Joaqu\\u00edn Garc\\u00eda en la escuela que lleva su nombre - Atl\\u00e1ntikas Noticias en Espa\\u00f1ol Condados Palm Beach y la Costa del Tesoro\",\"headline\":\"PBC declara el 12 de enero 2024 D\\u00eda del Dr. Joaqu\\u00edn Garc\\u00eda en la escuela que lleva su nombre\",\"author\":{\"@id\":\"https:\\\/\\\/atlantikas.com\\\/palm-beach-costa-del-tesoro\\\/author\\\/mirtaluacesreportera\\\/#author\"},\"publisher\":{\"@id\":\"https:\\\/\\\/atlantikas.com\\\/palm-beach-costa-del-tesoro\\\/#organization\"},\"image\":{\"@type\":\"ImageObject\",\"url\":\"https:\\\/\\\/atlantikas.com\\\/palm-beach-costa-del-tesoro\\\/wp-content\\\/uploads\\\/sites\\\/2\\\/2024\\\/01\\\/WhatsApp-Image-2024-01-11-at-16.47.27_34ec724d.jpg\",\"width\":834,\"height\":1024},\"datePublished\":\"2024-01-11T16:59:17-05:00\",\"dateModified\":\"2024-01-11T17:00:25-05:00\",\"inLanguage\":\"es-ES\",\"mainEntityOfPage\":{\"@id\":\"https:\\\/\\\/atlantikas.com\\\/palm-beach-costa-del-tesoro\\\/pbc-declara-el-12-de-enero-2024-dia-del-dr-joaquin-garcia-en-la-escuela-que-lleva-su-nombre\\\/#webpage\"},\"isPartOf\":{\"@id\":\"https:\\\/\\\/atlantikas.com\\\/palm-beach-costa-del-tesoro\\\/pbc-declara-el-12-de-enero-2024-dia-del-dr-joaquin-garcia-en-la-escuela-que-lleva-su-nombre\\\/#webpage\"},\"articleSection\":\"Condado Palm Beach, Educaci\\u00f3n, mirtaluacesreportera\"},{\"@type\":\"BreadcrumbList\",\"@id\":\"https:\\\/\\\/atlantikas.com\\\/palm-beach-costa-del-tesoro\\\/pbc-declara-el-12-de-enero-2024-dia-del-dr-joaquin-garcia-en-la-escuela-que-lleva-su-nombre\\\/#breadcrumblist\",\"itemListElement\":[{\"@type\":\"ListItem\",\"@id\":\"https:\\\/\\\/atlantikas.com\\\/palm-beach-costa-del-tesoro#listItem\",\"position\":1,\"name\":\"Home\",\"item\":\"https:\\\/\\\/atlantikas.com\\\/palm-beach-costa-del-tesoro\",\"nextItem\":{\"@type\":\"ListItem\",\"@id\":\"https:\\\/\\\/atlantikas.com\\\/palm-beach-costa-del-tesoro\\\/categoria\\\/educacion\\\/#listItem\",\"name\":\"Educaci\\u00f3n\"}},{\"@type\":\"ListItem\",\"@id\":\"https:\\\/\\\/atlantikas.com\\\/palm-beach-costa-del-tesoro\\\/categoria\\\/educacion\\\/#listItem\",\"position\":2,\"name\":\"Educaci\\u00f3n\",\"item\":\"https:\\\/\\\/atlantikas.com\\\/palm-beach-costa-del-tesoro\\\/categoria\\\/educacion\\\/\",\"nextItem\":{\"@type\":\"ListItem\",\"@id\":\"https:\\\/\\\/atlantikas.com\\\/palm-beach-costa-del-tesoro\\\/categoria\\\/educacion\\\/condado-palm-beach-educacion\\\/#listItem\",\"name\":\"Condado Palm Beach\"},\"previousItem\":{\"@type\":\"ListItem\",\"@id\":\"https:\\\/\\\/atlantikas.com\\\/palm-beach-costa-del-tesoro#listItem\",\"name\":\"Home\"}},{\"@type\":\"ListItem\",\"@id\":\"https:\\\/\\\/atlantikas.com\\\/palm-beach-costa-del-tesoro\\\/categoria\\\/educacion\\\/condado-palm-beach-educacion\\\/#listItem\",\"position\":3,\"name\":\"Condado Palm Beach\",\"item\":\"https:\\\/\\\/atlantikas.com\\\/palm-beach-costa-del-tesoro\\\/categoria\\\/educacion\\\/condado-palm-beach-educacion\\\/\",\"nextItem\":{\"@type\":\"ListItem\",\"@id\":\"https:\\\/\\\/atlantikas.com\\\/palm-beach-costa-del-tesoro\\\/pbc-declara-el-12-de-enero-2024-dia-del-dr-joaquin-garcia-en-la-escuela-que-lleva-su-nombre\\\/#listItem\",\"name\":\"PBC declara el 12 de enero 2024 D\\u00eda del Dr. Joaqu\\u00edn Garc\\u00eda en la escuela que lleva su nombre\"},\"previousItem\":{\"@type\":\"ListItem\",\"@id\":\"https:\\\/\\\/atlantikas.com\\\/palm-beach-costa-del-tesoro\\\/categoria\\\/educacion\\\/#listItem\",\"name\":\"Educaci\\u00f3n\"}},{\"@type\":\"ListItem\",\"@id\":\"https:\\\/\\\/atlantikas.com\\\/palm-beach-costa-del-tesoro\\\/pbc-declara-el-12-de-enero-2024-dia-del-dr-joaquin-garcia-en-la-escuela-que-lleva-su-nombre\\\/#listItem\",\"position\":4,\"name\":\"PBC declara el 12 de enero 2024 D\\u00eda del Dr. Joaqu\\u00edn Garc\\u00eda en la escuela que lleva su nombre\",\"previousItem\":{\"@type\":\"ListItem\",\"@id\":\"https:\\\/\\\/atlantikas.com\\\/palm-beach-costa-del-tesoro\\\/categoria\\\/educacion\\\/condado-palm-beach-educacion\\\/#listItem\",\"name\":\"Condado Palm Beach\"}}]},{\"@type\":\"Organization\",\"@id\":\"https:\\\/\\\/atlantikas.com\\\/palm-beach-costa-del-tesoro\\\/#organization\",\"name\":\"Atl\\u00e1ntikas Noticias en Espa\\u00f1ol Condados Palm Beach y la Costa del Tesoro\",\"description\":\"Noticias en Espa\\u00f1ol | Condados Palm Beach y la Costa del Tesoro\",\"url\":\"https:\\\/\\\/atlantikas.com\\\/palm-beach-costa-del-tesoro\\\/\",\"email\":\"info@atlantikas.com\",\"telephone\":\"+15613049509\",\"foundingDate\":\"2023-08-26\",\"logo\":{\"@type\":\"ImageObject\",\"url\":\"https:\\\/\\\/atlantikas.com\\\/palm-beach-costa-del-tesoro\\\/wp-content\\\/uploads\\\/sites\\\/2\\\/2023\\\/06\\\/Atlantikas-Palm-Beach-Costa-del-Tesoro-Logo-Web-1.png\",\"@id\":\"https:\\\/\\\/atlantikas.com\\\/palm-beach-costa-del-tesoro\\\/pbc-declara-el-12-de-enero-2024-dia-del-dr-joaquin-garcia-en-la-escuela-que-lleva-su-nombre\\\/#organizationLogo\",\"width\":1000,\"height\":375},\"image\":{\"@id\":\"https:\\\/\\\/atlantikas.com\\\/palm-beach-costa-del-tesoro\\\/pbc-declara-el-12-de-enero-2024-dia-del-dr-joaquin-garcia-en-la-escuela-que-lleva-su-nombre\\\/#organizationLogo\"},\"sameAs\":[\"https:\\\/\\\/www.facebook.com\\\/NoticiasAtlantikas\\\/\",\"https:\\\/\\\/twitter.com\\\/atlantikasnoti\",\"https:\\\/\\\/www.instagram.com\\\/noticiasatlantikas\\\/\",\"https:\\\/\\\/www.youtube.com\\\/@Atlantikas-vn9dw\\\/channels\",\"https:\\\/\\\/www.linkedin.com\\\/company\\\/atlantikas\\\/\"]},{\"@type\":\"Person\",\"@id\":\"https:\\\/\\\/atlantikas.com\\\/palm-beach-costa-del-tesoro\\\/author\\\/mirtaluacesreportera\\\/#author\",\"url\":\"https:\\\/\\\/atlantikas.com\\\/palm-beach-costa-del-tesoro\\\/author\\\/mirtaluacesreportera\\\/\",\"name\":\"Mirta Luaces\",\"image\":{\"@type\":\"ImageObject\",\"@id\":\"https:\\\/\\\/atlantikas.com\\\/palm-beach-costa-del-tesoro\\\/pbc-declara-el-12-de-enero-2024-dia-del-dr-joaquin-garcia-en-la-escuela-que-lleva-su-nombre\\\/#authorImage\",\"url\":\"https:\\\/\\\/atlantikas.com\\\/palm-beach-costa-del-tesoro\\\/wp-content\\\/uploads\\\/sites\\\/2\\\/2023\\\/11\\\/Mirta-Luaces-Atlantikas-Reporter-web-150x150.png\",\"width\":96,\"height\":96,\"caption\":\"Mirta Luaces\"},\"sameAs\":[\"|\",\"mailto:mluaces@atlantikas.com\",\"|\"]},{\"@type\":\"WebPage\",\"@id\":\"https:\\\/\\\/atlantikas.com\\\/palm-beach-costa-del-tesoro\\\/pbc-declara-el-12-de-enero-2024-dia-del-dr-joaquin-garcia-en-la-escuela-que-lleva-su-nombre\\\/#webpage\",\"url\":\"https:\\\/\\\/atlantikas.com\\\/palm-beach-costa-del-tesoro\\\/pbc-declara-el-12-de-enero-2024-dia-del-dr-joaquin-garcia-en-la-escuela-que-lleva-su-nombre\\\/\",\"name\":\"PBC declara el 12 de enero 2024 D\\u00eda del Dr. Joaqu\\u00edn Garc\\u00eda en la escuela que lleva su nombre - Atl\\u00e1ntikas Noticias en Espa\\u00f1ol Condados Palm Beach y la Costa del Tesoro\",\"description\":\"El Condado Palm Beach, rendir\\u00e1 honor a fallecido Dr. Joaqu\\u00edn Garc\\u00eda, director de la Coalici\\u00f3n Hispana para la Educaci\\u00f3n (HEC, por sus siglas en ingl\\u00e9s) el viernes 12 de enero 2024, durante el D\\u00eda del Dr. Joaqu\\u00edn Garc\\u00eda, durante la ceremonia en la escuela que lleva su nombre. Los invitamos a que asistan a la\",\"inLanguage\":\"es-ES\",\"isPartOf\":{\"@id\":\"https:\\\/\\\/atlantikas.com\\\/palm-beach-costa-del-tesoro\\\/#website\"},\"breadcrumb\":{\"@id\":\"https:\\\/\\\/atlantikas.com\\\/palm-beach-costa-del-tesoro\\\/pbc-declara-el-12-de-enero-2024-dia-del-dr-joaquin-garcia-en-la-escuela-que-lleva-su-nombre\\\/#breadcrumblist\"},\"author\":{\"@id\":\"https:\\\/\\\/atlantikas.com\\\/palm-beach-costa-del-tesoro\\\/author\\\/mirtaluacesreportera\\\/#author\"},\"creator\":{\"@id\":\"https:\\\/\\\/atlantikas.com\\\/palm-beach-costa-del-tesoro\\\/author\\\/mirtaluacesreportera\\\/#author\"},\"image\":{\"@type\":\"ImageObject\",\"url\":\"https:\\\/\\\/atlantikas.com\\\/palm-beach-costa-del-tesoro\\\/wp-content\\\/uploads\\\/sites\\\/2\\\/2024\\\/01\\\/WhatsApp-Image-2024-01-11-at-16.47.27_34ec724d.jpg\",\"@id\":\"https:\\\/\\\/atlantikas.com\\\/palm-beach-costa-del-tesoro\\\/pbc-declara-el-12-de-enero-2024-dia-del-dr-joaquin-garcia-en-la-escuela-que-lleva-su-nombre\\\/#mainImage\",\"width\":834,\"height\":1024},\"primaryImageOfPage\":{\"@id\":\"https:\\\/\\\/atlantikas.com\\\/palm-beach-costa-del-tesoro\\\/pbc-declara-el-12-de-enero-2024-dia-del-dr-joaquin-garcia-en-la-escuela-que-lleva-su-nombre\\\/#mainImage\"},\"datePublished\":\"2024-01-11T16:59:17-05:00\",\"dateModified\":\"2024-01-11T17:00:25-05:00\"},{\"@type\":\"WebSite\",\"@id\":\"https:\\\/\\\/atlantikas.com\\\/palm-beach-costa-del-tesoro\\\/#website\",\"url\":\"https:\\\/\\\/atlantikas.com\\\/palm-beach-costa-del-tesoro\\\/\",\"name\":\"Atl\\u00e1ntikas Noticias en Espa\\u00f1ol Condados Palm Beach y la Costa del Tesoro\",\"alternateName\":\"Atlantikas News\",\"description\":\"Noticias en Espa\\u00f1ol | Condados Palm Beach y la Costa del Tesoro\",\"inLanguage\":\"es-ES\",\"publisher\":{\"@id\":\"https:\\\/\\\/atlantikas.com\\\/palm-beach-costa-del-tesoro\\\/#organization\"}}]}\n\t\t<\/script>\n\t\t<!-- All in One SEO -->\n\n","aioseo_head_json":{"title":"PBC declara el 12 de enero 2024 D\u00eda del Dr. Joaqu\u00edn Garc\u00eda en la escuela que lleva su nombre - Atl\u00e1ntikas Noticias en Espa\u00f1ol Condados Palm Beach y la Costa del Tesoro","description":"El Condado Palm Beach, rendir\u00e1 honor a fallecido Dr. Joaqu\u00edn Garc\u00eda, director de la Coalici\u00f3n Hispana para la Educaci\u00f3n (HEC, por sus siglas en ingl\u00e9s) el viernes 12 de enero 2024, durante el D\u00eda del Dr. Joaqu\u00edn Garc\u00eda, durante la ceremonia en la escuela que lleva su nombre. Los invitamos a que asistan a la","canonical_url":"https:\/\/atlantikas.com\/palm-beach-costa-del-tesoro\/pbc-declara-el-12-de-enero-2024-dia-del-dr-joaquin-garcia-en-la-escuela-que-lleva-su-nombre\/","robots":"max-image-preview:large","keywords":"","webmasterTools":{"miscellaneous":""},"schema":{"@context":"https:\/\/schema.org","@graph":[{"@type":"BlogPosting","@id":"https:\/\/atlantikas.com\/palm-beach-costa-del-tesoro\/pbc-declara-el-12-de-enero-2024-dia-del-dr-joaquin-garcia-en-la-escuela-que-lleva-su-nombre\/#blogposting","name":"PBC declara el 12 de enero 2024 D\u00eda del Dr. Joaqu\u00edn Garc\u00eda en la escuela que lleva su nombre - Atl\u00e1ntikas Noticias en Espa\u00f1ol Condados Palm Beach y la Costa del Tesoro","headline":"PBC declara el 12 de enero 2024 D\u00eda del Dr. Joaqu\u00edn Garc\u00eda en la escuela que lleva su nombre","author":{"@id":"https:\/\/atlantikas.com\/palm-beach-costa-del-tesoro\/author\/mirtaluacesreportera\/#author"},"publisher":{"@id":"https:\/\/atlantikas.com\/palm-beach-costa-del-tesoro\/#organization"},"image":{"@type":"ImageObject","url":"https:\/\/atlantikas.com\/palm-beach-costa-del-tesoro\/wp-content\/uploads\/sites\/2\/2024\/01\/WhatsApp-Image-2024-01-11-at-16.47.27_34ec724d.jpg","width":834,"height":1024},"datePublished":"2024-01-11T16:59:17-05:00","dateModified":"2024-01-11T17:00:25-05:00","inLanguage":"es-ES","mainEntityOfPage":{"@id":"https:\/\/atlantikas.com\/palm-beach-costa-del-tesoro\/pbc-declara-el-12-de-enero-2024-dia-del-dr-joaquin-garcia-en-la-escuela-que-lleva-su-nombre\/#webpage"},"isPartOf":{"@id":"https:\/\/atlantikas.com\/palm-beach-costa-del-tesoro\/pbc-declara-el-12-de-enero-2024-dia-del-dr-joaquin-garcia-en-la-escuela-que-lleva-su-nombre\/#webpage"},"articleSection":"Condado Palm Beach, Educaci\u00f3n, mirtaluacesreportera"},{"@type":"BreadcrumbList","@id":"https:\/\/atlantikas.com\/palm-beach-costa-del-tesoro\/pbc-declara-el-12-de-enero-2024-dia-del-dr-joaquin-garcia-en-la-escuela-que-lleva-su-nombre\/#breadcrumblist","itemListElement":[{"@type":"ListItem","@id":"https:\/\/atlantikas.com\/palm-beach-costa-del-tesoro#listItem","position":1,"name":"Home","item":"https:\/\/atlantikas.com\/palm-beach-costa-del-tesoro","nextItem":{"@type":"ListItem","@id":"https:\/\/atlantikas.com\/palm-beach-costa-del-tesoro\/categoria\/educacion\/#listItem","name":"Educaci\u00f3n"}},{"@type":"ListItem","@id":"https:\/\/atlantikas.com\/palm-beach-costa-del-tesoro\/categoria\/educacion\/#listItem","position":2,"name":"Educaci\u00f3n","item":"https:\/\/atlantikas.com\/palm-beach-costa-del-tesoro\/categoria\/educacion\/","nextItem":{"@type":"ListItem","@id":"https:\/\/atlantikas.com\/palm-beach-costa-del-tesoro\/categoria\/educacion\/condado-palm-beach-educacion\/#listItem","name":"Condado Palm Beach"},"previousItem":{"@type":"ListItem","@id":"https:\/\/atlantikas.com\/palm-beach-costa-del-tesoro#listItem","name":"Home"}},{"@type":"ListItem","@id":"https:\/\/atlantikas.com\/palm-beach-costa-del-tesoro\/categoria\/educacion\/condado-palm-beach-educacion\/#listItem","position":3,"name":"Condado Palm Beach","item":"https:\/\/atlantikas.com\/palm-beach-costa-del-tesoro\/categoria\/educacion\/condado-palm-beach-educacion\/","nextItem":{"@type":"ListItem","@id":"https:\/\/atlantikas.com\/palm-beach-costa-del-tesoro\/pbc-declara-el-12-de-enero-2024-dia-del-dr-joaquin-garcia-en-la-escuela-que-lleva-su-nombre\/#listItem","name":"PBC declara el 12 de enero 2024 D\u00eda del Dr. Joaqu\u00edn Garc\u00eda en la escuela que lleva su nombre"},"previousItem":{"@type":"ListItem","@id":"https:\/\/atlantikas.com\/palm-beach-costa-del-tesoro\/categoria\/educacion\/#listItem","name":"Educaci\u00f3n"}},{"@type":"ListItem","@id":"https:\/\/atlantikas.com\/palm-beach-costa-del-tesoro\/pbc-declara-el-12-de-enero-2024-dia-del-dr-joaquin-garcia-en-la-escuela-que-lleva-su-nombre\/#listItem","position":4,"name":"PBC declara el 12 de enero 2024 D\u00eda del Dr. Joaqu\u00edn Garc\u00eda en la escuela que lleva su nombre","previousItem":{"@type":"ListItem","@id":"https:\/\/atlantikas.com\/palm-beach-costa-del-tesoro\/categoria\/educacion\/condado-palm-beach-educacion\/#listItem","name":"Condado Palm Beach"}}]},{"@type":"Organization","@id":"https:\/\/atlantikas.com\/palm-beach-costa-del-tesoro\/#organization","name":"Atl\u00e1ntikas Noticias en Espa\u00f1ol Condados Palm Beach y la Costa del Tesoro","description":"Noticias en Espa\u00f1ol | Condados Palm Beach y la Costa del Tesoro","url":"https:\/\/atlantikas.com\/palm-beach-costa-del-tesoro\/","email":"info@atlantikas.com","telephone":"+15613049509","foundingDate":"2023-08-26","logo":{"@type":"ImageObject","url":"https:\/\/atlantikas.com\/palm-beach-costa-del-tesoro\/wp-content\/uploads\/sites\/2\/2023\/06\/Atlantikas-Palm-Beach-Costa-del-Tesoro-Logo-Web-1.png","@id":"https:\/\/atlantikas.com\/palm-beach-costa-del-tesoro\/pbc-declara-el-12-de-enero-2024-dia-del-dr-joaquin-garcia-en-la-escuela-que-lleva-su-nombre\/#organizationLogo","width":1000,"height":375},"image":{"@id":"https:\/\/atlantikas.com\/palm-beach-costa-del-tesoro\/pbc-declara-el-12-de-enero-2024-dia-del-dr-joaquin-garcia-en-la-escuela-que-lleva-su-nombre\/#organizationLogo"},"sameAs":["https:\/\/www.facebook.com\/NoticiasAtlantikas\/","https:\/\/twitter.com\/atlantikasnoti","https:\/\/www.instagram.com\/noticiasatlantikas\/","https:\/\/www.youtube.com\/@Atlantikas-vn9dw\/channels","https:\/\/www.linkedin.com\/company\/atlantikas\/"]},{"@type":"Person","@id":"https:\/\/atlantikas.com\/palm-beach-costa-del-tesoro\/author\/mirtaluacesreportera\/#author","url":"https:\/\/atlantikas.com\/palm-beach-costa-del-tesoro\/author\/mirtaluacesreportera\/","name":"Mirta Luaces","image":{"@type":"ImageObject","@id":"https:\/\/atlantikas.com\/palm-beach-costa-del-tesoro\/pbc-declara-el-12-de-enero-2024-dia-del-dr-joaquin-garcia-en-la-escuela-que-lleva-su-nombre\/#authorImage","url":"https:\/\/atlantikas.com\/palm-beach-costa-del-tesoro\/wp-content\/uploads\/sites\/2\/2023\/11\/Mirta-Luaces-Atlantikas-Reporter-web-150x150.png","width":96,"height":96,"caption":"Mirta Luaces"},"sameAs":["|","mailto:mluaces@atlantikas.com","|"]},{"@type":"WebPage","@id":"https:\/\/atlantikas.com\/palm-beach-costa-del-tesoro\/pbc-declara-el-12-de-enero-2024-dia-del-dr-joaquin-garcia-en-la-escuela-que-lleva-su-nombre\/#webpage","url":"https:\/\/atlantikas.com\/palm-beach-costa-del-tesoro\/pbc-declara-el-12-de-enero-2024-dia-del-dr-joaquin-garcia-en-la-escuela-que-lleva-su-nombre\/","name":"PBC declara el 12 de enero 2024 D\u00eda del Dr. Joaqu\u00edn Garc\u00eda en la escuela que lleva su nombre - Atl\u00e1ntikas Noticias en Espa\u00f1ol Condados Palm Beach y la Costa del Tesoro","description":"El Condado Palm Beach, rendir\u00e1 honor a fallecido Dr. Joaqu\u00edn Garc\u00eda, director de la Coalici\u00f3n Hispana para la Educaci\u00f3n (HEC, por sus siglas en ingl\u00e9s) el viernes 12 de enero 2024, durante el D\u00eda del Dr. Joaqu\u00edn Garc\u00eda, durante la ceremonia en la escuela que lleva su nombre. Los invitamos a que asistan a la","inLanguage":"es-ES","isPartOf":{"@id":"https:\/\/atlantikas.com\/palm-beach-costa-del-tesoro\/#website"},"breadcrumb":{"@id":"https:\/\/atlantikas.com\/palm-beach-costa-del-tesoro\/pbc-declara-el-12-de-enero-2024-dia-del-dr-joaquin-garcia-en-la-escuela-que-lleva-su-nombre\/#breadcrumblist"},"author":{"@id":"https:\/\/atlantikas.com\/palm-beach-costa-del-tesoro\/author\/mirtaluacesreportera\/#author"},"creator":{"@id":"https:\/\/atlantikas.com\/palm-beach-costa-del-tesoro\/author\/mirtaluacesreportera\/#author"},"image":{"@type":"ImageObject","url":"https:\/\/atlantikas.com\/palm-beach-costa-del-tesoro\/wp-content\/uploads\/sites\/2\/2024\/01\/WhatsApp-Image-2024-01-11-at-16.47.27_34ec724d.jpg","@id":"https:\/\/atlantikas.com\/palm-beach-costa-del-tesoro\/pbc-declara-el-12-de-enero-2024-dia-del-dr-joaquin-garcia-en-la-escuela-que-lleva-su-nombre\/#mainImage","width":834,"height":1024},"primaryImageOfPage":{"@id":"https:\/\/atlantikas.com\/palm-beach-costa-del-tesoro\/pbc-declara-el-12-de-enero-2024-dia-del-dr-joaquin-garcia-en-la-escuela-que-lleva-su-nombre\/#mainImage"},"datePublished":"2024-01-11T16:59:17-05:00","dateModified":"2024-01-11T17:00:25-05:00"},{"@type":"WebSite","@id":"https:\/\/atlantikas.com\/palm-beach-costa-del-tesoro\/#website","url":"https:\/\/atlantikas.com\/palm-beach-costa-del-tesoro\/","name":"Atl\u00e1ntikas Noticias en Espa\u00f1ol Condados Palm Beach y la Costa del Tesoro","alternateName":"Atlantikas News","description":"Noticias en Espa\u00f1ol | Condados Palm Beach y la Costa del Tesoro","inLanguage":"es-ES","publisher":{"@id":"https:\/\/atlantikas.com\/palm-beach-costa-del-tesoro\/#organization"}}]},"og:locale":"es_ES","og:site_name":"Atl\u00e1ntikas Noticias en Espa\u00f1ol Condados Palm Beach y la Costa del Tesoro - Noticias en Espa\u00f1ol | Condados Palm Beach y la Costa del Tesoro","og:type":"article","og:title":"PBC declara el 12 de enero 2024 D\u00eda del Dr. Joaqu\u00edn Garc\u00eda en la escuela que lleva su nombre - Atl\u00e1ntikas Noticias en Espa\u00f1ol Condados Palm Beach y la Costa del Tesoro","og:description":"El Condado Palm Beach, rendir\u00e1 honor a fallecido Dr. Joaqu\u00edn Garc\u00eda, director de la Coalici\u00f3n Hispana para la Educaci\u00f3n (HEC, por sus siglas en ingl\u00e9s) el viernes 12 de enero 2024, durante el D\u00eda del Dr. Joaqu\u00edn Garc\u00eda, durante la ceremonia en la escuela que lleva su nombre. Los invitamos a que asistan a la","og:url":"https:\/\/atlantikas.com\/palm-beach-costa-del-tesoro\/pbc-declara-el-12-de-enero-2024-dia-del-dr-joaquin-garcia-en-la-escuela-que-lleva-su-nombre\/","og:image":"https:\/\/atlantikas.com\/palm-beach-costa-del-tesoro\/wp-content\/uploads\/sites\/2\/2024\/01\/WhatsApp-Image-2024-01-11-at-16.47.27_34ec724d.jpg","og:image:secure_url":"https:\/\/atlantikas.com\/palm-beach-costa-del-tesoro\/wp-content\/uploads\/sites\/2\/2024\/01\/WhatsApp-Image-2024-01-11-at-16.47.27_34ec724d.jpg","og:image:width":834,"og:image:height":1024,"article:published_time":"2024-01-11T21:59:17+00:00","article:modified_time":"2024-01-11T22:00:25+00:00","article:publisher":"https:\/\/www.facebook.com\/NoticiasAtlantikas\/","twitter:card":"summary_large_image","twitter:site":"@atlantikasnoti","twitter:title":"PBC declara el 12 de enero 2024 D\u00eda del Dr. Joaqu\u00edn Garc\u00eda en la escuela que lleva su nombre - Atl\u00e1ntikas Noticias en Espa\u00f1ol Condados Palm Beach y la Costa del Tesoro","twitter:description":"El Condado Palm Beach, rendir\u00e1 honor a fallecido Dr. Joaqu\u00edn Garc\u00eda, director de la Coalici\u00f3n Hispana para la Educaci\u00f3n (HEC, por sus siglas en ingl\u00e9s) el viernes 12 de enero 2024, durante el D\u00eda del Dr. Joaqu\u00edn Garc\u00eda, durante la ceremonia en la escuela que lleva su nombre. Los invitamos a que asistan a la","twitter:creator":"@atlantikasnoti","twitter:image":"https:\/\/atlantikas.com\/palm-beach-costa-del-tesoro\/wp-content\/uploads\/sites\/2\/2024\/01\/WhatsApp-Image-2024-01-11-at-16.47.27_34ec724d.jpg"},"aioseo_meta_data":{"post_id":"3933","title":null,"description":null,"keywords":[],"keyphrases":{"focus":{"keyphrase":"","score":0,"analysis":{"keyphraseInTitle":{"score":0,"maxScore":9,"error":1}}},"additional":[]},"primary_term":null,"canonical_url":null,"og_title":null,"og_description":null,"og_object_type":"default","og_image_type":"default","og_image_url":null,"og_image_width":null,"og_image_height":null,"og_image_custom_url":null,"og_image_custom_fields":null,"og_video":"","og_custom_url":null,"og_article_section":null,"og_article_tags":[],"twitter_use_og":false,"twitter_card":"default","twitter_image_type":"default","twitter_image_url":null,"twitter_image_custom_url":null,"twitter_image_custom_fields":null,"twitter_title":null,"twitter_description":null,"schema":{"blockGraphs":[],"customGraphs":[],"default":{"data":{"Article":[],"Course":[],"Dataset":[],"FAQPage":[],"Movie":[],"Person":[],"Product":[],"ProductReview":[],"Car":[],"Recipe":[],"Service":[],"SoftwareApplication":[],"WebPage":[]},"graphName":"BlogPosting","isEnabled":true},"graphs":[]},"schema_type":"default","schema_type_options":null,"pillar_content":false,"robots_default":true,"robots_noindex":false,"robots_noarchive":false,"robots_nosnippet":false,"robots_nofollow":false,"robots_noimageindex":false,"robots_noodp":false,"robots_notranslate":false,"robots_max_snippet":"-1","robots_max_videopreview":"-1","robots_max_imagepreview":"large","priority":null,"frequency":"default","local_seo":null,"breadcrumb_settings":null,"limit_modified_date":false,"ai":null,"created":"2024-01-11 21:59:17","updated":"2025-06-04 22:24:02","seo_analyzer_scan_date":null,"focus_keyword":null,"additional_keywords":null,"truseo_locale":null},"aioseo_breadcrumb":"<div class=\"aioseo-breadcrumbs\"><span class=\"aioseo-breadcrumb\">\n\t\t\t<a href=\"https:\/\/atlantikas.com\/palm-beach-costa-del-tesoro\" title=\"Home\">Home<\/a>\n\t\t<\/span><span class=\"aioseo-breadcrumb-separator\">&raquo;<\/span><span class=\"aioseo-breadcrumb\">\n\t\t\t<a href=\"https:\/\/atlantikas.com\/palm-beach-costa-del-tesoro\/categoria\/educacion\/\" title=\"Educaci\u00f3n\">Educaci\u00f3n<\/a>\n\t\t<\/span><span class=\"aioseo-breadcrumb-separator\">&raquo;<\/span><span class=\"aioseo-breadcrumb\">\n\t\t\t<a href=\"https:\/\/atlantikas.com\/palm-beach-costa-del-tesoro\/categoria\/educacion\/condado-palm-beach-educacion\/\" title=\"Condado Palm Beach\">Condado Palm Beach<\/a>\n\t\t<\/span><span class=\"aioseo-breadcrumb-separator\">&raquo;<\/span><span class=\"aioseo-breadcrumb\">\n\t\t\tPBC declara el 12 de enero 2024 D\u00eda del Dr. Joaqu\u00edn Garc\u00eda en la escuela que lleva su nombre\n\t\t<\/span><\/div>","aioseo_breadcrumb_json":[{"label":"Home","link":"https:\/\/atlantikas.com\/palm-beach-costa-del-tesoro"},{"label":"Educaci\u00f3n","link":"https:\/\/atlantikas.com\/palm-beach-costa-del-tesoro\/categoria\/educacion\/"},{"label":"Condado Palm Beach","link":"https:\/\/atlantikas.com\/palm-beach-costa-del-tesoro\/categoria\/educacion\/condado-palm-beach-educacion\/"},{"label":"PBC declara el 12 de enero 2024 D\u00eda del Dr. Joaqu\u00edn Garc\u00eda en la escuela que lleva su nombre","link":"https:\/\/atlantikas.com\/palm-beach-costa-del-tesoro\/pbc-declara-el-12-de-enero-2024-dia-del-dr-joaquin-garcia-en-la-escuela-que-lleva-su-nombre\/"}],"image_feature":"https:\/\/atlantikas.com\/palm-beach-costa-del-tesoro\/wp-content\/uploads\/sites\/2\/2024\/01\/WhatsApp-Image-2024-01-11-at-16.47.27_34ec724d.jpg","author_name":"Mirta Luaces","pure_taxonomies":{"categories":[{"term_id":261,"name":"Condado Palm Beach","slug":"condado-palm-beach-educacion","term_group":0,"term_taxonomy_id":261,"taxonomy":"category","description":"","parent":20,"count":97,"filter":"raw","image":""},{"term_id":20,"name":"Educaci\u00f3n","slug":"educacion","term_group":0,"term_taxonomy_id":20,"taxonomy":"category","description":"Noticias locales de los condados de Palm Beach, Martin, Indian River y St. Lucie.","parent":0,"count":169,"filter":"raw","image":""}]},"jetpack_featured_media_url":"https:\/\/atlantikas.com\/palm-beach-costa-del-tesoro\/wp-content\/uploads\/sites\/2\/2024\/01\/WhatsApp-Image-2024-01-11-at-16.47.27_34ec724d.jpg","jetpack_sharing_enabled":true,"jetpack-related-posts":[],"_links":{"self":[{"href":"https:\/\/atlantikas.com\/palm-beach-costa-del-tesoro\/wp-json\/wp\/v2\/posts\/3933","targetHints":{"allow":["GET"]}}],"collection":[{"href":"https:\/\/atlantikas.com\/palm-beach-costa-del-tesoro\/wp-json\/wp\/v2\/posts"}],"about":[{"href":"https:\/\/atlantikas.com\/palm-beach-costa-del-tesoro\/wp-json\/wp\/v2\/types\/post"}],"author":[{"embeddable":true,"href":"https:\/\/atlantikas.com\/palm-beach-costa-del-tesoro\/wp-json\/wp\/v2\/users\/4"}],"replies":[{"embeddable":true,"href":"https:\/\/atlantikas.com\/palm-beach-costa-del-tesoro\/wp-json\/wp\/v2\/comments?post=3933"}],"version-history":[{"count":1,"href":"https:\/\/atlantikas.com\/palm-beach-costa-del-tesoro\/wp-json\/wp\/v2\/posts\/3933\/revisions"}],"predecessor-version":[{"id":3937,"href":"https:\/\/atlantikas.com\/palm-beach-costa-del-tesoro\/wp-json\/wp\/v2\/posts\/3933\/revisions\/3937"}],"wp:featuredmedia":[{"embeddable":true,"href":"https:\/\/atlantikas.com\/palm-beach-costa-del-tesoro\/wp-json\/wp\/v2\/media\/3934"}],"wp:attachment":[{"href":"https:\/\/atlantikas.com\/palm-beach-costa-del-tesoro\/wp-json\/wp\/v2\/media?parent=3933"}],"wp:term":[{"taxonomy":"category","embeddable":true,"href":"https:\/\/atlantikas.com\/palm-beach-costa-del-tesoro\/wp-json\/wp\/v2\/categories?post=3933"},{"taxonomy":"post_tag","embeddable":true,"href":"https:\/\/atlantikas.com\/palm-beach-costa-del-tesoro\/wp-json\/wp\/v2\/tags?post=3933"},{"taxonomy":"author","embeddable":true,"href":"https:\/\/atlantikas.com\/palm-beach-costa-del-tesoro\/wp-json\/wp\/v2\/coauthors?post=3933"}],"curies":[{"name":"wp","href":"https:\/\/api.w.org\/{rel}","templated":true}]}}