{"id":3786,"date":"2023-12-31T13:00:19","date_gmt":"2023-12-31T18:00:19","guid":{"rendered":"https:\/\/atlantikas.com\/palm-beach-costa-del-tesoro\/?p=3786"},"modified":"2023-12-31T13:00:59","modified_gmt":"2023-12-31T18:00:59","slug":"el-origen-de-la-celebracion-de-ano-nuevo","status":"publish","type":"post","link":"https:\/\/atlantikas.com\/palm-beach-costa-del-tesoro\/el-origen-de-la-celebracion-de-ano-nuevo\/","title":{"rendered":"El origen de la celebraci\u00f3n de A\u00f1o Nuevo"},"content":{"rendered":"<div class=\"mdp-speaker-wrapper\">\n            \n            \n            \n            \n            <div class=\"mdp-speaker-box mdp-speaker-box before-content speaker-wavesurfer\">\n                <div class=\"mdp-speaker-player\"  data-title=\"El origen de la celebraci\u00f3n de A\u00f1o Nuevo\" data-author=\"4\" data-thumbnail=\"https:\/\/atlantikas.com\/palm-beach-costa-del-tesoro\/wp-content\/uploads\/sites\/2\/2023\/12\/htvieQ4W-1-scaled.jpeg\" data-type=\"speaker-wavesurfer\" data-id=\"3786\" data-src=\"https:\/\/atlantikas.com\/palm-beach-costa-del-tesoro\/wp-content\/uploads\/sites\/2\/speaker\/post-3786.mp3?cb=1704045642.mp3\" data-download=\"1\" data-speeds=\"0.5,0.75,1,1.25,1.5\" data-share=\"\" >\n                    <div class=\"mdp-speaker-wavesurfer-player mdp-speaker-wavesurfer-placeholder\"><\/div>\n                <\/div>\n            <\/div>\n            \n            \n            \n            \n\t\t\t<\/div><p>Al sonar la \u00faltima campana del a\u00f1o viejo, el 31 de diciembre, entre pitos, matracas, luces, champ\u00e1n y uvas, el mundo da la bienvenida a un nuevo a\u00f1o.<\/p>\n<p>Sin embargo, no siempre el nuevo a\u00f1o dio comienzo el 1.\u00ba, de enero, fue el Papa Gregorio XII, en 1582, el que dispuso que en todos los pa\u00edses cat\u00f3licos, el nuevo a\u00f1o comenzara el 1.\u00ba, de enero.<\/p>\n<p>La fecha no surgi\u00f3 por casualidad, se estructur\u00f3 sobre un error de c\u00e1lculo cometido por el monje Dionisio el Exiguo, al fijar entre cuatro y cinco a\u00f1os el comienzo de la era cristiana. Despu\u00e9s de que en el 753, la fecha del nacimiento de Jes\u00fas se cambi\u00f3 al 25 de diciembre, se decidi\u00f3 que el primer a\u00f1o de nuestra era coincidiera con el a\u00f1o 754 de la fundaci\u00f3n de Roma, sin tener en cuenta que Herodes hab\u00eda fallecido hac\u00eda cuatro a\u00f1os.<\/p>\n<p>Sin embargo, estudios basados en el siglo XVI, por el astr\u00f3nomo Johann Kepler, basado en la aparici\u00f3n de la estrella de Bel\u00e9n, (una triple conjunci\u00f3n de Marte, J\u00fapiter y Saturno en el signo de Piscis) llevaron a la conclusi\u00f3n de que Jes\u00fas no hab\u00eda nacido en diciembre como se dec\u00eda, sino a mediados de septiembre del a\u00f1o s\u00e9ptimo y no en diciembre del a\u00f1o primero.<\/p>\n<p>Eso significar\u00eda, que el 31 de diciembre, en vez de brindar por el 2024, tendr\u00edamos que brindar por el 2029 o 2030.<\/p>\n<p>De c\u00f3mo entraron las uvas a las celebraciones de A\u00f1o Nuevo, es otra cosa, la tradici\u00f3n de las 12 uvas tiene su origen en Espa\u00f1a, que consiste en comerse doce uvas, una por cada campanada que da comienzo al a\u00f1o, para tener suerte durante todo el a\u00f1o.<\/p>\n<p>La tradici\u00f3n que comenz\u00f3, cuando en 1895 apareci\u00f3 una referencia escrita, sobre las doce uvas, sobre el presidente del consejo de ministro, que despidi\u00f3 el a\u00f1o tomando champ\u00e1n y comiendo uvas.<\/p>\n<p>Desde entonces se populariz\u00f3 la costumbre, que r\u00e1pidamente se extendi\u00f3 hacia toda la Am\u00e9rica de habla hispana, llegando as\u00ed hasta nuestros d\u00edas.<\/p>\n<p>Otras de las tradiciones populares de fin de a\u00f1o, es la al dar finalizar las doce campanadas del reloj, las personas se abrazan y se besan, desando un venturoso a\u00f1o venidero.<\/p>\n<p>Cualquiera que sea la costumbre, o la forma en que se espere el nuevo a\u00f1o, deseamos a todos un venturoso 2024.<\/p>\n<p>&nbsp;<\/p>\n<p>&nbsp;<\/p>\n<p>&nbsp;<\/p>\n<p>&nbsp;<\/p>\n","protected":false},"excerpt":{"rendered":"<p>Al sonar la \u00faltima campana del a\u00f1o viejo, el 31 de diciembre, entre pitos, matracas, luces, champ\u00e1n y uvas, el mundo da la bienvenida a un nuevo a\u00f1o. Sin embargo, no siempre el nuevo a\u00f1o dio comienzo el 1.\u00ba, de enero, fue el Papa Gregorio XII, en 1582, el que dispuso que en todos los &hellip;<\/p>\n","protected":false},"author":4,"featured_media":3787,"comment_status":"open","ping_status":"open","sticky":false,"template":"","format":"standard","meta":{"om_disable_all_campaigns":false,"_monsterinsights_skip_tracking":false,"_jetpack_newsletter_access":"","_jetpack_dont_email_post_to_subs":false,"_jetpack_newsletter_tier_id":0,"_jetpack_memberships_contains_paywalled_content":false,"_jetpack_feature_clip_id":0,"_jetpack_memberships_contains_paid_content":false,"footnotes":"","jetpack_post_was_ever_published":false},"categories":[259,28],"tags":[],"coauthors":[42],"class_list":["post-3786","post","type-post","status-publish","format-standard","has-post-thumbnail","hentry","category-editorial","category-opinion"],"aioseo_notices":[],"aioseo_head":"\n\t\t<!-- All in One SEO 5.0.0.1 - aioseo.com -->\n\t<meta name=\"description\" content=\"Al sonar la \u00faltima campana del a\u00f1o viejo, el 31 de diciembre, entre pitos, matracas, luces, champ\u00e1n y uvas, el mundo da la bienvenida a un nuevo a\u00f1o. Sin embargo, no siempre el nuevo a\u00f1o dio comienzo el 1.\u00ba, de enero, fue el Papa Gregorio XII, en 1582, el que dispuso que en todos los\" \/>\n\t<meta name=\"robots\" content=\"max-image-preview:large\" \/>\n\t<meta name=\"author\" content=\"Mirta Luaces\"\/>\n\t<link rel=\"canonical\" href=\"https:\/\/atlantikas.com\/palm-beach-costa-del-tesoro\/el-origen-de-la-celebracion-de-ano-nuevo\/\" \/>\n\t<meta name=\"generator\" content=\"All in One SEO (AIOSEO) 5.0.0.1\" \/>\n\t\t<meta property=\"og:locale\" content=\"es_ES\" \/>\n\t\t<meta property=\"og:site_name\" content=\"Atl\u00e1ntikas Noticias en Espa\u00f1ol Condados Palm Beach y la Costa del Tesoro - Noticias en Espa\u00f1ol | Condados Palm Beach y la Costa del Tesoro\" \/>\n\t\t<meta property=\"og:type\" content=\"article\" \/>\n\t\t<meta property=\"og:title\" content=\"El origen de la celebraci\u00f3n de A\u00f1o Nuevo - Atl\u00e1ntikas Noticias en Espa\u00f1ol Condados Palm Beach y la Costa del Tesoro\" \/>\n\t\t<meta property=\"og:description\" content=\"Al sonar la \u00faltima campana del a\u00f1o viejo, el 31 de diciembre, entre pitos, matracas, luces, champ\u00e1n y uvas, el mundo da la bienvenida a un nuevo a\u00f1o. Sin embargo, no siempre el nuevo a\u00f1o dio comienzo el 1.\u00ba, de enero, fue el Papa Gregorio XII, en 1582, el que dispuso que en todos los\" \/>\n\t\t<meta property=\"og:url\" content=\"https:\/\/atlantikas.com\/palm-beach-costa-del-tesoro\/el-origen-de-la-celebracion-de-ano-nuevo\/\" \/>\n\t\t<meta property=\"og:image\" content=\"https:\/\/atlantikas.com\/palm-beach-costa-del-tesoro\/wp-content\/uploads\/sites\/2\/2023\/12\/htvieQ4W-1-scaled.jpeg\" \/>\n\t\t<meta property=\"og:image:secure_url\" content=\"https:\/\/atlantikas.com\/palm-beach-costa-del-tesoro\/wp-content\/uploads\/sites\/2\/2023\/12\/htvieQ4W-1-scaled.jpeg\" \/>\n\t\t<meta property=\"og:image:width\" content=\"2560\" \/>\n\t\t<meta property=\"og:image:height\" content=\"1709\" \/>\n\t\t<meta property=\"article:published_time\" content=\"2023-12-31T18:00:19+00:00\" \/>\n\t\t<meta property=\"article:modified_time\" content=\"2023-12-31T18:00:59+00:00\" \/>\n\t\t<meta property=\"article:publisher\" content=\"https:\/\/www.facebook.com\/NoticiasAtlantikas\/\" \/>\n\t\t<meta name=\"twitter:card\" content=\"summary_large_image\" \/>\n\t\t<meta name=\"twitter:site\" content=\"@atlantikasnoti\" \/>\n\t\t<meta name=\"twitter:title\" content=\"El origen de la celebraci\u00f3n de A\u00f1o Nuevo - Atl\u00e1ntikas Noticias en Espa\u00f1ol Condados Palm Beach y la Costa del Tesoro\" \/>\n\t\t<meta name=\"twitter:description\" content=\"Al sonar la \u00faltima campana del a\u00f1o viejo, el 31 de diciembre, entre pitos, matracas, luces, champ\u00e1n y uvas, el mundo da la bienvenida a un nuevo a\u00f1o. Sin embargo, no siempre el nuevo a\u00f1o dio comienzo el 1.\u00ba, de enero, fue el Papa Gregorio XII, en 1582, el que dispuso que en todos los\" \/>\n\t\t<meta name=\"twitter:creator\" content=\"@atlantikasnoti\" \/>\n\t\t<meta name=\"twitter:image\" content=\"https:\/\/atlantikas.com\/palm-beach-costa-del-tesoro\/wp-content\/uploads\/sites\/2\/2023\/12\/htvieQ4W-1-scaled.jpeg\" \/>\n\t\t<script type=\"application\/ld+json\" class=\"aioseo-schema\">\n\t\t\t{\"@context\":\"https:\\\/\\\/schema.org\",\"@graph\":[{\"@type\":\"BlogPosting\",\"@id\":\"https:\\\/\\\/atlantikas.com\\\/palm-beach-costa-del-tesoro\\\/el-origen-de-la-celebracion-de-ano-nuevo\\\/#blogposting\",\"name\":\"El origen de la celebraci\\u00f3n de A\\u00f1o Nuevo - Atl\\u00e1ntikas Noticias en Espa\\u00f1ol Condados Palm Beach y la Costa del Tesoro\",\"headline\":\"El origen de la celebraci\\u00f3n de A\\u00f1o Nuevo\",\"author\":{\"@id\":\"https:\\\/\\\/atlantikas.com\\\/palm-beach-costa-del-tesoro\\\/author\\\/mirtaluacesreportera\\\/#author\"},\"publisher\":{\"@id\":\"https:\\\/\\\/atlantikas.com\\\/palm-beach-costa-del-tesoro\\\/#organization\"},\"image\":{\"@type\":\"ImageObject\",\"url\":\"https:\\\/\\\/atlantikas.com\\\/palm-beach-costa-del-tesoro\\\/wp-content\\\/uploads\\\/sites\\\/2\\\/2023\\\/12\\\/htvieQ4W-1-scaled.jpeg\",\"width\":2560,\"height\":1709,\"caption\":\"Atlantikas.com\"},\"datePublished\":\"2023-12-31T13:00:19-05:00\",\"dateModified\":\"2023-12-31T13:00:59-05:00\",\"inLanguage\":\"es-ES\",\"mainEntityOfPage\":{\"@id\":\"https:\\\/\\\/atlantikas.com\\\/palm-beach-costa-del-tesoro\\\/el-origen-de-la-celebracion-de-ano-nuevo\\\/#webpage\"},\"isPartOf\":{\"@id\":\"https:\\\/\\\/atlantikas.com\\\/palm-beach-costa-del-tesoro\\\/el-origen-de-la-celebracion-de-ano-nuevo\\\/#webpage\"},\"articleSection\":\"Editorial, Opini\\u00f3n, mirtaluacesreportera\"},{\"@type\":\"BreadcrumbList\",\"@id\":\"https:\\\/\\\/atlantikas.com\\\/palm-beach-costa-del-tesoro\\\/el-origen-de-la-celebracion-de-ano-nuevo\\\/#breadcrumblist\",\"itemListElement\":[{\"@type\":\"ListItem\",\"@id\":\"https:\\\/\\\/atlantikas.com\\\/palm-beach-costa-del-tesoro#listItem\",\"position\":1,\"name\":\"Home\",\"item\":\"https:\\\/\\\/atlantikas.com\\\/palm-beach-costa-del-tesoro\",\"nextItem\":{\"@type\":\"ListItem\",\"@id\":\"https:\\\/\\\/atlantikas.com\\\/palm-beach-costa-del-tesoro\\\/categoria\\\/opinion\\\/#listItem\",\"name\":\"Opini\\u00f3n\"}},{\"@type\":\"ListItem\",\"@id\":\"https:\\\/\\\/atlantikas.com\\\/palm-beach-costa-del-tesoro\\\/categoria\\\/opinion\\\/#listItem\",\"position\":2,\"name\":\"Opini\\u00f3n\",\"item\":\"https:\\\/\\\/atlantikas.com\\\/palm-beach-costa-del-tesoro\\\/categoria\\\/opinion\\\/\",\"nextItem\":{\"@type\":\"ListItem\",\"@id\":\"https:\\\/\\\/atlantikas.com\\\/palm-beach-costa-del-tesoro\\\/categoria\\\/opinion\\\/editorial\\\/#listItem\",\"name\":\"Editorial\"},\"previousItem\":{\"@type\":\"ListItem\",\"@id\":\"https:\\\/\\\/atlantikas.com\\\/palm-beach-costa-del-tesoro#listItem\",\"name\":\"Home\"}},{\"@type\":\"ListItem\",\"@id\":\"https:\\\/\\\/atlantikas.com\\\/palm-beach-costa-del-tesoro\\\/categoria\\\/opinion\\\/editorial\\\/#listItem\",\"position\":3,\"name\":\"Editorial\",\"item\":\"https:\\\/\\\/atlantikas.com\\\/palm-beach-costa-del-tesoro\\\/categoria\\\/opinion\\\/editorial\\\/\",\"nextItem\":{\"@type\":\"ListItem\",\"@id\":\"https:\\\/\\\/atlantikas.com\\\/palm-beach-costa-del-tesoro\\\/el-origen-de-la-celebracion-de-ano-nuevo\\\/#listItem\",\"name\":\"El origen de la celebraci\\u00f3n de A\\u00f1o Nuevo\"},\"previousItem\":{\"@type\":\"ListItem\",\"@id\":\"https:\\\/\\\/atlantikas.com\\\/palm-beach-costa-del-tesoro\\\/categoria\\\/opinion\\\/#listItem\",\"name\":\"Opini\\u00f3n\"}},{\"@type\":\"ListItem\",\"@id\":\"https:\\\/\\\/atlantikas.com\\\/palm-beach-costa-del-tesoro\\\/el-origen-de-la-celebracion-de-ano-nuevo\\\/#listItem\",\"position\":4,\"name\":\"El origen de la celebraci\\u00f3n de A\\u00f1o Nuevo\",\"previousItem\":{\"@type\":\"ListItem\",\"@id\":\"https:\\\/\\\/atlantikas.com\\\/palm-beach-costa-del-tesoro\\\/categoria\\\/opinion\\\/editorial\\\/#listItem\",\"name\":\"Editorial\"}}]},{\"@type\":\"Organization\",\"@id\":\"https:\\\/\\\/atlantikas.com\\\/palm-beach-costa-del-tesoro\\\/#organization\",\"name\":\"Atl\\u00e1ntikas Noticias en Espa\\u00f1ol Condados Palm Beach y la Costa del Tesoro\",\"description\":\"Noticias en Espa\\u00f1ol | Condados Palm Beach y la Costa del Tesoro\",\"url\":\"https:\\\/\\\/atlantikas.com\\\/palm-beach-costa-del-tesoro\\\/\",\"email\":\"info@atlantikas.com\",\"telephone\":\"+15613049509\",\"foundingDate\":\"2023-08-26\",\"logo\":{\"@type\":\"ImageObject\",\"url\":\"https:\\\/\\\/atlantikas.com\\\/palm-beach-costa-del-tesoro\\\/wp-content\\\/uploads\\\/sites\\\/2\\\/2023\\\/06\\\/Atlantikas-Palm-Beach-Costa-del-Tesoro-Logo-Web-1.png\",\"@id\":\"https:\\\/\\\/atlantikas.com\\\/palm-beach-costa-del-tesoro\\\/el-origen-de-la-celebracion-de-ano-nuevo\\\/#organizationLogo\",\"width\":1000,\"height\":375},\"image\":{\"@id\":\"https:\\\/\\\/atlantikas.com\\\/palm-beach-costa-del-tesoro\\\/el-origen-de-la-celebracion-de-ano-nuevo\\\/#organizationLogo\"},\"sameAs\":[\"https:\\\/\\\/www.facebook.com\\\/NoticiasAtlantikas\\\/\",\"https:\\\/\\\/twitter.com\\\/atlantikasnoti\",\"https:\\\/\\\/www.instagram.com\\\/noticiasatlantikas\\\/\",\"https:\\\/\\\/www.youtube.com\\\/@Atlantikas-vn9dw\\\/channels\",\"https:\\\/\\\/www.linkedin.com\\\/company\\\/atlantikas\\\/\"]},{\"@type\":\"Person\",\"@id\":\"https:\\\/\\\/atlantikas.com\\\/palm-beach-costa-del-tesoro\\\/author\\\/mirtaluacesreportera\\\/#author\",\"url\":\"https:\\\/\\\/atlantikas.com\\\/palm-beach-costa-del-tesoro\\\/author\\\/mirtaluacesreportera\\\/\",\"name\":\"Mirta Luaces\",\"image\":{\"@type\":\"ImageObject\",\"@id\":\"https:\\\/\\\/atlantikas.com\\\/palm-beach-costa-del-tesoro\\\/el-origen-de-la-celebracion-de-ano-nuevo\\\/#authorImage\",\"url\":\"https:\\\/\\\/atlantikas.com\\\/palm-beach-costa-del-tesoro\\\/wp-content\\\/uploads\\\/sites\\\/2\\\/2023\\\/11\\\/Mirta-Luaces-Atlantikas-Reporter-web-150x150.png\",\"width\":96,\"height\":96,\"caption\":\"Mirta Luaces\"},\"sameAs\":[\"|\",\"mailto:mluaces@atlantikas.com\",\"|\"]},{\"@type\":\"WebPage\",\"@id\":\"https:\\\/\\\/atlantikas.com\\\/palm-beach-costa-del-tesoro\\\/el-origen-de-la-celebracion-de-ano-nuevo\\\/#webpage\",\"url\":\"https:\\\/\\\/atlantikas.com\\\/palm-beach-costa-del-tesoro\\\/el-origen-de-la-celebracion-de-ano-nuevo\\\/\",\"name\":\"El origen de la celebraci\\u00f3n de A\\u00f1o Nuevo - Atl\\u00e1ntikas Noticias en Espa\\u00f1ol Condados Palm Beach y la Costa del Tesoro\",\"description\":\"Al sonar la \\u00faltima campana del a\\u00f1o viejo, el 31 de diciembre, entre pitos, matracas, luces, champ\\u00e1n y uvas, el mundo da la bienvenida a un nuevo a\\u00f1o. Sin embargo, no siempre el nuevo a\\u00f1o dio comienzo el 1.\\u00ba, de enero, fue el Papa Gregorio XII, en 1582, el que dispuso que en todos los\",\"inLanguage\":\"es-ES\",\"isPartOf\":{\"@id\":\"https:\\\/\\\/atlantikas.com\\\/palm-beach-costa-del-tesoro\\\/#website\"},\"breadcrumb\":{\"@id\":\"https:\\\/\\\/atlantikas.com\\\/palm-beach-costa-del-tesoro\\\/el-origen-de-la-celebracion-de-ano-nuevo\\\/#breadcrumblist\"},\"author\":{\"@id\":\"https:\\\/\\\/atlantikas.com\\\/palm-beach-costa-del-tesoro\\\/author\\\/mirtaluacesreportera\\\/#author\"},\"creator\":{\"@id\":\"https:\\\/\\\/atlantikas.com\\\/palm-beach-costa-del-tesoro\\\/author\\\/mirtaluacesreportera\\\/#author\"},\"image\":{\"@type\":\"ImageObject\",\"url\":\"https:\\\/\\\/atlantikas.com\\\/palm-beach-costa-del-tesoro\\\/wp-content\\\/uploads\\\/sites\\\/2\\\/2023\\\/12\\\/htvieQ4W-1-scaled.jpeg\",\"@id\":\"https:\\\/\\\/atlantikas.com\\\/palm-beach-costa-del-tesoro\\\/el-origen-de-la-celebracion-de-ano-nuevo\\\/#mainImage\",\"width\":2560,\"height\":1709,\"caption\":\"Atlantikas.com\"},\"primaryImageOfPage\":{\"@id\":\"https:\\\/\\\/atlantikas.com\\\/palm-beach-costa-del-tesoro\\\/el-origen-de-la-celebracion-de-ano-nuevo\\\/#mainImage\"},\"datePublished\":\"2023-12-31T13:00:19-05:00\",\"dateModified\":\"2023-12-31T13:00:59-05:00\"},{\"@type\":\"WebSite\",\"@id\":\"https:\\\/\\\/atlantikas.com\\\/palm-beach-costa-del-tesoro\\\/#website\",\"url\":\"https:\\\/\\\/atlantikas.com\\\/palm-beach-costa-del-tesoro\\\/\",\"name\":\"Atl\\u00e1ntikas Noticias en Espa\\u00f1ol Condados Palm Beach y la Costa del Tesoro\",\"alternateName\":\"Atlantikas News\",\"description\":\"Noticias en Espa\\u00f1ol | Condados Palm Beach y la Costa del Tesoro\",\"inLanguage\":\"es-ES\",\"publisher\":{\"@id\":\"https:\\\/\\\/atlantikas.com\\\/palm-beach-costa-del-tesoro\\\/#organization\"}}]}\n\t\t<\/script>\n\t\t<!-- All in One SEO -->\n\n","aioseo_head_json":{"title":"El origen de la celebraci\u00f3n de A\u00f1o Nuevo - Atl\u00e1ntikas Noticias en Espa\u00f1ol Condados Palm Beach y la Costa del Tesoro","description":"Al sonar la \u00faltima campana del a\u00f1o viejo, el 31 de diciembre, entre pitos, matracas, luces, champ\u00e1n y uvas, el mundo da la bienvenida a un nuevo a\u00f1o. Sin embargo, no siempre el nuevo a\u00f1o dio comienzo el 1.\u00ba, de enero, fue el Papa Gregorio XII, en 1582, el que dispuso que en todos los","canonical_url":"https:\/\/atlantikas.com\/palm-beach-costa-del-tesoro\/el-origen-de-la-celebracion-de-ano-nuevo\/","robots":"max-image-preview:large","keywords":"","webmasterTools":{"miscellaneous":""},"schema":{"@context":"https:\/\/schema.org","@graph":[{"@type":"BlogPosting","@id":"https:\/\/atlantikas.com\/palm-beach-costa-del-tesoro\/el-origen-de-la-celebracion-de-ano-nuevo\/#blogposting","name":"El origen de la celebraci\u00f3n de A\u00f1o Nuevo - Atl\u00e1ntikas Noticias en Espa\u00f1ol Condados Palm Beach y la Costa del Tesoro","headline":"El origen de la celebraci\u00f3n de A\u00f1o Nuevo","author":{"@id":"https:\/\/atlantikas.com\/palm-beach-costa-del-tesoro\/author\/mirtaluacesreportera\/#author"},"publisher":{"@id":"https:\/\/atlantikas.com\/palm-beach-costa-del-tesoro\/#organization"},"image":{"@type":"ImageObject","url":"https:\/\/atlantikas.com\/palm-beach-costa-del-tesoro\/wp-content\/uploads\/sites\/2\/2023\/12\/htvieQ4W-1-scaled.jpeg","width":2560,"height":1709,"caption":"Atlantikas.com"},"datePublished":"2023-12-31T13:00:19-05:00","dateModified":"2023-12-31T13:00:59-05:00","inLanguage":"es-ES","mainEntityOfPage":{"@id":"https:\/\/atlantikas.com\/palm-beach-costa-del-tesoro\/el-origen-de-la-celebracion-de-ano-nuevo\/#webpage"},"isPartOf":{"@id":"https:\/\/atlantikas.com\/palm-beach-costa-del-tesoro\/el-origen-de-la-celebracion-de-ano-nuevo\/#webpage"},"articleSection":"Editorial, Opini\u00f3n, mirtaluacesreportera"},{"@type":"BreadcrumbList","@id":"https:\/\/atlantikas.com\/palm-beach-costa-del-tesoro\/el-origen-de-la-celebracion-de-ano-nuevo\/#breadcrumblist","itemListElement":[{"@type":"ListItem","@id":"https:\/\/atlantikas.com\/palm-beach-costa-del-tesoro#listItem","position":1,"name":"Home","item":"https:\/\/atlantikas.com\/palm-beach-costa-del-tesoro","nextItem":{"@type":"ListItem","@id":"https:\/\/atlantikas.com\/palm-beach-costa-del-tesoro\/categoria\/opinion\/#listItem","name":"Opini\u00f3n"}},{"@type":"ListItem","@id":"https:\/\/atlantikas.com\/palm-beach-costa-del-tesoro\/categoria\/opinion\/#listItem","position":2,"name":"Opini\u00f3n","item":"https:\/\/atlantikas.com\/palm-beach-costa-del-tesoro\/categoria\/opinion\/","nextItem":{"@type":"ListItem","@id":"https:\/\/atlantikas.com\/palm-beach-costa-del-tesoro\/categoria\/opinion\/editorial\/#listItem","name":"Editorial"},"previousItem":{"@type":"ListItem","@id":"https:\/\/atlantikas.com\/palm-beach-costa-del-tesoro#listItem","name":"Home"}},{"@type":"ListItem","@id":"https:\/\/atlantikas.com\/palm-beach-costa-del-tesoro\/categoria\/opinion\/editorial\/#listItem","position":3,"name":"Editorial","item":"https:\/\/atlantikas.com\/palm-beach-costa-del-tesoro\/categoria\/opinion\/editorial\/","nextItem":{"@type":"ListItem","@id":"https:\/\/atlantikas.com\/palm-beach-costa-del-tesoro\/el-origen-de-la-celebracion-de-ano-nuevo\/#listItem","name":"El origen de la celebraci\u00f3n de A\u00f1o Nuevo"},"previousItem":{"@type":"ListItem","@id":"https:\/\/atlantikas.com\/palm-beach-costa-del-tesoro\/categoria\/opinion\/#listItem","name":"Opini\u00f3n"}},{"@type":"ListItem","@id":"https:\/\/atlantikas.com\/palm-beach-costa-del-tesoro\/el-origen-de-la-celebracion-de-ano-nuevo\/#listItem","position":4,"name":"El origen de la celebraci\u00f3n de A\u00f1o Nuevo","previousItem":{"@type":"ListItem","@id":"https:\/\/atlantikas.com\/palm-beach-costa-del-tesoro\/categoria\/opinion\/editorial\/#listItem","name":"Editorial"}}]},{"@type":"Organization","@id":"https:\/\/atlantikas.com\/palm-beach-costa-del-tesoro\/#organization","name":"Atl\u00e1ntikas Noticias en Espa\u00f1ol Condados Palm Beach y la Costa del Tesoro","description":"Noticias en Espa\u00f1ol | Condados Palm Beach y la Costa del Tesoro","url":"https:\/\/atlantikas.com\/palm-beach-costa-del-tesoro\/","email":"info@atlantikas.com","telephone":"+15613049509","foundingDate":"2023-08-26","logo":{"@type":"ImageObject","url":"https:\/\/atlantikas.com\/palm-beach-costa-del-tesoro\/wp-content\/uploads\/sites\/2\/2023\/06\/Atlantikas-Palm-Beach-Costa-del-Tesoro-Logo-Web-1.png","@id":"https:\/\/atlantikas.com\/palm-beach-costa-del-tesoro\/el-origen-de-la-celebracion-de-ano-nuevo\/#organizationLogo","width":1000,"height":375},"image":{"@id":"https:\/\/atlantikas.com\/palm-beach-costa-del-tesoro\/el-origen-de-la-celebracion-de-ano-nuevo\/#organizationLogo"},"sameAs":["https:\/\/www.facebook.com\/NoticiasAtlantikas\/","https:\/\/twitter.com\/atlantikasnoti","https:\/\/www.instagram.com\/noticiasatlantikas\/","https:\/\/www.youtube.com\/@Atlantikas-vn9dw\/channels","https:\/\/www.linkedin.com\/company\/atlantikas\/"]},{"@type":"Person","@id":"https:\/\/atlantikas.com\/palm-beach-costa-del-tesoro\/author\/mirtaluacesreportera\/#author","url":"https:\/\/atlantikas.com\/palm-beach-costa-del-tesoro\/author\/mirtaluacesreportera\/","name":"Mirta Luaces","image":{"@type":"ImageObject","@id":"https:\/\/atlantikas.com\/palm-beach-costa-del-tesoro\/el-origen-de-la-celebracion-de-ano-nuevo\/#authorImage","url":"https:\/\/atlantikas.com\/palm-beach-costa-del-tesoro\/wp-content\/uploads\/sites\/2\/2023\/11\/Mirta-Luaces-Atlantikas-Reporter-web-150x150.png","width":96,"height":96,"caption":"Mirta Luaces"},"sameAs":["|","mailto:mluaces@atlantikas.com","|"]},{"@type":"WebPage","@id":"https:\/\/atlantikas.com\/palm-beach-costa-del-tesoro\/el-origen-de-la-celebracion-de-ano-nuevo\/#webpage","url":"https:\/\/atlantikas.com\/palm-beach-costa-del-tesoro\/el-origen-de-la-celebracion-de-ano-nuevo\/","name":"El origen de la celebraci\u00f3n de A\u00f1o Nuevo - Atl\u00e1ntikas Noticias en Espa\u00f1ol Condados Palm Beach y la Costa del Tesoro","description":"Al sonar la \u00faltima campana del a\u00f1o viejo, el 31 de diciembre, entre pitos, matracas, luces, champ\u00e1n y uvas, el mundo da la bienvenida a un nuevo a\u00f1o. Sin embargo, no siempre el nuevo a\u00f1o dio comienzo el 1.\u00ba, de enero, fue el Papa Gregorio XII, en 1582, el que dispuso que en todos los","inLanguage":"es-ES","isPartOf":{"@id":"https:\/\/atlantikas.com\/palm-beach-costa-del-tesoro\/#website"},"breadcrumb":{"@id":"https:\/\/atlantikas.com\/palm-beach-costa-del-tesoro\/el-origen-de-la-celebracion-de-ano-nuevo\/#breadcrumblist"},"author":{"@id":"https:\/\/atlantikas.com\/palm-beach-costa-del-tesoro\/author\/mirtaluacesreportera\/#author"},"creator":{"@id":"https:\/\/atlantikas.com\/palm-beach-costa-del-tesoro\/author\/mirtaluacesreportera\/#author"},"image":{"@type":"ImageObject","url":"https:\/\/atlantikas.com\/palm-beach-costa-del-tesoro\/wp-content\/uploads\/sites\/2\/2023\/12\/htvieQ4W-1-scaled.jpeg","@id":"https:\/\/atlantikas.com\/palm-beach-costa-del-tesoro\/el-origen-de-la-celebracion-de-ano-nuevo\/#mainImage","width":2560,"height":1709,"caption":"Atlantikas.com"},"primaryImageOfPage":{"@id":"https:\/\/atlantikas.com\/palm-beach-costa-del-tesoro\/el-origen-de-la-celebracion-de-ano-nuevo\/#mainImage"},"datePublished":"2023-12-31T13:00:19-05:00","dateModified":"2023-12-31T13:00:59-05:00"},{"@type":"WebSite","@id":"https:\/\/atlantikas.com\/palm-beach-costa-del-tesoro\/#website","url":"https:\/\/atlantikas.com\/palm-beach-costa-del-tesoro\/","name":"Atl\u00e1ntikas Noticias en Espa\u00f1ol Condados Palm Beach y la Costa del Tesoro","alternateName":"Atlantikas News","description":"Noticias en Espa\u00f1ol | Condados Palm Beach y la Costa del Tesoro","inLanguage":"es-ES","publisher":{"@id":"https:\/\/atlantikas.com\/palm-beach-costa-del-tesoro\/#organization"}}]},"og:locale":"es_ES","og:site_name":"Atl\u00e1ntikas Noticias en Espa\u00f1ol Condados Palm Beach y la Costa del Tesoro - Noticias en Espa\u00f1ol | Condados Palm Beach y la Costa del Tesoro","og:type":"article","og:title":"El origen de la celebraci\u00f3n de A\u00f1o Nuevo - Atl\u00e1ntikas Noticias en Espa\u00f1ol Condados Palm Beach y la Costa del Tesoro","og:description":"Al sonar la \u00faltima campana del a\u00f1o viejo, el 31 de diciembre, entre pitos, matracas, luces, champ\u00e1n y uvas, el mundo da la bienvenida a un nuevo a\u00f1o. Sin embargo, no siempre el nuevo a\u00f1o dio comienzo el 1.\u00ba, de enero, fue el Papa Gregorio XII, en 1582, el que dispuso que en todos los","og:url":"https:\/\/atlantikas.com\/palm-beach-costa-del-tesoro\/el-origen-de-la-celebracion-de-ano-nuevo\/","og:image":"https:\/\/atlantikas.com\/palm-beach-costa-del-tesoro\/wp-content\/uploads\/sites\/2\/2023\/12\/htvieQ4W-1-scaled.jpeg","og:image:secure_url":"https:\/\/atlantikas.com\/palm-beach-costa-del-tesoro\/wp-content\/uploads\/sites\/2\/2023\/12\/htvieQ4W-1-scaled.jpeg","og:image:width":2560,"og:image:height":1709,"article:published_time":"2023-12-31T18:00:19+00:00","article:modified_time":"2023-12-31T18:00:59+00:00","article:publisher":"https:\/\/www.facebook.com\/NoticiasAtlantikas\/","twitter:card":"summary_large_image","twitter:site":"@atlantikasnoti","twitter:title":"El origen de la celebraci\u00f3n de A\u00f1o Nuevo - Atl\u00e1ntikas Noticias en Espa\u00f1ol Condados Palm Beach y la Costa del Tesoro","twitter:description":"Al sonar la \u00faltima campana del a\u00f1o viejo, el 31 de diciembre, entre pitos, matracas, luces, champ\u00e1n y uvas, el mundo da la bienvenida a un nuevo a\u00f1o. Sin embargo, no siempre el nuevo a\u00f1o dio comienzo el 1.\u00ba, de enero, fue el Papa Gregorio XII, en 1582, el que dispuso que en todos los","twitter:creator":"@atlantikasnoti","twitter:image":"https:\/\/atlantikas.com\/palm-beach-costa-del-tesoro\/wp-content\/uploads\/sites\/2\/2023\/12\/htvieQ4W-1-scaled.jpeg"},"aioseo_meta_data":{"post_id":"3786","title":null,"description":null,"keywords":[],"keyphrases":{"focus":{"keyphrase":"","score":0,"analysis":{"keyphraseInTitle":{"score":0,"maxScore":9,"error":1}}},"additional":[]},"primary_term":null,"canonical_url":null,"og_title":null,"og_description":null,"og_object_type":"default","og_image_type":"default","og_image_url":null,"og_image_width":null,"og_image_height":null,"og_image_custom_url":null,"og_image_custom_fields":null,"og_video":"","og_custom_url":null,"og_article_section":null,"og_article_tags":[],"twitter_use_og":false,"twitter_card":"default","twitter_image_type":"default","twitter_image_url":null,"twitter_image_custom_url":null,"twitter_image_custom_fields":null,"twitter_title":null,"twitter_description":null,"schema":{"blockGraphs":[],"customGraphs":[],"default":{"data":{"Article":[],"Course":[],"Dataset":[],"FAQPage":[],"Movie":[],"Person":[],"Product":[],"ProductReview":[],"Car":[],"Recipe":[],"Service":[],"SoftwareApplication":[],"WebPage":[]},"graphName":"BlogPosting","isEnabled":true},"graphs":[]},"schema_type":"default","schema_type_options":null,"pillar_content":false,"robots_default":true,"robots_noindex":false,"robots_noarchive":false,"robots_nosnippet":false,"robots_nofollow":false,"robots_noimageindex":false,"robots_noodp":false,"robots_notranslate":false,"robots_max_snippet":"-1","robots_max_videopreview":"-1","robots_max_imagepreview":"large","priority":null,"frequency":"default","local_seo":null,"breadcrumb_settings":null,"limit_modified_date":false,"ai":null,"created":"2023-12-31 18:00:19","updated":"2025-06-04 22:21:02","seo_analyzer_scan_date":null,"focus_keyword":null,"additional_keywords":null,"truseo_locale":null},"aioseo_breadcrumb":"<div class=\"aioseo-breadcrumbs\"><span class=\"aioseo-breadcrumb\">\n\t\t\t<a href=\"https:\/\/atlantikas.com\/palm-beach-costa-del-tesoro\" title=\"Home\">Home<\/a>\n\t\t<\/span><span class=\"aioseo-breadcrumb-separator\">&raquo;<\/span><span class=\"aioseo-breadcrumb\">\n\t\t\t<a href=\"https:\/\/atlantikas.com\/palm-beach-costa-del-tesoro\/categoria\/opinion\/\" title=\"Opini\u00f3n\">Opini\u00f3n<\/a>\n\t\t<\/span><span class=\"aioseo-breadcrumb-separator\">&raquo;<\/span><span class=\"aioseo-breadcrumb\">\n\t\t\t<a href=\"https:\/\/atlantikas.com\/palm-beach-costa-del-tesoro\/categoria\/opinion\/editorial\/\" title=\"Editorial\">Editorial<\/a>\n\t\t<\/span><span class=\"aioseo-breadcrumb-separator\">&raquo;<\/span><span class=\"aioseo-breadcrumb\">\n\t\t\tEl origen de la celebraci\u00f3n de A\u00f1o Nuevo\n\t\t<\/span><\/div>","aioseo_breadcrumb_json":[{"label":"Home","link":"https:\/\/atlantikas.com\/palm-beach-costa-del-tesoro"},{"label":"Opini\u00f3n","link":"https:\/\/atlantikas.com\/palm-beach-costa-del-tesoro\/categoria\/opinion\/"},{"label":"Editorial","link":"https:\/\/atlantikas.com\/palm-beach-costa-del-tesoro\/categoria\/opinion\/editorial\/"},{"label":"El origen de la celebraci\u00f3n de A\u00f1o Nuevo","link":"https:\/\/atlantikas.com\/palm-beach-costa-del-tesoro\/el-origen-de-la-celebracion-de-ano-nuevo\/"}],"image_feature":"https:\/\/atlantikas.com\/palm-beach-costa-del-tesoro\/wp-content\/uploads\/sites\/2\/2023\/12\/htvieQ4W-1-scaled.jpeg","author_name":"Mirta Luaces","pure_taxonomies":{"categories":[{"term_id":259,"name":"Editorial","slug":"editorial","term_group":0,"term_taxonomy_id":259,"taxonomy":"category","description":"","parent":28,"count":17,"filter":"raw","image":""},{"term_id":28,"name":"Opini\u00f3n","slug":"opinion","term_group":0,"term_taxonomy_id":28,"taxonomy":"category","description":"Un espacio dedicado a la expresi\u00f3n de ideas y puntos de vista sobre diversos temas de inter\u00e9s p\u00fablico. Aqu\u00ed, nuestros escritores tienen la oportunidad de compartir sus art\u00edculos con nuestra audiencia. Si es de su inter\u00e9s publicar un art\u00edculo de opini\u00f3n con nosotros, vea las gu\u00edas y condiciones [highlight color=\"gray\"]<a href=\"https:\/\/atlantikas.com\/guias-seccion-de-opinion\">  ~AQU\u00cd~ <\/a>[\/highlight]\r\n\r\n <i>Las opiniones expresadas en esta secci\u00f3n pertenecen exclusivamente a los autores individuales y no reflejan necesariamente las opiniones o pol\u00edticas de la publicaci\u00f3n.<\/i>\r\n","parent":0,"count":29,"filter":"raw","image":""}]},"jetpack_featured_media_url":"https:\/\/atlantikas.com\/palm-beach-costa-del-tesoro\/wp-content\/uploads\/sites\/2\/2023\/12\/htvieQ4W-1-scaled.jpeg","jetpack_sharing_enabled":true,"jetpack-related-posts":[],"_links":{"self":[{"href":"https:\/\/atlantikas.com\/palm-beach-costa-del-tesoro\/wp-json\/wp\/v2\/posts\/3786","targetHints":{"allow":["GET"]}}],"collection":[{"href":"https:\/\/atlantikas.com\/palm-beach-costa-del-tesoro\/wp-json\/wp\/v2\/posts"}],"about":[{"href":"https:\/\/atlantikas.com\/palm-beach-costa-del-tesoro\/wp-json\/wp\/v2\/types\/post"}],"author":[{"embeddable":true,"href":"https:\/\/atlantikas.com\/palm-beach-costa-del-tesoro\/wp-json\/wp\/v2\/users\/4"}],"replies":[{"embeddable":true,"href":"https:\/\/atlantikas.com\/palm-beach-costa-del-tesoro\/wp-json\/wp\/v2\/comments?post=3786"}],"version-history":[{"count":1,"href":"https:\/\/atlantikas.com\/palm-beach-costa-del-tesoro\/wp-json\/wp\/v2\/posts\/3786\/revisions"}],"predecessor-version":[{"id":3788,"href":"https:\/\/atlantikas.com\/palm-beach-costa-del-tesoro\/wp-json\/wp\/v2\/posts\/3786\/revisions\/3788"}],"wp:featuredmedia":[{"embeddable":true,"href":"https:\/\/atlantikas.com\/palm-beach-costa-del-tesoro\/wp-json\/wp\/v2\/media\/3787"}],"wp:attachment":[{"href":"https:\/\/atlantikas.com\/palm-beach-costa-del-tesoro\/wp-json\/wp\/v2\/media?parent=3786"}],"wp:term":[{"taxonomy":"category","embeddable":true,"href":"https:\/\/atlantikas.com\/palm-beach-costa-del-tesoro\/wp-json\/wp\/v2\/categories?post=3786"},{"taxonomy":"post_tag","embeddable":true,"href":"https:\/\/atlantikas.com\/palm-beach-costa-del-tesoro\/wp-json\/wp\/v2\/tags?post=3786"},{"taxonomy":"author","embeddable":true,"href":"https:\/\/atlantikas.com\/palm-beach-costa-del-tesoro\/wp-json\/wp\/v2\/coauthors?post=3786"}],"curies":[{"name":"wp","href":"https:\/\/api.w.org\/{rel}","templated":true}]}}