{"id":2890,"date":"2023-11-02T22:13:55","date_gmt":"2023-11-02T22:13:55","guid":{"rendered":"https:\/\/atlantikas.com\/palm-beach-costa-del-tesoro\/?p=2890"},"modified":"2023-11-02T22:13:55","modified_gmt":"2023-11-02T22:13:55","slug":"latinos-por-america-primero-de-pbc-apoyan-a-donald-trump","status":"publish","type":"post","link":"https:\/\/atlantikas.com\/palm-beach-costa-del-tesoro\/latinos-por-america-primero-de-pbc-apoyan-a-donald-trump\/","title":{"rendered":"Latinos por Am\u00e9rica Primero de PBC apoyan a Donald Trump"},"content":{"rendered":"<div class=\"mdp-speaker-wrapper\">\n            \n            \n            \n            \n            <div class=\"mdp-speaker-box mdp-speaker-box before-content speaker-wavesurfer\">\n                <div class=\"mdp-speaker-player\"  data-title=\"Latinos por Am\u00e9rica Primero de PBC apoyan a Donald Trump\" data-author=\"4\" data-thumbnail=\"https:\/\/atlantikas.com\/palm-beach-costa-del-tesoro\/wp-content\/uploads\/sites\/2\/2023\/11\/New-Picture-3.png\" data-type=\"speaker-wavesurfer\" data-id=\"2890\" data-src=\"https:\/\/atlantikas.com\/palm-beach-costa-del-tesoro\/wp-content\/uploads\/sites\/2\/speaker\/post-2890.mp3?cb=1698974242.mp3\" data-download=\"1\" data-speeds=\"0.5,0.75,1,1.25,1.5\" data-share=\"\" >\n                    <div class=\"mdp-speaker-wavesurfer-player mdp-speaker-wavesurfer-placeholder\"><\/div>\n                <\/div>\n            <\/div>\n            \n            \n            \n            \n\t\t\t<\/div><p>A exactamente un a\u00f1o antes de las elecciones presidenciales, ya los latinos republicanos comienzan a alistarse para la contienda. El movimiento Latinos por Am\u00e9rica Primero, en el Condado Palm Beach, se preparan para apoyar a Donald Trump a que regrese a la Casa Blanca.<\/p>\n<p>\u201cNuestra comunidad latina, est\u00e1 comenzando a notar que la administraci\u00f3n Biden est\u00e1 en contra de nuestros valores conservadores, entonces muchos latinos est\u00e1n empezando a votar por los republicanos,\u201d dijo Glenn Parada, vocero del movimiento en Florida y el Condado Palm Beach.<\/p>\n<p>El movimiento creado en Texas, durante la campa\u00f1a electoral de 2016, se llam\u00f3 Latinos por Trump y despu\u00e9s de las elecciones del 2020, se cambi\u00f3 el nombre a Latinos por Am\u00e9rica Primero.<\/p>\n<p>El principal objetivo es explicar que est\u00e1n enfocados en construir el movimiento en todos los estados para lograr que los representantes latinos sean una voz conservadora en unidad para las pr\u00f3ximas elecciones.<\/p>\n<p>\u201cAbogamos por pol\u00edticas conservadoras que representen a Dios, la familia y la patria,\u201d dijo Parada.<\/p>\n<p>En la actualidad se est\u00e1n creando nuevos cap\u00edtulos en diferentes estados, trabajando con pastores y l\u00edderes comunitarios.<\/p>\n<p>\u201cEste ser\u00e1 un factor importante en las elecciones de 2024. Estoy en la Florida para crear conciencia sobre nuestro movimiento y tambi\u00e9n para ser una conservadora para Centroam\u00e9rica\u201d, concluy\u00f3 Parada.<\/p>\n","protected":false},"excerpt":{"rendered":"<p>A exactamente un a\u00f1o antes de las elecciones presidenciales, ya los latinos republicanos comienzan a alistarse para la contienda. El movimiento Latinos por Am\u00e9rica Primero, en el Condado Palm Beach, se preparan para apoyar a Donald Trump a que regrese a la Casa Blanca. \u201cNuestra comunidad latina, est\u00e1 comenzando a notar que la administraci\u00f3n Biden &hellip;<\/p>\n","protected":false},"author":4,"featured_media":2889,"comment_status":"open","ping_status":"open","sticky":false,"template":"","format":"standard","meta":{"om_disable_all_campaigns":false,"_monsterinsights_skip_tracking":false,"_jetpack_newsletter_access":"","_jetpack_dont_email_post_to_subs":false,"_jetpack_newsletter_tier_id":0,"_jetpack_memberships_contains_paywalled_content":false,"_jetpack_feature_clip_id":0,"_jetpack_memberships_contains_paid_content":false,"footnotes":"","jetpack_post_was_ever_published":false},"categories":[46,31],"tags":[],"coauthors":[42],"class_list":["post-2890","post","type-post","status-publish","format-standard","has-post-thumbnail","hentry","category-condado-palm-beach","category-noticias-locales"],"aioseo_notices":[],"aioseo_head":"\n\t\t<!-- All in One SEO 5.0.0.1 - aioseo.com -->\n\t<meta name=\"description\" content=\"A exactamente un a\u00f1o antes de las elecciones presidenciales, ya los latinos republicanos comienzan a alistarse para la contienda. El movimiento Latinos por Am\u00e9rica Primero, en el Condado Palm Beach, se preparan para apoyar a Donald Trump a que regrese a la Casa Blanca. \u201cNuestra comunidad latina, est\u00e1 comenzando a notar que la administraci\u00f3n Biden\" \/>\n\t<meta name=\"robots\" content=\"max-image-preview:large\" \/>\n\t<meta name=\"author\" content=\"Mirta Luaces\"\/>\n\t<link rel=\"canonical\" href=\"https:\/\/atlantikas.com\/palm-beach-costa-del-tesoro\/latinos-por-america-primero-de-pbc-apoyan-a-donald-trump\/\" \/>\n\t<meta name=\"generator\" content=\"All in One SEO (AIOSEO) 5.0.0.1\" \/>\n\t\t<meta property=\"og:locale\" content=\"es_ES\" \/>\n\t\t<meta property=\"og:site_name\" content=\"Atl\u00e1ntikas Noticias en Espa\u00f1ol Condados Palm Beach y la Costa del Tesoro - Noticias en Espa\u00f1ol | Condados Palm Beach y la Costa del Tesoro\" \/>\n\t\t<meta property=\"og:type\" content=\"article\" \/>\n\t\t<meta property=\"og:title\" content=\"Latinos por Am\u00e9rica Primero de PBC apoyan a Donald Trump - Atl\u00e1ntikas Noticias en Espa\u00f1ol Condados Palm Beach y la Costa del Tesoro\" \/>\n\t\t<meta property=\"og:description\" content=\"A exactamente un a\u00f1o antes de las elecciones presidenciales, ya los latinos republicanos comienzan a alistarse para la contienda. El movimiento Latinos por Am\u00e9rica Primero, en el Condado Palm Beach, se preparan para apoyar a Donald Trump a que regrese a la Casa Blanca. \u201cNuestra comunidad latina, est\u00e1 comenzando a notar que la administraci\u00f3n Biden\" \/>\n\t\t<meta property=\"og:url\" content=\"https:\/\/atlantikas.com\/palm-beach-costa-del-tesoro\/latinos-por-america-primero-de-pbc-apoyan-a-donald-trump\/\" \/>\n\t\t<meta property=\"og:image\" content=\"https:\/\/atlantikas.com\/palm-beach-costa-del-tesoro\/wp-content\/uploads\/sites\/2\/2023\/11\/New-Picture-3.png\" \/>\n\t\t<meta property=\"og:image:secure_url\" content=\"https:\/\/atlantikas.com\/palm-beach-costa-del-tesoro\/wp-content\/uploads\/sites\/2\/2023\/11\/New-Picture-3.png\" \/>\n\t\t<meta property=\"og:image:width\" content=\"437\" \/>\n\t\t<meta property=\"og:image:height\" content=\"336\" \/>\n\t\t<meta property=\"article:published_time\" content=\"2023-11-02T22:13:55+00:00\" \/>\n\t\t<meta property=\"article:modified_time\" content=\"2023-11-02T22:13:55+00:00\" \/>\n\t\t<meta property=\"article:publisher\" content=\"https:\/\/www.facebook.com\/NoticiasAtlantikas\/\" \/>\n\t\t<meta name=\"twitter:card\" content=\"summary_large_image\" \/>\n\t\t<meta name=\"twitter:site\" content=\"@atlantikasnoti\" \/>\n\t\t<meta name=\"twitter:title\" content=\"Latinos por Am\u00e9rica Primero de PBC apoyan a Donald Trump - Atl\u00e1ntikas Noticias en Espa\u00f1ol Condados Palm Beach y la Costa del Tesoro\" \/>\n\t\t<meta name=\"twitter:description\" content=\"A exactamente un a\u00f1o antes de las elecciones presidenciales, ya los latinos republicanos comienzan a alistarse para la contienda. El movimiento Latinos por Am\u00e9rica Primero, en el Condado Palm Beach, se preparan para apoyar a Donald Trump a que regrese a la Casa Blanca. \u201cNuestra comunidad latina, est\u00e1 comenzando a notar que la administraci\u00f3n Biden\" \/>\n\t\t<meta name=\"twitter:creator\" content=\"@atlantikasnoti\" \/>\n\t\t<meta name=\"twitter:image\" content=\"https:\/\/atlantikas.com\/palm-beach-costa-del-tesoro\/wp-content\/uploads\/sites\/2\/2023\/11\/New-Picture-3.png\" \/>\n\t\t<script type=\"application\/ld+json\" class=\"aioseo-schema\">\n\t\t\t{\"@context\":\"https:\\\/\\\/schema.org\",\"@graph\":[{\"@type\":\"BlogPosting\",\"@id\":\"https:\\\/\\\/atlantikas.com\\\/palm-beach-costa-del-tesoro\\\/latinos-por-america-primero-de-pbc-apoyan-a-donald-trump\\\/#blogposting\",\"name\":\"Latinos por Am\\u00e9rica Primero de PBC apoyan a Donald Trump - Atl\\u00e1ntikas Noticias en Espa\\u00f1ol Condados Palm Beach y la Costa del Tesoro\",\"headline\":\"Latinos por Am\\u00e9rica Primero de PBC apoyan a Donald Trump\",\"author\":{\"@id\":\"https:\\\/\\\/atlantikas.com\\\/palm-beach-costa-del-tesoro\\\/author\\\/mirtaluacesreportera\\\/#author\"},\"publisher\":{\"@id\":\"https:\\\/\\\/atlantikas.com\\\/palm-beach-costa-del-tesoro\\\/#organization\"},\"image\":{\"@type\":\"ImageObject\",\"url\":\"https:\\\/\\\/atlantikas.com\\\/palm-beach-costa-del-tesoro\\\/wp-content\\\/uploads\\\/sites\\\/2\\\/2023\\\/11\\\/New-Picture-3.png\",\"width\":437,\"height\":336,\"caption\":\"Glenn Parada\"},\"datePublished\":\"2023-11-02T22:13:55-04:00\",\"dateModified\":\"2023-11-02T22:13:55-04:00\",\"inLanguage\":\"es-ES\",\"mainEntityOfPage\":{\"@id\":\"https:\\\/\\\/atlantikas.com\\\/palm-beach-costa-del-tesoro\\\/latinos-por-america-primero-de-pbc-apoyan-a-donald-trump\\\/#webpage\"},\"isPartOf\":{\"@id\":\"https:\\\/\\\/atlantikas.com\\\/palm-beach-costa-del-tesoro\\\/latinos-por-america-primero-de-pbc-apoyan-a-donald-trump\\\/#webpage\"},\"articleSection\":\"Condado Palm Beach, Noticias Locales, mirtaluacesreportera\"},{\"@type\":\"BreadcrumbList\",\"@id\":\"https:\\\/\\\/atlantikas.com\\\/palm-beach-costa-del-tesoro\\\/latinos-por-america-primero-de-pbc-apoyan-a-donald-trump\\\/#breadcrumblist\",\"itemListElement\":[{\"@type\":\"ListItem\",\"@id\":\"https:\\\/\\\/atlantikas.com\\\/palm-beach-costa-del-tesoro#listItem\",\"position\":1,\"name\":\"Home\",\"item\":\"https:\\\/\\\/atlantikas.com\\\/palm-beach-costa-del-tesoro\",\"nextItem\":{\"@type\":\"ListItem\",\"@id\":\"https:\\\/\\\/atlantikas.com\\\/palm-beach-costa-del-tesoro\\\/categoria\\\/noticias-locales\\\/#listItem\",\"name\":\"Noticias Locales\"}},{\"@type\":\"ListItem\",\"@id\":\"https:\\\/\\\/atlantikas.com\\\/palm-beach-costa-del-tesoro\\\/categoria\\\/noticias-locales\\\/#listItem\",\"position\":2,\"name\":\"Noticias Locales\",\"item\":\"https:\\\/\\\/atlantikas.com\\\/palm-beach-costa-del-tesoro\\\/categoria\\\/noticias-locales\\\/\",\"nextItem\":{\"@type\":\"ListItem\",\"@id\":\"https:\\\/\\\/atlantikas.com\\\/palm-beach-costa-del-tesoro\\\/categoria\\\/noticias-locales\\\/condado-palm-beach\\\/#listItem\",\"name\":\"Condado Palm Beach\"},\"previousItem\":{\"@type\":\"ListItem\",\"@id\":\"https:\\\/\\\/atlantikas.com\\\/palm-beach-costa-del-tesoro#listItem\",\"name\":\"Home\"}},{\"@type\":\"ListItem\",\"@id\":\"https:\\\/\\\/atlantikas.com\\\/palm-beach-costa-del-tesoro\\\/categoria\\\/noticias-locales\\\/condado-palm-beach\\\/#listItem\",\"position\":3,\"name\":\"Condado Palm Beach\",\"item\":\"https:\\\/\\\/atlantikas.com\\\/palm-beach-costa-del-tesoro\\\/categoria\\\/noticias-locales\\\/condado-palm-beach\\\/\",\"nextItem\":{\"@type\":\"ListItem\",\"@id\":\"https:\\\/\\\/atlantikas.com\\\/palm-beach-costa-del-tesoro\\\/latinos-por-america-primero-de-pbc-apoyan-a-donald-trump\\\/#listItem\",\"name\":\"Latinos por Am\\u00e9rica Primero de PBC apoyan a Donald Trump\"},\"previousItem\":{\"@type\":\"ListItem\",\"@id\":\"https:\\\/\\\/atlantikas.com\\\/palm-beach-costa-del-tesoro\\\/categoria\\\/noticias-locales\\\/#listItem\",\"name\":\"Noticias Locales\"}},{\"@type\":\"ListItem\",\"@id\":\"https:\\\/\\\/atlantikas.com\\\/palm-beach-costa-del-tesoro\\\/latinos-por-america-primero-de-pbc-apoyan-a-donald-trump\\\/#listItem\",\"position\":4,\"name\":\"Latinos por Am\\u00e9rica Primero de PBC apoyan a Donald Trump\",\"previousItem\":{\"@type\":\"ListItem\",\"@id\":\"https:\\\/\\\/atlantikas.com\\\/palm-beach-costa-del-tesoro\\\/categoria\\\/noticias-locales\\\/condado-palm-beach\\\/#listItem\",\"name\":\"Condado Palm Beach\"}}]},{\"@type\":\"Organization\",\"@id\":\"https:\\\/\\\/atlantikas.com\\\/palm-beach-costa-del-tesoro\\\/#organization\",\"name\":\"Atl\\u00e1ntikas Noticias en Espa\\u00f1ol Condados Palm Beach y la Costa del Tesoro\",\"description\":\"Noticias en Espa\\u00f1ol | Condados Palm Beach y la Costa del Tesoro\",\"url\":\"https:\\\/\\\/atlantikas.com\\\/palm-beach-costa-del-tesoro\\\/\",\"email\":\"info@atlantikas.com\",\"telephone\":\"+15613049509\",\"foundingDate\":\"2023-08-26\",\"logo\":{\"@type\":\"ImageObject\",\"url\":\"https:\\\/\\\/atlantikas.com\\\/palm-beach-costa-del-tesoro\\\/wp-content\\\/uploads\\\/sites\\\/2\\\/2023\\\/06\\\/Atlantikas-Palm-Beach-Costa-del-Tesoro-Logo-Web-1.png\",\"@id\":\"https:\\\/\\\/atlantikas.com\\\/palm-beach-costa-del-tesoro\\\/latinos-por-america-primero-de-pbc-apoyan-a-donald-trump\\\/#organizationLogo\",\"width\":1000,\"height\":375},\"image\":{\"@id\":\"https:\\\/\\\/atlantikas.com\\\/palm-beach-costa-del-tesoro\\\/latinos-por-america-primero-de-pbc-apoyan-a-donald-trump\\\/#organizationLogo\"},\"sameAs\":[\"https:\\\/\\\/www.facebook.com\\\/NoticiasAtlantikas\\\/\",\"https:\\\/\\\/twitter.com\\\/atlantikasnoti\",\"https:\\\/\\\/www.instagram.com\\\/noticiasatlantikas\\\/\",\"https:\\\/\\\/www.youtube.com\\\/@Atlantikas-vn9dw\\\/channels\",\"https:\\\/\\\/www.linkedin.com\\\/company\\\/atlantikas\\\/\"]},{\"@type\":\"Person\",\"@id\":\"https:\\\/\\\/atlantikas.com\\\/palm-beach-costa-del-tesoro\\\/author\\\/mirtaluacesreportera\\\/#author\",\"url\":\"https:\\\/\\\/atlantikas.com\\\/palm-beach-costa-del-tesoro\\\/author\\\/mirtaluacesreportera\\\/\",\"name\":\"Mirta Luaces\",\"image\":{\"@type\":\"ImageObject\",\"@id\":\"https:\\\/\\\/atlantikas.com\\\/palm-beach-costa-del-tesoro\\\/latinos-por-america-primero-de-pbc-apoyan-a-donald-trump\\\/#authorImage\",\"url\":\"https:\\\/\\\/atlantikas.com\\\/palm-beach-costa-del-tesoro\\\/wp-content\\\/uploads\\\/sites\\\/2\\\/2023\\\/11\\\/Mirta-Luaces-Atlantikas-Reporter-web-150x150.png\",\"width\":96,\"height\":96,\"caption\":\"Mirta Luaces\"},\"sameAs\":[\"|\",\"mailto:mluaces@atlantikas.com\",\"|\"]},{\"@type\":\"WebPage\",\"@id\":\"https:\\\/\\\/atlantikas.com\\\/palm-beach-costa-del-tesoro\\\/latinos-por-america-primero-de-pbc-apoyan-a-donald-trump\\\/#webpage\",\"url\":\"https:\\\/\\\/atlantikas.com\\\/palm-beach-costa-del-tesoro\\\/latinos-por-america-primero-de-pbc-apoyan-a-donald-trump\\\/\",\"name\":\"Latinos por Am\\u00e9rica Primero de PBC apoyan a Donald Trump - Atl\\u00e1ntikas Noticias en Espa\\u00f1ol Condados Palm Beach y la Costa del Tesoro\",\"description\":\"A exactamente un a\\u00f1o antes de las elecciones presidenciales, ya los latinos republicanos comienzan a alistarse para la contienda. El movimiento Latinos por Am\\u00e9rica Primero, en el Condado Palm Beach, se preparan para apoyar a Donald Trump a que regrese a la Casa Blanca. \\u201cNuestra comunidad latina, est\\u00e1 comenzando a notar que la administraci\\u00f3n Biden\",\"inLanguage\":\"es-ES\",\"isPartOf\":{\"@id\":\"https:\\\/\\\/atlantikas.com\\\/palm-beach-costa-del-tesoro\\\/#website\"},\"breadcrumb\":{\"@id\":\"https:\\\/\\\/atlantikas.com\\\/palm-beach-costa-del-tesoro\\\/latinos-por-america-primero-de-pbc-apoyan-a-donald-trump\\\/#breadcrumblist\"},\"author\":{\"@id\":\"https:\\\/\\\/atlantikas.com\\\/palm-beach-costa-del-tesoro\\\/author\\\/mirtaluacesreportera\\\/#author\"},\"creator\":{\"@id\":\"https:\\\/\\\/atlantikas.com\\\/palm-beach-costa-del-tesoro\\\/author\\\/mirtaluacesreportera\\\/#author\"},\"image\":{\"@type\":\"ImageObject\",\"url\":\"https:\\\/\\\/atlantikas.com\\\/palm-beach-costa-del-tesoro\\\/wp-content\\\/uploads\\\/sites\\\/2\\\/2023\\\/11\\\/New-Picture-3.png\",\"@id\":\"https:\\\/\\\/atlantikas.com\\\/palm-beach-costa-del-tesoro\\\/latinos-por-america-primero-de-pbc-apoyan-a-donald-trump\\\/#mainImage\",\"width\":437,\"height\":336,\"caption\":\"Glenn Parada\"},\"primaryImageOfPage\":{\"@id\":\"https:\\\/\\\/atlantikas.com\\\/palm-beach-costa-del-tesoro\\\/latinos-por-america-primero-de-pbc-apoyan-a-donald-trump\\\/#mainImage\"},\"datePublished\":\"2023-11-02T22:13:55-04:00\",\"dateModified\":\"2023-11-02T22:13:55-04:00\"},{\"@type\":\"WebSite\",\"@id\":\"https:\\\/\\\/atlantikas.com\\\/palm-beach-costa-del-tesoro\\\/#website\",\"url\":\"https:\\\/\\\/atlantikas.com\\\/palm-beach-costa-del-tesoro\\\/\",\"name\":\"Atl\\u00e1ntikas Noticias en Espa\\u00f1ol Condados Palm Beach y la Costa del Tesoro\",\"alternateName\":\"Atlantikas News\",\"description\":\"Noticias en Espa\\u00f1ol | Condados Palm Beach y la Costa del Tesoro\",\"inLanguage\":\"es-ES\",\"publisher\":{\"@id\":\"https:\\\/\\\/atlantikas.com\\\/palm-beach-costa-del-tesoro\\\/#organization\"}}]}\n\t\t<\/script>\n\t\t<!-- All in One SEO -->\n\n","aioseo_head_json":{"title":"Latinos por Am\u00e9rica Primero de PBC apoyan a Donald Trump - Atl\u00e1ntikas Noticias en Espa\u00f1ol Condados Palm Beach y la Costa del Tesoro","description":"A exactamente un a\u00f1o antes de las elecciones presidenciales, ya los latinos republicanos comienzan a alistarse para la contienda. El movimiento Latinos por Am\u00e9rica Primero, en el Condado Palm Beach, se preparan para apoyar a Donald Trump a que regrese a la Casa Blanca. \u201cNuestra comunidad latina, est\u00e1 comenzando a notar que la administraci\u00f3n Biden","canonical_url":"https:\/\/atlantikas.com\/palm-beach-costa-del-tesoro\/latinos-por-america-primero-de-pbc-apoyan-a-donald-trump\/","robots":"max-image-preview:large","keywords":"","webmasterTools":{"miscellaneous":""},"schema":{"@context":"https:\/\/schema.org","@graph":[{"@type":"BlogPosting","@id":"https:\/\/atlantikas.com\/palm-beach-costa-del-tesoro\/latinos-por-america-primero-de-pbc-apoyan-a-donald-trump\/#blogposting","name":"Latinos por Am\u00e9rica Primero de PBC apoyan a Donald Trump - Atl\u00e1ntikas Noticias en Espa\u00f1ol Condados Palm Beach y la Costa del Tesoro","headline":"Latinos por Am\u00e9rica Primero de PBC apoyan a Donald Trump","author":{"@id":"https:\/\/atlantikas.com\/palm-beach-costa-del-tesoro\/author\/mirtaluacesreportera\/#author"},"publisher":{"@id":"https:\/\/atlantikas.com\/palm-beach-costa-del-tesoro\/#organization"},"image":{"@type":"ImageObject","url":"https:\/\/atlantikas.com\/palm-beach-costa-del-tesoro\/wp-content\/uploads\/sites\/2\/2023\/11\/New-Picture-3.png","width":437,"height":336,"caption":"Glenn Parada"},"datePublished":"2023-11-02T22:13:55-04:00","dateModified":"2023-11-02T22:13:55-04:00","inLanguage":"es-ES","mainEntityOfPage":{"@id":"https:\/\/atlantikas.com\/palm-beach-costa-del-tesoro\/latinos-por-america-primero-de-pbc-apoyan-a-donald-trump\/#webpage"},"isPartOf":{"@id":"https:\/\/atlantikas.com\/palm-beach-costa-del-tesoro\/latinos-por-america-primero-de-pbc-apoyan-a-donald-trump\/#webpage"},"articleSection":"Condado Palm Beach, Noticias Locales, mirtaluacesreportera"},{"@type":"BreadcrumbList","@id":"https:\/\/atlantikas.com\/palm-beach-costa-del-tesoro\/latinos-por-america-primero-de-pbc-apoyan-a-donald-trump\/#breadcrumblist","itemListElement":[{"@type":"ListItem","@id":"https:\/\/atlantikas.com\/palm-beach-costa-del-tesoro#listItem","position":1,"name":"Home","item":"https:\/\/atlantikas.com\/palm-beach-costa-del-tesoro","nextItem":{"@type":"ListItem","@id":"https:\/\/atlantikas.com\/palm-beach-costa-del-tesoro\/categoria\/noticias-locales\/#listItem","name":"Noticias Locales"}},{"@type":"ListItem","@id":"https:\/\/atlantikas.com\/palm-beach-costa-del-tesoro\/categoria\/noticias-locales\/#listItem","position":2,"name":"Noticias Locales","item":"https:\/\/atlantikas.com\/palm-beach-costa-del-tesoro\/categoria\/noticias-locales\/","nextItem":{"@type":"ListItem","@id":"https:\/\/atlantikas.com\/palm-beach-costa-del-tesoro\/categoria\/noticias-locales\/condado-palm-beach\/#listItem","name":"Condado Palm Beach"},"previousItem":{"@type":"ListItem","@id":"https:\/\/atlantikas.com\/palm-beach-costa-del-tesoro#listItem","name":"Home"}},{"@type":"ListItem","@id":"https:\/\/atlantikas.com\/palm-beach-costa-del-tesoro\/categoria\/noticias-locales\/condado-palm-beach\/#listItem","position":3,"name":"Condado Palm Beach","item":"https:\/\/atlantikas.com\/palm-beach-costa-del-tesoro\/categoria\/noticias-locales\/condado-palm-beach\/","nextItem":{"@type":"ListItem","@id":"https:\/\/atlantikas.com\/palm-beach-costa-del-tesoro\/latinos-por-america-primero-de-pbc-apoyan-a-donald-trump\/#listItem","name":"Latinos por Am\u00e9rica Primero de PBC apoyan a Donald Trump"},"previousItem":{"@type":"ListItem","@id":"https:\/\/atlantikas.com\/palm-beach-costa-del-tesoro\/categoria\/noticias-locales\/#listItem","name":"Noticias Locales"}},{"@type":"ListItem","@id":"https:\/\/atlantikas.com\/palm-beach-costa-del-tesoro\/latinos-por-america-primero-de-pbc-apoyan-a-donald-trump\/#listItem","position":4,"name":"Latinos por Am\u00e9rica Primero de PBC apoyan a Donald Trump","previousItem":{"@type":"ListItem","@id":"https:\/\/atlantikas.com\/palm-beach-costa-del-tesoro\/categoria\/noticias-locales\/condado-palm-beach\/#listItem","name":"Condado Palm Beach"}}]},{"@type":"Organization","@id":"https:\/\/atlantikas.com\/palm-beach-costa-del-tesoro\/#organization","name":"Atl\u00e1ntikas Noticias en Espa\u00f1ol Condados Palm Beach y la Costa del Tesoro","description":"Noticias en Espa\u00f1ol | Condados Palm Beach y la Costa del Tesoro","url":"https:\/\/atlantikas.com\/palm-beach-costa-del-tesoro\/","email":"info@atlantikas.com","telephone":"+15613049509","foundingDate":"2023-08-26","logo":{"@type":"ImageObject","url":"https:\/\/atlantikas.com\/palm-beach-costa-del-tesoro\/wp-content\/uploads\/sites\/2\/2023\/06\/Atlantikas-Palm-Beach-Costa-del-Tesoro-Logo-Web-1.png","@id":"https:\/\/atlantikas.com\/palm-beach-costa-del-tesoro\/latinos-por-america-primero-de-pbc-apoyan-a-donald-trump\/#organizationLogo","width":1000,"height":375},"image":{"@id":"https:\/\/atlantikas.com\/palm-beach-costa-del-tesoro\/latinos-por-america-primero-de-pbc-apoyan-a-donald-trump\/#organizationLogo"},"sameAs":["https:\/\/www.facebook.com\/NoticiasAtlantikas\/","https:\/\/twitter.com\/atlantikasnoti","https:\/\/www.instagram.com\/noticiasatlantikas\/","https:\/\/www.youtube.com\/@Atlantikas-vn9dw\/channels","https:\/\/www.linkedin.com\/company\/atlantikas\/"]},{"@type":"Person","@id":"https:\/\/atlantikas.com\/palm-beach-costa-del-tesoro\/author\/mirtaluacesreportera\/#author","url":"https:\/\/atlantikas.com\/palm-beach-costa-del-tesoro\/author\/mirtaluacesreportera\/","name":"Mirta Luaces","image":{"@type":"ImageObject","@id":"https:\/\/atlantikas.com\/palm-beach-costa-del-tesoro\/latinos-por-america-primero-de-pbc-apoyan-a-donald-trump\/#authorImage","url":"https:\/\/atlantikas.com\/palm-beach-costa-del-tesoro\/wp-content\/uploads\/sites\/2\/2023\/11\/Mirta-Luaces-Atlantikas-Reporter-web-150x150.png","width":96,"height":96,"caption":"Mirta Luaces"},"sameAs":["|","mailto:mluaces@atlantikas.com","|"]},{"@type":"WebPage","@id":"https:\/\/atlantikas.com\/palm-beach-costa-del-tesoro\/latinos-por-america-primero-de-pbc-apoyan-a-donald-trump\/#webpage","url":"https:\/\/atlantikas.com\/palm-beach-costa-del-tesoro\/latinos-por-america-primero-de-pbc-apoyan-a-donald-trump\/","name":"Latinos por Am\u00e9rica Primero de PBC apoyan a Donald Trump - Atl\u00e1ntikas Noticias en Espa\u00f1ol Condados Palm Beach y la Costa del Tesoro","description":"A exactamente un a\u00f1o antes de las elecciones presidenciales, ya los latinos republicanos comienzan a alistarse para la contienda. El movimiento Latinos por Am\u00e9rica Primero, en el Condado Palm Beach, se preparan para apoyar a Donald Trump a que regrese a la Casa Blanca. \u201cNuestra comunidad latina, est\u00e1 comenzando a notar que la administraci\u00f3n Biden","inLanguage":"es-ES","isPartOf":{"@id":"https:\/\/atlantikas.com\/palm-beach-costa-del-tesoro\/#website"},"breadcrumb":{"@id":"https:\/\/atlantikas.com\/palm-beach-costa-del-tesoro\/latinos-por-america-primero-de-pbc-apoyan-a-donald-trump\/#breadcrumblist"},"author":{"@id":"https:\/\/atlantikas.com\/palm-beach-costa-del-tesoro\/author\/mirtaluacesreportera\/#author"},"creator":{"@id":"https:\/\/atlantikas.com\/palm-beach-costa-del-tesoro\/author\/mirtaluacesreportera\/#author"},"image":{"@type":"ImageObject","url":"https:\/\/atlantikas.com\/palm-beach-costa-del-tesoro\/wp-content\/uploads\/sites\/2\/2023\/11\/New-Picture-3.png","@id":"https:\/\/atlantikas.com\/palm-beach-costa-del-tesoro\/latinos-por-america-primero-de-pbc-apoyan-a-donald-trump\/#mainImage","width":437,"height":336,"caption":"Glenn Parada"},"primaryImageOfPage":{"@id":"https:\/\/atlantikas.com\/palm-beach-costa-del-tesoro\/latinos-por-america-primero-de-pbc-apoyan-a-donald-trump\/#mainImage"},"datePublished":"2023-11-02T22:13:55-04:00","dateModified":"2023-11-02T22:13:55-04:00"},{"@type":"WebSite","@id":"https:\/\/atlantikas.com\/palm-beach-costa-del-tesoro\/#website","url":"https:\/\/atlantikas.com\/palm-beach-costa-del-tesoro\/","name":"Atl\u00e1ntikas Noticias en Espa\u00f1ol Condados Palm Beach y la Costa del Tesoro","alternateName":"Atlantikas News","description":"Noticias en Espa\u00f1ol | Condados Palm Beach y la Costa del Tesoro","inLanguage":"es-ES","publisher":{"@id":"https:\/\/atlantikas.com\/palm-beach-costa-del-tesoro\/#organization"}}]},"og:locale":"es_ES","og:site_name":"Atl\u00e1ntikas Noticias en Espa\u00f1ol Condados Palm Beach y la Costa del Tesoro - Noticias en Espa\u00f1ol | Condados Palm Beach y la Costa del Tesoro","og:type":"article","og:title":"Latinos por Am\u00e9rica Primero de PBC apoyan a Donald Trump - Atl\u00e1ntikas Noticias en Espa\u00f1ol Condados Palm Beach y la Costa del Tesoro","og:description":"A exactamente un a\u00f1o antes de las elecciones presidenciales, ya los latinos republicanos comienzan a alistarse para la contienda. El movimiento Latinos por Am\u00e9rica Primero, en el Condado Palm Beach, se preparan para apoyar a Donald Trump a que regrese a la Casa Blanca. \u201cNuestra comunidad latina, est\u00e1 comenzando a notar que la administraci\u00f3n Biden","og:url":"https:\/\/atlantikas.com\/palm-beach-costa-del-tesoro\/latinos-por-america-primero-de-pbc-apoyan-a-donald-trump\/","og:image":"https:\/\/atlantikas.com\/palm-beach-costa-del-tesoro\/wp-content\/uploads\/sites\/2\/2023\/11\/New-Picture-3.png","og:image:secure_url":"https:\/\/atlantikas.com\/palm-beach-costa-del-tesoro\/wp-content\/uploads\/sites\/2\/2023\/11\/New-Picture-3.png","og:image:width":437,"og:image:height":336,"article:published_time":"2023-11-02T22:13:55+00:00","article:modified_time":"2023-11-02T22:13:55+00:00","article:publisher":"https:\/\/www.facebook.com\/NoticiasAtlantikas\/","twitter:card":"summary_large_image","twitter:site":"@atlantikasnoti","twitter:title":"Latinos por Am\u00e9rica Primero de PBC apoyan a Donald Trump - Atl\u00e1ntikas Noticias en Espa\u00f1ol Condados Palm Beach y la Costa del Tesoro","twitter:description":"A exactamente un a\u00f1o antes de las elecciones presidenciales, ya los latinos republicanos comienzan a alistarse para la contienda. El movimiento Latinos por Am\u00e9rica Primero, en el Condado Palm Beach, se preparan para apoyar a Donald Trump a que regrese a la Casa Blanca. \u201cNuestra comunidad latina, est\u00e1 comenzando a notar que la administraci\u00f3n Biden","twitter:creator":"@atlantikasnoti","twitter:image":"https:\/\/atlantikas.com\/palm-beach-costa-del-tesoro\/wp-content\/uploads\/sites\/2\/2023\/11\/New-Picture-3.png"},"aioseo_meta_data":{"post_id":"2890","title":null,"description":null,"keywords":null,"keyphrases":null,"primary_term":null,"canonical_url":null,"og_title":null,"og_description":null,"og_object_type":"default","og_image_type":"default","og_image_url":null,"og_image_width":null,"og_image_height":null,"og_image_custom_url":null,"og_image_custom_fields":null,"og_video":null,"og_custom_url":null,"og_article_section":null,"og_article_tags":null,"twitter_use_og":false,"twitter_card":"default","twitter_image_type":"default","twitter_image_url":null,"twitter_image_custom_url":null,"twitter_image_custom_fields":null,"twitter_title":null,"twitter_description":null,"schema":{"blockGraphs":[],"customGraphs":[],"default":{"data":{"Article":[],"Course":[],"Dataset":[],"FAQPage":[],"Movie":[],"Person":[],"Product":[],"ProductReview":[],"Car":[],"Recipe":[],"Service":[],"SoftwareApplication":[],"WebPage":[]},"graphName":"","isEnabled":true},"graphs":[]},"schema_type":"default","schema_type_options":null,"pillar_content":false,"robots_default":true,"robots_noindex":false,"robots_noarchive":false,"robots_nosnippet":false,"robots_nofollow":false,"robots_noimageindex":false,"robots_noodp":false,"robots_notranslate":false,"robots_max_snippet":null,"robots_max_videopreview":null,"robots_max_imagepreview":"large","priority":null,"frequency":null,"local_seo":null,"breadcrumb_settings":null,"limit_modified_date":false,"ai":null,"created":"2023-11-25 14:34:02","updated":"2025-06-04 21:59:03","seo_analyzer_scan_date":null,"focus_keyword":null,"additional_keywords":null,"truseo_locale":null},"aioseo_breadcrumb":"<div class=\"aioseo-breadcrumbs\"><span class=\"aioseo-breadcrumb\">\n\t\t\t<a href=\"https:\/\/atlantikas.com\/palm-beach-costa-del-tesoro\" title=\"Home\">Home<\/a>\n\t\t<\/span><span class=\"aioseo-breadcrumb-separator\">&raquo;<\/span><span class=\"aioseo-breadcrumb\">\n\t\t\t<a href=\"https:\/\/atlantikas.com\/palm-beach-costa-del-tesoro\/categoria\/noticias-locales\/\" title=\"Noticias Locales\">Noticias Locales<\/a>\n\t\t<\/span><span class=\"aioseo-breadcrumb-separator\">&raquo;<\/span><span class=\"aioseo-breadcrumb\">\n\t\t\t<a href=\"https:\/\/atlantikas.com\/palm-beach-costa-del-tesoro\/categoria\/noticias-locales\/condado-palm-beach\/\" title=\"Condado Palm Beach\">Condado Palm Beach<\/a>\n\t\t<\/span><span class=\"aioseo-breadcrumb-separator\">&raquo;<\/span><span class=\"aioseo-breadcrumb\">\n\t\t\tLatinos por Am\u00e9rica Primero de PBC apoyan a Donald Trump\n\t\t<\/span><\/div>","aioseo_breadcrumb_json":[{"label":"Home","link":"https:\/\/atlantikas.com\/palm-beach-costa-del-tesoro"},{"label":"Noticias Locales","link":"https:\/\/atlantikas.com\/palm-beach-costa-del-tesoro\/categoria\/noticias-locales\/"},{"label":"Condado Palm Beach","link":"https:\/\/atlantikas.com\/palm-beach-costa-del-tesoro\/categoria\/noticias-locales\/condado-palm-beach\/"},{"label":"Latinos por Am\u00e9rica Primero de PBC apoyan a Donald Trump","link":"https:\/\/atlantikas.com\/palm-beach-costa-del-tesoro\/latinos-por-america-primero-de-pbc-apoyan-a-donald-trump\/"}],"image_feature":"https:\/\/atlantikas.com\/palm-beach-costa-del-tesoro\/wp-content\/uploads\/sites\/2\/2023\/11\/New-Picture-3.png","author_name":"Mirta Luaces","pure_taxonomies":{"categories":[{"term_id":46,"name":"Condado Palm Beach","slug":"condado-palm-beach","term_group":0,"term_taxonomy_id":46,"taxonomy":"category","description":"","parent":31,"count":1666,"filter":"raw","image":""},{"term_id":31,"name":"Noticias Locales","slug":"noticias-locales","term_group":0,"term_taxonomy_id":31,"taxonomy":"category","description":"","parent":0,"count":2372,"filter":"raw","image":""}]},"jetpack_featured_media_url":"https:\/\/atlantikas.com\/palm-beach-costa-del-tesoro\/wp-content\/uploads\/sites\/2\/2023\/11\/New-Picture-3.png","jetpack_sharing_enabled":true,"jetpack-related-posts":[],"_links":{"self":[{"href":"https:\/\/atlantikas.com\/palm-beach-costa-del-tesoro\/wp-json\/wp\/v2\/posts\/2890","targetHints":{"allow":["GET"]}}],"collection":[{"href":"https:\/\/atlantikas.com\/palm-beach-costa-del-tesoro\/wp-json\/wp\/v2\/posts"}],"about":[{"href":"https:\/\/atlantikas.com\/palm-beach-costa-del-tesoro\/wp-json\/wp\/v2\/types\/post"}],"author":[{"embeddable":true,"href":"https:\/\/atlantikas.com\/palm-beach-costa-del-tesoro\/wp-json\/wp\/v2\/users\/4"}],"replies":[{"embeddable":true,"href":"https:\/\/atlantikas.com\/palm-beach-costa-del-tesoro\/wp-json\/wp\/v2\/comments?post=2890"}],"version-history":[{"count":1,"href":"https:\/\/atlantikas.com\/palm-beach-costa-del-tesoro\/wp-json\/wp\/v2\/posts\/2890\/revisions"}],"predecessor-version":[{"id":2891,"href":"https:\/\/atlantikas.com\/palm-beach-costa-del-tesoro\/wp-json\/wp\/v2\/posts\/2890\/revisions\/2891"}],"wp:attachment":[{"href":"https:\/\/atlantikas.com\/palm-beach-costa-del-tesoro\/wp-json\/wp\/v2\/media?parent=2890"}],"wp:term":[{"taxonomy":"category","embeddable":true,"href":"https:\/\/atlantikas.com\/palm-beach-costa-del-tesoro\/wp-json\/wp\/v2\/categories?post=2890"},{"taxonomy":"post_tag","embeddable":true,"href":"https:\/\/atlantikas.com\/palm-beach-costa-del-tesoro\/wp-json\/wp\/v2\/tags?post=2890"},{"taxonomy":"author","embeddable":true,"href":"https:\/\/atlantikas.com\/palm-beach-costa-del-tesoro\/wp-json\/wp\/v2\/coauthors?post=2890"}],"curies":[{"name":"wp","href":"https:\/\/api.w.org\/{rel}","templated":true}]}}