{"id":19193,"date":"2026-09-05T18:17:21","date_gmt":"2026-09-05T22:17:21","guid":{"rendered":"https:\/\/atlantikas.com\/palm-beach-costa-del-tesoro\/?p=19193"},"modified":"2026-09-05T18:22:52","modified_gmt":"2026-09-05T22:22:52","slug":"palm-beach-county-proclama-el-fin-de-semana-de-carnaval-palm-beaches","status":"publish","type":"post","link":"https:\/\/atlantikas.com\/palm-beach-costa-del-tesoro\/palm-beach-county-proclama-el-fin-de-semana-de-carnaval-palm-beaches\/","title":{"rendered":"Palm Beach County proclama el fin de semana de Carnaval Palm Beaches"},"content":{"rendered":"<div class=\"mdp-speaker-wrapper\">\n            \n            \n            \n            \n            <div class=\"mdp-speaker-box mdp-speaker-box before-content speaker-wavesurfer\">\n                <div class=\"mdp-speaker-player\"  data-title=\"Palm Beach County proclama el fin de semana de Carnaval Palm Beaches\" data-author=\"10\" data-thumbnail=\"https:\/\/atlantikas.com\/palm-beach-costa-del-tesoro\/wp-content\/uploads\/sites\/2\/2026\/09\/carnaval-proclamacion.jpg\" data-type=\"speaker-wavesurfer\" data-id=\"19193\" data-src=\"https:\/\/atlantikas.com\/palm-beach-costa-del-tesoro\/wp-content\/uploads\/sites\/2\/speaker\/post-19193.mp3?cb=1788646977.mp3\" data-download=\"1\" data-speeds=\"0.5,0.75,1,1.25,1.5\" data-share=\"\" >\n                    <div class=\"mdp-speaker-wavesurfer-player mdp-speaker-wavesurfer-placeholder\"><\/div>\n                <\/div>\n            <\/div>\n            \n            \n            \n            \n\t\t\t<\/div><p class=\"PDq2pG_selectionAnchorContainer\" data-start=\"294\" data-end=\"491\">Palm Beach County se prepara para celebrar la primera edici\u00f3n de Carnaval Palm Beaches con un reconocimiento oficial por parte de la alcaldesa del condado y comisionada del Distrito 6, Sara Baxter.<\/p>\n<p data-start=\"493\" data-end=\"810\">Durante una reuni\u00f3n de la Junta de Comisionados del Condado de Palm Beach, Baxter proclam\u00f3 el 12 y 13 de septiembre como el \u201cCarnaval Palm Beaches Weekend\u201d, destacando una iniciativa que reunir\u00e1 a empresarios, emprendedores y l\u00edderes comunitarios para celebrar la cultura y las contribuciones de la comunidad hispana.<\/p>\n<p data-start=\"812\" data-end=\"1054\">La proclamaci\u00f3n reconoce el trabajo realizado por <a href=\"https:\/\/palmbeaches.org\/\">The Chamber of Commerce of the Palm Beaches<\/a> y su Comit\u00e9 Avanza para crear oportunidades, promover la colaboraci\u00f3n y fortalecer las conexiones entre los negocios y l\u00edderes hispanos del condado.<\/p>\n<h3 data-section-id=\"1xbgvj\" data-start=\"1056\" data-end=\"1116\">Una celebraci\u00f3n de la cultura y el liderazgo empresarial<\/h3>\n<p data-start=\"1118\" data-end=\"1296\">Brandon Cabrera, fundador <a href=\"https:\/\/thebrandxco.com\/\">The BrandX Company<\/a>, patrocinador principal de Carnaval Palm Beaches, agradeci\u00f3 a la alcaldesa Baxter y a los comisionados por el reconocimiento.<\/p>\n<p data-start=\"1298\" data-end=\"1601\">\u201cDurante el \u00faltimo a\u00f1o, el Comit\u00e9 Avanza de la C\u00e1mara ha reunido a propietarios de negocios, ejecutivos y l\u00edderes comunitarios hispanos de todo Palm Beach County con un objetivo muy sencillo: crear conexiones, abrir puertas y fortalecer la voz de nuestra comunidad empresarial hispana\u201d, expres\u00f3 Cabrera.<\/p>\n<p data-start=\"1603\" data-end=\"1779\">Tambi\u00e9n se\u00f1al\u00f3 que actualmente la C\u00e1mara representa a cientos de empresas de propiedad o liderazgo hispano, y que Carnaval Palm Beaches constituye una extensi\u00f3n de ese trabajo.<\/p>\n<p data-start=\"1781\" data-end=\"2111\">\u201cEsta celebraci\u00f3n no se trata de una sola organizaci\u00f3n. Se trata de reunir a nuestra comunidad para celebrar nuestra cultura, nuestros negocios y las extraordinarias contribuciones que los hispanos est\u00e1n realizando en todo Palm Beach County. As\u00ed es como luce la colaboraci\u00f3n, y estamos orgullosos de formar parte de ella\u201d, a\u00f1adi\u00f3.<\/p>\n<p data-start=\"2113\" data-end=\"2398\"><u>Michael Zeff, presidente y CEO de la c\u00e1mara, destac\u00f3 que Carnaval representa los valores que impulsan su misi\u00f3n: crear oportunidades, elevar a los negocios y l\u00edderes que contribuyen al desarrollo de la regi\u00f3n y construir conexiones en toda el \u00e1rea de Palm Beaches.<\/u><\/p>\n<h3 data-section-id=\"1bkldcc\" data-start=\"2400\" data-end=\"2435\">Un evento con entradas agotadas<\/h3>\n<p data-start=\"2437\" data-end=\"2738\">El evento principal se celebrar\u00e1 el 12 de septiembre ante una audiencia con entradas agotadas. La jornada reunir\u00e1 a representantes del sector empresarial y comunitario en una celebraci\u00f3n de las tradiciones, el emprendimiento, el liderazgo y la diversidad cultural que caracterizan a Palm Beach County.<\/p>\n<p data-start=\"2740\" data-end=\"2897\">Carnaval Palm Beaches ser\u00e1 tambi\u00e9n el escenario para reconocer a empresas y l\u00edderes que contribuyen al crecimiento y fortalecimiento de la comunidad hispana.<\/p>\n<p data-start=\"2899\" data-end=\"3075\">La proclamaci\u00f3n del \u201cCarnaval Palm Beaches Weekend\u201d representa un importante reconocimiento institucional al impacto econ\u00f3mico, social y cultural de los hispanos en el condado.<\/p>\n<p data-start=\"3077\" data-end=\"3121\" data-is-last-node=\"\" data-is-only-node=\"\"><strong data-start=\"3077\" data-end=\"3121\" data-is-last-node=\"\">Tradici\u00f3n. Cultura. Negocios. Comunidad.<\/strong><\/p>\n","protected":false},"excerpt":{"rendered":"<p>Palm Beach County se prepara para celebrar la primera edici\u00f3n de Carnaval Palm Beaches con un reconocimiento oficial por parte de la alcaldesa del condado y comisionada del Distrito 6, Sara Baxter. Durante una reuni\u00f3n de la Junta de Comisionados del Condado de Palm Beach, Baxter proclam\u00f3 el 12 y 13 de septiembre como el &hellip;<\/p>\n","protected":false},"author":10,"featured_media":19194,"comment_status":"open","ping_status":"open","sticky":false,"template":"","format":"standard","meta":{"om_disable_all_campaigns":false,"_monsterinsights_skip_tracking":false,"_jetpack_newsletter_access":"","_jetpack_dont_email_post_to_subs":false,"_jetpack_newsletter_tier_id":0,"_jetpack_memberships_contains_paywalled_content":false,"_jetpack_feature_clip_id":0,"_jetpack_memberships_contains_paid_content":false,"footnotes":"","jetpack_post_was_ever_published":false},"categories":[560],"tags":[],"coauthors":[258],"class_list":["post-19193","post","type-post","status-publish","format-standard","has-post-thumbnail","hentry","category-comunidad"],"aioseo_notices":[],"aioseo_head":"\n\t\t<!-- All in One SEO 5.0.0.1 - aioseo.com -->\n\t<meta name=\"description\" content=\"Palm Beach County se prepara para celebrar la primera edici\u00f3n de Carnaval Palm Beaches con un reconocimiento oficial por parte de la alcaldesa del condado y comisionada del Distrito 6, Sara Baxter. Durante una reuni\u00f3n de la Junta de Comisionados del Condado de Palm Beach, Baxter proclam\u00f3 el 12 y 13 de septiembre como el\" \/>\n\t<meta name=\"robots\" content=\"max-image-preview:large\" \/>\n\t<meta name=\"author\" content=\"Emma V\u00e9lez\"\/>\n\t<link rel=\"canonical\" href=\"https:\/\/atlantikas.com\/palm-beach-costa-del-tesoro\/palm-beach-county-proclama-el-fin-de-semana-de-carnaval-palm-beaches\/\" \/>\n\t<meta name=\"generator\" content=\"All in One SEO (AIOSEO) 5.0.0.1\" \/>\n\t\t<meta property=\"og:locale\" content=\"es_ES\" \/>\n\t\t<meta property=\"og:site_name\" content=\"Atl\u00e1ntikas Noticias en Espa\u00f1ol Condados Palm Beach y la Costa del Tesoro - Noticias en Espa\u00f1ol | Condados Palm Beach y la Costa del Tesoro\" \/>\n\t\t<meta property=\"og:type\" content=\"article\" \/>\n\t\t<meta property=\"og:title\" content=\"Palm Beach County proclama el fin de semana de Carnaval Palm Beaches - Atl\u00e1ntikas Noticias en Espa\u00f1ol Condados Palm Beach y la Costa del Tesoro\" \/>\n\t\t<meta property=\"og:description\" content=\"Palm Beach County se prepara para celebrar la primera edici\u00f3n de Carnaval Palm Beaches con un reconocimiento oficial por parte de la alcaldesa del condado y comisionada del Distrito 6, Sara Baxter. Durante una reuni\u00f3n de la Junta de Comisionados del Condado de Palm Beach, Baxter proclam\u00f3 el 12 y 13 de septiembre como el\" \/>\n\t\t<meta property=\"og:url\" content=\"https:\/\/atlantikas.com\/palm-beach-costa-del-tesoro\/palm-beach-county-proclama-el-fin-de-semana-de-carnaval-palm-beaches\/\" \/>\n\t\t<meta property=\"og:image\" content=\"https:\/\/atlantikas.com\/palm-beach-costa-del-tesoro\/wp-content\/uploads\/sites\/2\/2026\/09\/carnaval-proclamacion.jpg\" \/>\n\t\t<meta property=\"og:image:secure_url\" content=\"https:\/\/atlantikas.com\/palm-beach-costa-del-tesoro\/wp-content\/uploads\/sites\/2\/2026\/09\/carnaval-proclamacion.jpg\" \/>\n\t\t<meta property=\"og:image:width\" content=\"1200\" \/>\n\t\t<meta property=\"og:image:height\" content=\"675\" \/>\n\t\t<meta property=\"article:published_time\" content=\"2026-09-05T22:17:21+00:00\" \/>\n\t\t<meta property=\"article:modified_time\" content=\"2026-09-05T22:22:52+00:00\" \/>\n\t\t<meta property=\"article:publisher\" content=\"https:\/\/www.facebook.com\/NoticiasAtlantikas\/\" \/>\n\t\t<meta name=\"twitter:card\" content=\"summary_large_image\" \/>\n\t\t<meta name=\"twitter:site\" content=\"@atlantikasnoti\" \/>\n\t\t<meta name=\"twitter:title\" content=\"Palm Beach County proclama el fin de semana de Carnaval Palm Beaches - Atl\u00e1ntikas Noticias en Espa\u00f1ol Condados Palm Beach y la Costa del Tesoro\" \/>\n\t\t<meta name=\"twitter:description\" content=\"Palm Beach County se prepara para celebrar la primera edici\u00f3n de Carnaval Palm Beaches con un reconocimiento oficial por parte de la alcaldesa del condado y comisionada del Distrito 6, Sara Baxter. Durante una reuni\u00f3n de la Junta de Comisionados del Condado de Palm Beach, Baxter proclam\u00f3 el 12 y 13 de septiembre como el\" \/>\n\t\t<meta name=\"twitter:creator\" content=\"@atlantikasnoti\" \/>\n\t\t<meta name=\"twitter:image\" content=\"https:\/\/atlantikas.com\/palm-beach-costa-del-tesoro\/wp-content\/uploads\/sites\/2\/2026\/09\/carnaval-proclamacion.jpg\" \/>\n\t\t<script type=\"application\/ld+json\" class=\"aioseo-schema\">\n\t\t\t{\"@context\":\"https:\\\/\\\/schema.org\",\"@graph\":[{\"@type\":\"BlogPosting\",\"@id\":\"https:\\\/\\\/atlantikas.com\\\/palm-beach-costa-del-tesoro\\\/palm-beach-county-proclama-el-fin-de-semana-de-carnaval-palm-beaches\\\/#blogposting\",\"name\":\"Palm Beach County proclama el fin de semana de Carnaval Palm Beaches - Atl\\u00e1ntikas Noticias en Espa\\u00f1ol Condados Palm Beach y la Costa del Tesoro\",\"headline\":\"Palm Beach County proclama el fin de semana de Carnaval Palm Beaches\",\"author\":{\"@id\":\"https:\\\/\\\/atlantikas.com\\\/palm-beach-costa-del-tesoro\\\/author\\\/emmavelez\\\/#author\"},\"publisher\":{\"@id\":\"https:\\\/\\\/atlantikas.com\\\/palm-beach-costa-del-tesoro\\\/#organization\"},\"image\":{\"@type\":\"ImageObject\",\"url\":\"https:\\\/\\\/atlantikas.com\\\/palm-beach-costa-del-tesoro\\\/wp-content\\\/uploads\\\/sites\\\/2\\\/2026\\\/09\\\/carnaval-proclamacion.jpg\",\"width\":1200,\"height\":675},\"datePublished\":\"2026-09-05T18:17:21-04:00\",\"dateModified\":\"2026-09-05T18:22:52-04:00\",\"inLanguage\":\"es-ES\",\"mainEntityOfPage\":{\"@id\":\"https:\\\/\\\/atlantikas.com\\\/palm-beach-costa-del-tesoro\\\/palm-beach-county-proclama-el-fin-de-semana-de-carnaval-palm-beaches\\\/#webpage\"},\"isPartOf\":{\"@id\":\"https:\\\/\\\/atlantikas.com\\\/palm-beach-costa-del-tesoro\\\/palm-beach-county-proclama-el-fin-de-semana-de-carnaval-palm-beaches\\\/#webpage\"},\"articleSection\":\"Comunidad, emmavelez\"},{\"@type\":\"BreadcrumbList\",\"@id\":\"https:\\\/\\\/atlantikas.com\\\/palm-beach-costa-del-tesoro\\\/palm-beach-county-proclama-el-fin-de-semana-de-carnaval-palm-beaches\\\/#breadcrumblist\",\"itemListElement\":[{\"@type\":\"ListItem\",\"@id\":\"https:\\\/\\\/atlantikas.com\\\/palm-beach-costa-del-tesoro#listItem\",\"position\":1,\"name\":\"Home\",\"item\":\"https:\\\/\\\/atlantikas.com\\\/palm-beach-costa-del-tesoro\",\"nextItem\":{\"@type\":\"ListItem\",\"@id\":\"https:\\\/\\\/atlantikas.com\\\/palm-beach-costa-del-tesoro\\\/categoria\\\/noticias-locales\\\/#listItem\",\"name\":\"Noticias Locales\"}},{\"@type\":\"ListItem\",\"@id\":\"https:\\\/\\\/atlantikas.com\\\/palm-beach-costa-del-tesoro\\\/categoria\\\/noticias-locales\\\/#listItem\",\"position\":2,\"name\":\"Noticias Locales\",\"item\":\"https:\\\/\\\/atlantikas.com\\\/palm-beach-costa-del-tesoro\\\/categoria\\\/noticias-locales\\\/\",\"nextItem\":{\"@type\":\"ListItem\",\"@id\":\"https:\\\/\\\/atlantikas.com\\\/palm-beach-costa-del-tesoro\\\/categoria\\\/noticias-locales\\\/comunidad\\\/#listItem\",\"name\":\"Comunidad\"},\"previousItem\":{\"@type\":\"ListItem\",\"@id\":\"https:\\\/\\\/atlantikas.com\\\/palm-beach-costa-del-tesoro#listItem\",\"name\":\"Home\"}},{\"@type\":\"ListItem\",\"@id\":\"https:\\\/\\\/atlantikas.com\\\/palm-beach-costa-del-tesoro\\\/categoria\\\/noticias-locales\\\/comunidad\\\/#listItem\",\"position\":3,\"name\":\"Comunidad\",\"item\":\"https:\\\/\\\/atlantikas.com\\\/palm-beach-costa-del-tesoro\\\/categoria\\\/noticias-locales\\\/comunidad\\\/\",\"nextItem\":{\"@type\":\"ListItem\",\"@id\":\"https:\\\/\\\/atlantikas.com\\\/palm-beach-costa-del-tesoro\\\/palm-beach-county-proclama-el-fin-de-semana-de-carnaval-palm-beaches\\\/#listItem\",\"name\":\"Palm Beach County proclama el fin de semana de Carnaval Palm Beaches\"},\"previousItem\":{\"@type\":\"ListItem\",\"@id\":\"https:\\\/\\\/atlantikas.com\\\/palm-beach-costa-del-tesoro\\\/categoria\\\/noticias-locales\\\/#listItem\",\"name\":\"Noticias Locales\"}},{\"@type\":\"ListItem\",\"@id\":\"https:\\\/\\\/atlantikas.com\\\/palm-beach-costa-del-tesoro\\\/palm-beach-county-proclama-el-fin-de-semana-de-carnaval-palm-beaches\\\/#listItem\",\"position\":4,\"name\":\"Palm Beach County proclama el fin de semana de Carnaval Palm Beaches\",\"previousItem\":{\"@type\":\"ListItem\",\"@id\":\"https:\\\/\\\/atlantikas.com\\\/palm-beach-costa-del-tesoro\\\/categoria\\\/noticias-locales\\\/comunidad\\\/#listItem\",\"name\":\"Comunidad\"}}]},{\"@type\":\"Organization\",\"@id\":\"https:\\\/\\\/atlantikas.com\\\/palm-beach-costa-del-tesoro\\\/#organization\",\"name\":\"Atl\\u00e1ntikas Noticias en Espa\\u00f1ol Condados Palm Beach y la Costa del Tesoro\",\"description\":\"Noticias en Espa\\u00f1ol | Condados Palm Beach y la Costa del Tesoro\",\"url\":\"https:\\\/\\\/atlantikas.com\\\/palm-beach-costa-del-tesoro\\\/\",\"email\":\"info@atlantikas.com\",\"telephone\":\"+15613049509\",\"foundingDate\":\"2023-08-26\",\"logo\":{\"@type\":\"ImageObject\",\"url\":\"https:\\\/\\\/atlantikas.com\\\/palm-beach-costa-del-tesoro\\\/wp-content\\\/uploads\\\/sites\\\/2\\\/2023\\\/06\\\/Atlantikas-Palm-Beach-Costa-del-Tesoro-Logo-Web-1.png\",\"@id\":\"https:\\\/\\\/atlantikas.com\\\/palm-beach-costa-del-tesoro\\\/palm-beach-county-proclama-el-fin-de-semana-de-carnaval-palm-beaches\\\/#organizationLogo\",\"width\":1000,\"height\":375},\"image\":{\"@id\":\"https:\\\/\\\/atlantikas.com\\\/palm-beach-costa-del-tesoro\\\/palm-beach-county-proclama-el-fin-de-semana-de-carnaval-palm-beaches\\\/#organizationLogo\"},\"sameAs\":[\"https:\\\/\\\/www.facebook.com\\\/NoticiasAtlantikas\\\/\",\"https:\\\/\\\/twitter.com\\\/atlantikasnoti\",\"https:\\\/\\\/www.instagram.com\\\/noticiasatlantikas\\\/\",\"https:\\\/\\\/www.youtube.com\\\/@Atlantikas-vn9dw\\\/channels\",\"https:\\\/\\\/www.linkedin.com\\\/company\\\/atlantikas\\\/\"]},{\"@type\":\"Person\",\"@id\":\"https:\\\/\\\/atlantikas.com\\\/palm-beach-costa-del-tesoro\\\/author\\\/emmavelez\\\/#author\",\"url\":\"https:\\\/\\\/atlantikas.com\\\/palm-beach-costa-del-tesoro\\\/author\\\/emmavelez\\\/\",\"name\":\"Emma V\\u00e9lez\",\"image\":{\"@type\":\"ImageObject\",\"@id\":\"https:\\\/\\\/atlantikas.com\\\/palm-beach-costa-del-tesoro\\\/palm-beach-county-proclama-el-fin-de-semana-de-carnaval-palm-beaches\\\/#authorImage\",\"url\":\"https:\\\/\\\/atlantikas.com\\\/palm-beach-costa-del-tesoro\\\/wp-content\\\/uploads\\\/sites\\\/2\\\/2023\\\/12\\\/emma-velez-web-150x150.png\",\"width\":96,\"height\":96,\"caption\":\"Emma V\\u00e9lez\"}},{\"@type\":\"WebPage\",\"@id\":\"https:\\\/\\\/atlantikas.com\\\/palm-beach-costa-del-tesoro\\\/palm-beach-county-proclama-el-fin-de-semana-de-carnaval-palm-beaches\\\/#webpage\",\"url\":\"https:\\\/\\\/atlantikas.com\\\/palm-beach-costa-del-tesoro\\\/palm-beach-county-proclama-el-fin-de-semana-de-carnaval-palm-beaches\\\/\",\"name\":\"Palm Beach County proclama el fin de semana de Carnaval Palm Beaches - Atl\\u00e1ntikas Noticias en Espa\\u00f1ol Condados Palm Beach y la Costa del Tesoro\",\"description\":\"Palm Beach County se prepara para celebrar la primera edici\\u00f3n de Carnaval Palm Beaches con un reconocimiento oficial por parte de la alcaldesa del condado y comisionada del Distrito 6, Sara Baxter. Durante una reuni\\u00f3n de la Junta de Comisionados del Condado de Palm Beach, Baxter proclam\\u00f3 el 12 y 13 de septiembre como el\",\"inLanguage\":\"es-ES\",\"isPartOf\":{\"@id\":\"https:\\\/\\\/atlantikas.com\\\/palm-beach-costa-del-tesoro\\\/#website\"},\"breadcrumb\":{\"@id\":\"https:\\\/\\\/atlantikas.com\\\/palm-beach-costa-del-tesoro\\\/palm-beach-county-proclama-el-fin-de-semana-de-carnaval-palm-beaches\\\/#breadcrumblist\"},\"author\":{\"@id\":\"https:\\\/\\\/atlantikas.com\\\/palm-beach-costa-del-tesoro\\\/author\\\/emmavelez\\\/#author\"},\"creator\":{\"@id\":\"https:\\\/\\\/atlantikas.com\\\/palm-beach-costa-del-tesoro\\\/author\\\/emmavelez\\\/#author\"},\"image\":{\"@type\":\"ImageObject\",\"url\":\"https:\\\/\\\/atlantikas.com\\\/palm-beach-costa-del-tesoro\\\/wp-content\\\/uploads\\\/sites\\\/2\\\/2026\\\/09\\\/carnaval-proclamacion.jpg\",\"@id\":\"https:\\\/\\\/atlantikas.com\\\/palm-beach-costa-del-tesoro\\\/palm-beach-county-proclama-el-fin-de-semana-de-carnaval-palm-beaches\\\/#mainImage\",\"width\":1200,\"height\":675},\"primaryImageOfPage\":{\"@id\":\"https:\\\/\\\/atlantikas.com\\\/palm-beach-costa-del-tesoro\\\/palm-beach-county-proclama-el-fin-de-semana-de-carnaval-palm-beaches\\\/#mainImage\"},\"datePublished\":\"2026-09-05T18:17:21-04:00\",\"dateModified\":\"2026-09-05T18:22:52-04:00\"},{\"@type\":\"WebSite\",\"@id\":\"https:\\\/\\\/atlantikas.com\\\/palm-beach-costa-del-tesoro\\\/#website\",\"url\":\"https:\\\/\\\/atlantikas.com\\\/palm-beach-costa-del-tesoro\\\/\",\"name\":\"Atl\\u00e1ntikas Noticias en Espa\\u00f1ol Condados Palm Beach y la Costa del Tesoro\",\"alternateName\":\"Atlantikas News\",\"description\":\"Noticias en Espa\\u00f1ol | Condados Palm Beach y la Costa del Tesoro\",\"inLanguage\":\"es-ES\",\"publisher\":{\"@id\":\"https:\\\/\\\/atlantikas.com\\\/palm-beach-costa-del-tesoro\\\/#organization\"}}]}\n\t\t<\/script>\n\t\t<!-- All in One SEO -->\n\n","aioseo_head_json":{"title":"Palm Beach County proclama el fin de semana de Carnaval Palm Beaches - Atl\u00e1ntikas Noticias en Espa\u00f1ol Condados Palm Beach y la Costa del Tesoro","description":"Palm Beach County se prepara para celebrar la primera edici\u00f3n de Carnaval Palm Beaches con un reconocimiento oficial por parte de la alcaldesa del condado y comisionada del Distrito 6, Sara Baxter. Durante una reuni\u00f3n de la Junta de Comisionados del Condado de Palm Beach, Baxter proclam\u00f3 el 12 y 13 de septiembre como el","canonical_url":"https:\/\/atlantikas.com\/palm-beach-costa-del-tesoro\/palm-beach-county-proclama-el-fin-de-semana-de-carnaval-palm-beaches\/","robots":"max-image-preview:large","keywords":"","webmasterTools":{"miscellaneous":""},"schema":{"@context":"https:\/\/schema.org","@graph":[{"@type":"BlogPosting","@id":"https:\/\/atlantikas.com\/palm-beach-costa-del-tesoro\/palm-beach-county-proclama-el-fin-de-semana-de-carnaval-palm-beaches\/#blogposting","name":"Palm Beach County proclama el fin de semana de Carnaval Palm Beaches - Atl\u00e1ntikas Noticias en Espa\u00f1ol Condados Palm Beach y la Costa del Tesoro","headline":"Palm Beach County proclama el fin de semana de Carnaval Palm Beaches","author":{"@id":"https:\/\/atlantikas.com\/palm-beach-costa-del-tesoro\/author\/emmavelez\/#author"},"publisher":{"@id":"https:\/\/atlantikas.com\/palm-beach-costa-del-tesoro\/#organization"},"image":{"@type":"ImageObject","url":"https:\/\/atlantikas.com\/palm-beach-costa-del-tesoro\/wp-content\/uploads\/sites\/2\/2026\/09\/carnaval-proclamacion.jpg","width":1200,"height":675},"datePublished":"2026-09-05T18:17:21-04:00","dateModified":"2026-09-05T18:22:52-04:00","inLanguage":"es-ES","mainEntityOfPage":{"@id":"https:\/\/atlantikas.com\/palm-beach-costa-del-tesoro\/palm-beach-county-proclama-el-fin-de-semana-de-carnaval-palm-beaches\/#webpage"},"isPartOf":{"@id":"https:\/\/atlantikas.com\/palm-beach-costa-del-tesoro\/palm-beach-county-proclama-el-fin-de-semana-de-carnaval-palm-beaches\/#webpage"},"articleSection":"Comunidad, emmavelez"},{"@type":"BreadcrumbList","@id":"https:\/\/atlantikas.com\/palm-beach-costa-del-tesoro\/palm-beach-county-proclama-el-fin-de-semana-de-carnaval-palm-beaches\/#breadcrumblist","itemListElement":[{"@type":"ListItem","@id":"https:\/\/atlantikas.com\/palm-beach-costa-del-tesoro#listItem","position":1,"name":"Home","item":"https:\/\/atlantikas.com\/palm-beach-costa-del-tesoro","nextItem":{"@type":"ListItem","@id":"https:\/\/atlantikas.com\/palm-beach-costa-del-tesoro\/categoria\/noticias-locales\/#listItem","name":"Noticias Locales"}},{"@type":"ListItem","@id":"https:\/\/atlantikas.com\/palm-beach-costa-del-tesoro\/categoria\/noticias-locales\/#listItem","position":2,"name":"Noticias Locales","item":"https:\/\/atlantikas.com\/palm-beach-costa-del-tesoro\/categoria\/noticias-locales\/","nextItem":{"@type":"ListItem","@id":"https:\/\/atlantikas.com\/palm-beach-costa-del-tesoro\/categoria\/noticias-locales\/comunidad\/#listItem","name":"Comunidad"},"previousItem":{"@type":"ListItem","@id":"https:\/\/atlantikas.com\/palm-beach-costa-del-tesoro#listItem","name":"Home"}},{"@type":"ListItem","@id":"https:\/\/atlantikas.com\/palm-beach-costa-del-tesoro\/categoria\/noticias-locales\/comunidad\/#listItem","position":3,"name":"Comunidad","item":"https:\/\/atlantikas.com\/palm-beach-costa-del-tesoro\/categoria\/noticias-locales\/comunidad\/","nextItem":{"@type":"ListItem","@id":"https:\/\/atlantikas.com\/palm-beach-costa-del-tesoro\/palm-beach-county-proclama-el-fin-de-semana-de-carnaval-palm-beaches\/#listItem","name":"Palm Beach County proclama el fin de semana de Carnaval Palm Beaches"},"previousItem":{"@type":"ListItem","@id":"https:\/\/atlantikas.com\/palm-beach-costa-del-tesoro\/categoria\/noticias-locales\/#listItem","name":"Noticias Locales"}},{"@type":"ListItem","@id":"https:\/\/atlantikas.com\/palm-beach-costa-del-tesoro\/palm-beach-county-proclama-el-fin-de-semana-de-carnaval-palm-beaches\/#listItem","position":4,"name":"Palm Beach County proclama el fin de semana de Carnaval Palm Beaches","previousItem":{"@type":"ListItem","@id":"https:\/\/atlantikas.com\/palm-beach-costa-del-tesoro\/categoria\/noticias-locales\/comunidad\/#listItem","name":"Comunidad"}}]},{"@type":"Organization","@id":"https:\/\/atlantikas.com\/palm-beach-costa-del-tesoro\/#organization","name":"Atl\u00e1ntikas Noticias en Espa\u00f1ol Condados Palm Beach y la Costa del Tesoro","description":"Noticias en Espa\u00f1ol | Condados Palm Beach y la Costa del Tesoro","url":"https:\/\/atlantikas.com\/palm-beach-costa-del-tesoro\/","email":"info@atlantikas.com","telephone":"+15613049509","foundingDate":"2023-08-26","logo":{"@type":"ImageObject","url":"https:\/\/atlantikas.com\/palm-beach-costa-del-tesoro\/wp-content\/uploads\/sites\/2\/2023\/06\/Atlantikas-Palm-Beach-Costa-del-Tesoro-Logo-Web-1.png","@id":"https:\/\/atlantikas.com\/palm-beach-costa-del-tesoro\/palm-beach-county-proclama-el-fin-de-semana-de-carnaval-palm-beaches\/#organizationLogo","width":1000,"height":375},"image":{"@id":"https:\/\/atlantikas.com\/palm-beach-costa-del-tesoro\/palm-beach-county-proclama-el-fin-de-semana-de-carnaval-palm-beaches\/#organizationLogo"},"sameAs":["https:\/\/www.facebook.com\/NoticiasAtlantikas\/","https:\/\/twitter.com\/atlantikasnoti","https:\/\/www.instagram.com\/noticiasatlantikas\/","https:\/\/www.youtube.com\/@Atlantikas-vn9dw\/channels","https:\/\/www.linkedin.com\/company\/atlantikas\/"]},{"@type":"Person","@id":"https:\/\/atlantikas.com\/palm-beach-costa-del-tesoro\/author\/emmavelez\/#author","url":"https:\/\/atlantikas.com\/palm-beach-costa-del-tesoro\/author\/emmavelez\/","name":"Emma V\u00e9lez","image":{"@type":"ImageObject","@id":"https:\/\/atlantikas.com\/palm-beach-costa-del-tesoro\/palm-beach-county-proclama-el-fin-de-semana-de-carnaval-palm-beaches\/#authorImage","url":"https:\/\/atlantikas.com\/palm-beach-costa-del-tesoro\/wp-content\/uploads\/sites\/2\/2023\/12\/emma-velez-web-150x150.png","width":96,"height":96,"caption":"Emma V\u00e9lez"}},{"@type":"WebPage","@id":"https:\/\/atlantikas.com\/palm-beach-costa-del-tesoro\/palm-beach-county-proclama-el-fin-de-semana-de-carnaval-palm-beaches\/#webpage","url":"https:\/\/atlantikas.com\/palm-beach-costa-del-tesoro\/palm-beach-county-proclama-el-fin-de-semana-de-carnaval-palm-beaches\/","name":"Palm Beach County proclama el fin de semana de Carnaval Palm Beaches - Atl\u00e1ntikas Noticias en Espa\u00f1ol Condados Palm Beach y la Costa del Tesoro","description":"Palm Beach County se prepara para celebrar la primera edici\u00f3n de Carnaval Palm Beaches con un reconocimiento oficial por parte de la alcaldesa del condado y comisionada del Distrito 6, Sara Baxter. Durante una reuni\u00f3n de la Junta de Comisionados del Condado de Palm Beach, Baxter proclam\u00f3 el 12 y 13 de septiembre como el","inLanguage":"es-ES","isPartOf":{"@id":"https:\/\/atlantikas.com\/palm-beach-costa-del-tesoro\/#website"},"breadcrumb":{"@id":"https:\/\/atlantikas.com\/palm-beach-costa-del-tesoro\/palm-beach-county-proclama-el-fin-de-semana-de-carnaval-palm-beaches\/#breadcrumblist"},"author":{"@id":"https:\/\/atlantikas.com\/palm-beach-costa-del-tesoro\/author\/emmavelez\/#author"},"creator":{"@id":"https:\/\/atlantikas.com\/palm-beach-costa-del-tesoro\/author\/emmavelez\/#author"},"image":{"@type":"ImageObject","url":"https:\/\/atlantikas.com\/palm-beach-costa-del-tesoro\/wp-content\/uploads\/sites\/2\/2026\/09\/carnaval-proclamacion.jpg","@id":"https:\/\/atlantikas.com\/palm-beach-costa-del-tesoro\/palm-beach-county-proclama-el-fin-de-semana-de-carnaval-palm-beaches\/#mainImage","width":1200,"height":675},"primaryImageOfPage":{"@id":"https:\/\/atlantikas.com\/palm-beach-costa-del-tesoro\/palm-beach-county-proclama-el-fin-de-semana-de-carnaval-palm-beaches\/#mainImage"},"datePublished":"2026-09-05T18:17:21-04:00","dateModified":"2026-09-05T18:22:52-04:00"},{"@type":"WebSite","@id":"https:\/\/atlantikas.com\/palm-beach-costa-del-tesoro\/#website","url":"https:\/\/atlantikas.com\/palm-beach-costa-del-tesoro\/","name":"Atl\u00e1ntikas Noticias en Espa\u00f1ol Condados Palm Beach y la Costa del Tesoro","alternateName":"Atlantikas News","description":"Noticias en Espa\u00f1ol | Condados Palm Beach y la Costa del Tesoro","inLanguage":"es-ES","publisher":{"@id":"https:\/\/atlantikas.com\/palm-beach-costa-del-tesoro\/#organization"}}]},"og:locale":"es_ES","og:site_name":"Atl\u00e1ntikas Noticias en Espa\u00f1ol Condados Palm Beach y la Costa del Tesoro - Noticias en Espa\u00f1ol | Condados Palm Beach y la Costa del Tesoro","og:type":"article","og:title":"Palm Beach County proclama el fin de semana de Carnaval Palm Beaches - Atl\u00e1ntikas Noticias en Espa\u00f1ol Condados Palm Beach y la Costa del Tesoro","og:description":"Palm Beach County se prepara para celebrar la primera edici\u00f3n de Carnaval Palm Beaches con un reconocimiento oficial por parte de la alcaldesa del condado y comisionada del Distrito 6, Sara Baxter. Durante una reuni\u00f3n de la Junta de Comisionados del Condado de Palm Beach, Baxter proclam\u00f3 el 12 y 13 de septiembre como el","og:url":"https:\/\/atlantikas.com\/palm-beach-costa-del-tesoro\/palm-beach-county-proclama-el-fin-de-semana-de-carnaval-palm-beaches\/","og:image":"https:\/\/atlantikas.com\/palm-beach-costa-del-tesoro\/wp-content\/uploads\/sites\/2\/2026\/09\/carnaval-proclamacion.jpg","og:image:secure_url":"https:\/\/atlantikas.com\/palm-beach-costa-del-tesoro\/wp-content\/uploads\/sites\/2\/2026\/09\/carnaval-proclamacion.jpg","og:image:width":1200,"og:image:height":675,"article:published_time":"2026-09-05T22:17:21+00:00","article:modified_time":"2026-09-05T22:22:52+00:00","article:publisher":"https:\/\/www.facebook.com\/NoticiasAtlantikas\/","twitter:card":"summary_large_image","twitter:site":"@atlantikasnoti","twitter:title":"Palm Beach County proclama el fin de semana de Carnaval Palm Beaches - Atl\u00e1ntikas Noticias en Espa\u00f1ol Condados Palm Beach y la Costa del Tesoro","twitter:description":"Palm Beach County se prepara para celebrar la primera edici\u00f3n de Carnaval Palm Beaches con un reconocimiento oficial por parte de la alcaldesa del condado y comisionada del Distrito 6, Sara Baxter. Durante una reuni\u00f3n de la Junta de Comisionados del Condado de Palm Beach, Baxter proclam\u00f3 el 12 y 13 de septiembre como el","twitter:creator":"@atlantikasnoti","twitter:image":"https:\/\/atlantikas.com\/palm-beach-costa-del-tesoro\/wp-content\/uploads\/sites\/2\/2026\/09\/carnaval-proclamacion.jpg"},"aioseo_meta_data":{"post_id":"19193","title":null,"description":null,"keywords":null,"keyphrases":{"focus":{"keyphrase":"","score":0,"analysis":{"keyphraseInTitle":{"score":0,"maxScore":9,"error":1}}},"additional":[]},"primary_term":null,"canonical_url":null,"og_title":null,"og_description":null,"og_object_type":"default","og_image_type":"default","og_image_url":null,"og_image_width":null,"og_image_height":null,"og_image_custom_url":null,"og_image_custom_fields":null,"og_video":"","og_custom_url":null,"og_article_section":null,"og_article_tags":null,"twitter_use_og":false,"twitter_card":"default","twitter_image_type":"default","twitter_image_url":null,"twitter_image_custom_url":null,"twitter_image_custom_fields":null,"twitter_title":null,"twitter_description":null,"schema":{"blockGraphs":[],"customGraphs":[],"default":{"data":{"Article":[],"Course":[],"Dataset":[],"FAQPage":[],"Movie":[],"Person":[],"Product":[],"ProductReview":[],"Car":[],"Recipe":[],"Service":[],"SoftwareApplication":[],"WebPage":[]},"graphName":"BlogPosting","isEnabled":true},"graphs":[]},"schema_type":"default","schema_type_options":null,"pillar_content":false,"robots_default":true,"robots_noindex":false,"robots_noarchive":false,"robots_nosnippet":false,"robots_nofollow":false,"robots_noimageindex":false,"robots_noodp":false,"robots_notranslate":false,"robots_max_snippet":"-1","robots_max_videopreview":"-1","robots_max_imagepreview":"large","priority":null,"frequency":"default","local_seo":null,"breadcrumb_settings":null,"limit_modified_date":false,"ai":{"faqs":[],"keyPoints":[],"schemas":[],"titles":[],"descriptions":[],"socialPosts":{"email":{"subject":"","preview":"","content":""},"linkedin":[],"twitter":[],"facebook":[],"instagram":[]}},"created":"2026-09-05 22:17:28","updated":"2026-09-05 22:41:02","seo_analyzer_scan_date":null,"focus_keyword":null,"additional_keywords":null,"truseo_locale":null},"aioseo_breadcrumb":"<div class=\"aioseo-breadcrumbs\"><span class=\"aioseo-breadcrumb\">\n\t\t\t<a href=\"https:\/\/atlantikas.com\/palm-beach-costa-del-tesoro\" title=\"Home\">Home<\/a>\n\t\t<\/span><span class=\"aioseo-breadcrumb-separator\">&raquo;<\/span><span class=\"aioseo-breadcrumb\">\n\t\t\t<a href=\"https:\/\/atlantikas.com\/palm-beach-costa-del-tesoro\/categoria\/noticias-locales\/\" title=\"Noticias Locales\">Noticias Locales<\/a>\n\t\t<\/span><span class=\"aioseo-breadcrumb-separator\">&raquo;<\/span><span class=\"aioseo-breadcrumb\">\n\t\t\t<a href=\"https:\/\/atlantikas.com\/palm-beach-costa-del-tesoro\/categoria\/noticias-locales\/comunidad\/\" title=\"Comunidad\">Comunidad<\/a>\n\t\t<\/span><span class=\"aioseo-breadcrumb-separator\">&raquo;<\/span><span class=\"aioseo-breadcrumb\">\n\t\t\tPalm Beach County proclama el fin de semana de Carnaval Palm Beaches\n\t\t<\/span><\/div>","aioseo_breadcrumb_json":[{"label":"Home","link":"https:\/\/atlantikas.com\/palm-beach-costa-del-tesoro"},{"label":"Noticias Locales","link":"https:\/\/atlantikas.com\/palm-beach-costa-del-tesoro\/categoria\/noticias-locales\/"},{"label":"Comunidad","link":"https:\/\/atlantikas.com\/palm-beach-costa-del-tesoro\/categoria\/noticias-locales\/comunidad\/"},{"label":"Palm Beach County proclama el fin de semana de Carnaval Palm Beaches","link":"https:\/\/atlantikas.com\/palm-beach-costa-del-tesoro\/palm-beach-county-proclama-el-fin-de-semana-de-carnaval-palm-beaches\/"}],"image_feature":"https:\/\/atlantikas.com\/palm-beach-costa-del-tesoro\/wp-content\/uploads\/sites\/2\/2026\/09\/carnaval-proclamacion.jpg","author_name":"Emma V\u00e9lez","pure_taxonomies":{"categories":[{"term_id":560,"name":"Comunidad","slug":"comunidad","term_group":0,"term_taxonomy_id":560,"taxonomy":"category","description":"","parent":31,"count":1,"filter":"raw","image":""}]},"jetpack_featured_media_url":"https:\/\/atlantikas.com\/palm-beach-costa-del-tesoro\/wp-content\/uploads\/sites\/2\/2026\/09\/carnaval-proclamacion.jpg","jetpack_sharing_enabled":true,"jetpack-related-posts":[],"_links":{"self":[{"href":"https:\/\/atlantikas.com\/palm-beach-costa-del-tesoro\/wp-json\/wp\/v2\/posts\/19193","targetHints":{"allow":["GET"]}}],"collection":[{"href":"https:\/\/atlantikas.com\/palm-beach-costa-del-tesoro\/wp-json\/wp\/v2\/posts"}],"about":[{"href":"https:\/\/atlantikas.com\/palm-beach-costa-del-tesoro\/wp-json\/wp\/v2\/types\/post"}],"author":[{"embeddable":true,"href":"https:\/\/atlantikas.com\/palm-beach-costa-del-tesoro\/wp-json\/wp\/v2\/users\/10"}],"replies":[{"embeddable":true,"href":"https:\/\/atlantikas.com\/palm-beach-costa-del-tesoro\/wp-json\/wp\/v2\/comments?post=19193"}],"version-history":[{"count":1,"href":"https:\/\/atlantikas.com\/palm-beach-costa-del-tesoro\/wp-json\/wp\/v2\/posts\/19193\/revisions"}],"predecessor-version":[{"id":19195,"href":"https:\/\/atlantikas.com\/palm-beach-costa-del-tesoro\/wp-json\/wp\/v2\/posts\/19193\/revisions\/19195"}],"wp:featuredmedia":[{"embeddable":true,"href":"https:\/\/atlantikas.com\/palm-beach-costa-del-tesoro\/wp-json\/wp\/v2\/media\/19194"}],"wp:attachment":[{"href":"https:\/\/atlantikas.com\/palm-beach-costa-del-tesoro\/wp-json\/wp\/v2\/media?parent=19193"}],"wp:term":[{"taxonomy":"category","embeddable":true,"href":"https:\/\/atlantikas.com\/palm-beach-costa-del-tesoro\/wp-json\/wp\/v2\/categories?post=19193"},{"taxonomy":"post_tag","embeddable":true,"href":"https:\/\/atlantikas.com\/palm-beach-costa-del-tesoro\/wp-json\/wp\/v2\/tags?post=19193"},{"taxonomy":"author","embeddable":true,"href":"https:\/\/atlantikas.com\/palm-beach-costa-del-tesoro\/wp-json\/wp\/v2\/coauthors?post=19193"}],"curies":[{"name":"wp","href":"https:\/\/api.w.org\/{rel}","templated":true}]}}