{"id":15861,"date":"2026-05-01T08:24:11","date_gmt":"2026-05-01T12:24:11","guid":{"rendered":"https:\/\/atlantikas.com\/palm-beach-costa-del-tesoro\/?p=15861"},"modified":"2026-05-01T08:24:11","modified_gmt":"2026-05-01T12:24:11","slug":"alcalde-de-stuart-renuncia-sorpresivamente-para-buscar-un-puesto-en-la-comision-del-condado-martin","status":"publish","type":"post","link":"https:\/\/atlantikas.com\/palm-beach-costa-del-tesoro\/alcalde-de-stuart-renuncia-sorpresivamente-para-buscar-un-puesto-en-la-comision-del-condado-martin\/","title":{"rendered":"Alcalde de Stuart renuncia sorpresivamente para buscar un puesto en la Comisi\u00f3n del Condado Martin"},"content":{"rendered":"<div class=\"mdp-speaker-wrapper\">\n            \n            \n            \n            \n            <div class=\"mdp-speaker-box mdp-speaker-box before-content speaker-wavesurfer\">\n                <div class=\"mdp-speaker-player\"  data-title=\"Alcalde de Stuart renuncia sorpresivamente para buscar un puesto en la Comisi\u00f3n del Condado Martin\" data-author=\"4\" data-thumbnail=\"https:\/\/atlantikas.com\/palm-beach-costa-del-tesoro\/wp-content\/uploads\/sites\/2\/2026\/05\/Copy-of-Template-1200-800-x-500-px-Instagram-Post-2-1.png\" data-type=\"speaker-wavesurfer\" data-id=\"15861\" data-src=\"https:\/\/atlantikas.com\/palm-beach-costa-del-tesoro\/wp-content\/uploads\/sites\/2\/speaker\/post-15861.mp3?cb=1777638256.mp3\" data-download=\"1\" data-speeds=\"0.5,0.75,1,1.25,1.5\" data-share=\"\" >\n                    <div class=\"mdp-speaker-wavesurfer-player mdp-speaker-wavesurfer-placeholder\"><\/div>\n                <\/div>\n            <\/div>\n            \n            \n            \n            \n\t\t\t<\/div><div>\n<div class=\"flex h-svh w-screen flex-col\">\n<div class=\"relative z-0 flex min-h-0 w-full flex-1\">\n<div class=\"relative flex min-h-0 w-full flex-1\">\n<div class=\"@container\/main relative flex min-w-0 flex-1 flex-col -translate-y-[calc(env(safe-area-inset-bottom,0px)\/2)] pt-[calc(env(safe-area-inset-bottom,0px)\/2)]\">\n<div class=\"@w-sm\/main:[scrollbar-gutter:var(--stage-scroll-gutter)] touch:[scrollbar-width:none] group\/scroll-root relative flex min-h-0 min-w-0 flex-1 flex-col [scrollbar-gutter:stable] not-print:overflow-x-clip not-print:overflow-y-auto group-data-stream-active\/scroll-root:[overflow-anchor:none] scroll-pt-(--header-height) [--sticky-padding-top:var(--header-height)] [--sticky-padding-bottom:0px] [--scroll-root-safe-area-inset-top:calc(var(--sticky-padding-top)+env(safe-area-inset-top,0px))] [--scroll-root-safe-area-inset-bottom:calc(var(--sticky-padding-bottom)+var(--screen-keyboard-height,0px)+env(safe-area-inset-bottom,0px))] [--scroll-root-safe-area-height:calc(100lvh-var(--scroll-root-safe-area-inset-top)-var(--scroll-root-safe-area-inset-bottom))] has-data-[fixed-header=less-than-xl]:@w-xl\/main:scroll-pt-0 has-data-[fixed-header=less-than-xl]:@w-xl\/main:[--sticky-padding-top:0px] has-data-[fixed-header=less-than-xxl]:@w-2xl\/main:scroll-pt-0 has-data-[fixed-header=less-than-xxl]:@w-2xl\/main:[--sticky-padding-top:0px]\" data-scroll-root=\"\" data-scroll-from-top=\"\"><main id=\"main\" class=\"min-h-0 flex-1\"><\/p>\n<div id=\"thread\" class=\"group\/thread flex flex-col min-h-full\">\n<div class=\"composer-parent flex flex-1 flex-col focus-visible:outline-0\" role=\"presentation\">\n<div class=\"relative basis-auto flex-col -mb-(--composer-overlap-px) pb-(--composer-overlap-px) [--composer-overlap-px:28px] grow flex\">\n<div class=\"flex flex-col text-sm\">\n<section class=\"text-token-text-primary w-full focus:outline-none [--shadow-height:45px] has-data-writing-block:pointer-events-none has-data-writing-block:-mt-(--shadow-height) has-data-writing-block:pt-(--shadow-height) [&amp;:has([data-writing-block])&gt;*]:pointer-events-auto [content-visibility:auto] supports-[content-visibility:auto]:[contain-intrinsic-size:auto_100lvh] R6Vx5W_threadScrollVars scroll-mb-[calc(var(--scroll-root-safe-area-inset-bottom,0px)+var(--thread-response-height))] scroll-mt-[calc(var(--header-height)+min(200px,max(70px,20svh)))]\" dir=\"auto\" data-turn-id=\"request-WEB:9bd3ea3e-0752-412c-b944-5200ebf8cc29-0\" data-testid=\"conversation-turn-2\" data-scroll-anchor=\"false\" data-turn=\"assistant\">\n<div class=\"text-base my-auto mx-auto pb-10 [--thread-content-margin:var(--thread-content-margin-xs,calc(var(--spacing)*4))] @w-sm\/main:[--thread-content-margin:var(--thread-content-margin-sm,calc(var(--spacing)*6))] @w-lg\/main:[--thread-content-margin:var(--thread-content-margin-lg,calc(var(--spacing)*16))] px-(--thread-content-margin)\">\n<div class=\"[--thread-content-max-width:40rem] @w-lg\/main:[--thread-content-max-width:48rem] mx-auto max-w-(--thread-content-max-width) flex-1 group\/turn-messages focus-visible:outline-hidden relative flex w-full min-w-0 flex-col agent-turn\">\n<div class=\"flex max-w-full flex-col gap-4 grow\">\n<div class=\"min-h-8 text-message relative flex w-full flex-col items-end gap-2 text-start break-words whitespace-normal outline-none keyboard-focused:focus-ring [.text-message+&amp;]:mt-1\" dir=\"auto\" data-message-author-role=\"assistant\" data-message-id=\"7de9bcef-90bb-4783-8463-49a86160cae4\" data-message-model-slug=\"gpt-5-3\" data-turn-start-message=\"true\">\n<div class=\"flex w-full flex-col gap-1 empty:hidden\">\n<div class=\"markdown prose dark:prose-invert w-full wrap-break-word light markdown-new-styling\">\n<p data-start=\"229\" data-end=\"495\">STUART, Florida \u2014 El alcalde de la ciudad de Stuart, Christopher J. Collins, present\u00f3 su renuncia inmediata al cargo para lanzarse oficialmente como candidato a la Comisi\u00f3n del Condado Martin, en una movida pol\u00edtica que sacude el panorama local de la Treasure Coast.<\/p>\n<p data-start=\"497\" data-end=\"787\">Collins anunci\u00f3 a trav\u00e9s de su cuenta de Facebook que competir\u00e1 por el Seat 2 de la Comisi\u00f3n del Condado Martin como candidato republicano, decisi\u00f3n que lo oblig\u00f3 a abandonar su posici\u00f3n en el gobierno municipal debido a las disposiciones establecidas en la carta constitutiva de la ciudad.<\/p>\n<p data-start=\"789\" data-end=\"947\">Un portavoz de la ciudad de Stuart confirm\u00f3 este jueves a medios locales que la renuncia de Collins entr\u00f3 en vigor de manera inmediata el 30 de abril de 2026.<\/p>\n<p data-start=\"949\" data-end=\"1234\">En la carta de renuncia enviada a la ciudad, Collins explic\u00f3 que las normas municipales le impiden mantener simult\u00e1neamente el cargo de alcalde mientras aspira a un puesto en la comisi\u00f3n del condado, motivo por el cual opt\u00f3 por dejar su posici\u00f3n para continuar con su campa\u00f1a pol\u00edtica.<\/p>\n<p data-start=\"1236\" data-end=\"1393\">Registros de la Supervisi\u00f3n de Elecciones del Condado Martin muestran que Collins ya present\u00f3 oficialmente su candidatura republicana para el esca\u00f1o vacante.<\/p>\n<p data-start=\"1395\" data-end=\"1538\">Tras la salida del alcalde, el sitio web oficial de la ciudad de Stuart ya identifica al vicealcalde Sean Reed como nuevo alcalde de la ciudad.<\/p>\n<p data-start=\"1540\" data-end=\"1730\" data-is-last-node=\"\" data-is-only-node=\"\">La decisi\u00f3n de Collins marca un nuevo cap\u00edtulo en la pol\u00edtica local del condado Martin y abre una contienda que promete captar la atenci\u00f3n de los votantes de la regi\u00f3n en los pr\u00f3ximos meses.<\/p>\n<\/div>\n<\/div>\n<\/div>\n<\/div>\n<\/div>\n<\/div>\n<\/section>\n<\/div>\n<\/div>\n<\/div>\n<\/div>\n<p><\/main><\/div>\n<\/div>\n<\/div>\n<\/div>\n<\/div>\n<\/div>\n","protected":false},"excerpt":{"rendered":"<p>STUART, Florida \u2014 El alcalde de la ciudad de Stuart, Christopher J. Collins, present\u00f3 su renuncia inmediata al cargo para lanzarse oficialmente como candidato a la Comisi\u00f3n del Condado Martin, en una movida pol\u00edtica que sacude el panorama local de la Treasure Coast. Collins anunci\u00f3 a trav\u00e9s de su cuenta de Facebook que competir\u00e1 por &hellip;<\/p>\n","protected":false},"author":4,"featured_media":15862,"comment_status":"open","ping_status":"open","sticky":false,"template":"","format":"standard","meta":{"om_disable_all_campaigns":false,"_monsterinsights_skip_tracking":false,"_monsterinsights_sitenote_active":false,"_monsterinsights_sitenote_note":"","_monsterinsights_sitenote_category":0,"jetpack_post_was_ever_published":false,"_jetpack_newsletter_access":"","_jetpack_dont_email_post_to_subs":false,"_jetpack_newsletter_tier_id":0,"_jetpack_memberships_contains_paywalled_content":false,"_jetpack_memberships_contains_paid_content":false,"footnotes":""},"categories":[78,47,31,349],"tags":[],"coauthors":[42],"class_list":["post-15861","post","type-post","status-publish","format-standard","has-post-thumbnail","hentry","category-condado-martin-costa-del-tesoro","category-costa-del-tesoro","category-noticias-locales","category-stuart"],"aioseo_notices":[],"image_feature":"https:\/\/atlantikas.com\/palm-beach-costa-del-tesoro\/wp-content\/uploads\/sites\/2\/2026\/05\/Copy-of-Template-1200-800-x-500-px-Instagram-Post-2-1.png","author_name":"Mirta Luaces","jetpack_featured_media_url":"https:\/\/atlantikas.com\/palm-beach-costa-del-tesoro\/wp-content\/uploads\/sites\/2\/2026\/05\/Copy-of-Template-1200-800-x-500-px-Instagram-Post-2-1.png","jetpack_sharing_enabled":true,"jetpack-related-posts":[],"_links":{"self":[{"href":"https:\/\/atlantikas.com\/palm-beach-costa-del-tesoro\/wp-json\/wp\/v2\/posts\/15861","targetHints":{"allow":["GET"]}}],"collection":[{"href":"https:\/\/atlantikas.com\/palm-beach-costa-del-tesoro\/wp-json\/wp\/v2\/posts"}],"about":[{"href":"https:\/\/atlantikas.com\/palm-beach-costa-del-tesoro\/wp-json\/wp\/v2\/types\/post"}],"author":[{"embeddable":true,"href":"https:\/\/atlantikas.com\/palm-beach-costa-del-tesoro\/wp-json\/wp\/v2\/users\/4"}],"replies":[{"embeddable":true,"href":"https:\/\/atlantikas.com\/palm-beach-costa-del-tesoro\/wp-json\/wp\/v2\/comments?post=15861"}],"version-history":[{"count":1,"href":"https:\/\/atlantikas.com\/palm-beach-costa-del-tesoro\/wp-json\/wp\/v2\/posts\/15861\/revisions"}],"predecessor-version":[{"id":15863,"href":"https:\/\/atlantikas.com\/palm-beach-costa-del-tesoro\/wp-json\/wp\/v2\/posts\/15861\/revisions\/15863"}],"wp:featuredmedia":[{"embeddable":true,"href":"https:\/\/atlantikas.com\/palm-beach-costa-del-tesoro\/wp-json\/wp\/v2\/media\/15862"}],"wp:attachment":[{"href":"https:\/\/atlantikas.com\/palm-beach-costa-del-tesoro\/wp-json\/wp\/v2\/media?parent=15861"}],"wp:term":[{"taxonomy":"category","embeddable":true,"href":"https:\/\/atlantikas.com\/palm-beach-costa-del-tesoro\/wp-json\/wp\/v2\/categories?post=15861"},{"taxonomy":"post_tag","embeddable":true,"href":"https:\/\/atlantikas.com\/palm-beach-costa-del-tesoro\/wp-json\/wp\/v2\/tags?post=15861"},{"taxonomy":"author","embeddable":true,"href":"https:\/\/atlantikas.com\/palm-beach-costa-del-tesoro\/wp-json\/wp\/v2\/coauthors?post=15861"}],"curies":[{"name":"wp","href":"https:\/\/api.w.org\/{rel}","templated":true}]}}