{"id":15856,"date":"2026-05-01T08:12:42","date_gmt":"2026-05-01T12:12:42","guid":{"rendered":"https:\/\/atlantikas.com\/palm-beach-costa-del-tesoro\/?p=15856"},"modified":"2026-05-01T08:12:42","modified_gmt":"2026-05-01T12:12:42","slug":"arrestan-a-joven-de-20-anos-por-el-asesinato-de-un-gerente-de-casa-de-empeno-en-fort-pierce","status":"publish","type":"post","link":"https:\/\/atlantikas.com\/palm-beach-costa-del-tesoro\/arrestan-a-joven-de-20-anos-por-el-asesinato-de-un-gerente-de-casa-de-empeno-en-fort-pierce\/","title":{"rendered":"Arrestan a joven de 20 a\u00f1os por el asesinato de un gerente de casa de empe\u00f1o en Fort Pierce"},"content":{"rendered":"<div class=\"mdp-speaker-wrapper\">\n            \n            \n            \n            \n            <div class=\"mdp-speaker-box mdp-speaker-box before-content speaker-wavesurfer\">\n                <div class=\"mdp-speaker-player\"  data-title=\"Arrestan a joven de 20 a\u00f1os por el asesinato de un gerente de casa de empe\u00f1o en Fort Pierce\" data-author=\"4\" data-thumbnail=\"https:\/\/atlantikas.com\/palm-beach-costa-del-tesoro\/wp-content\/uploads\/sites\/2\/2026\/05\/Copy-of-Template-1200-800-x-500-px-Instagram-Post-2.png\" data-type=\"speaker-wavesurfer\" data-id=\"15856\" data-src=\"https:\/\/atlantikas.com\/palm-beach-costa-del-tesoro\/wp-content\/uploads\/sites\/2\/speaker\/post-15856.mp3?cb=1777637570.mp3\" data-download=\"1\" data-speeds=\"0.5,0.75,1,1.25,1.5\" data-share=\"\" >\n                    <div class=\"mdp-speaker-wavesurfer-player mdp-speaker-wavesurfer-placeholder\"><\/div>\n                <\/div>\n            <\/div>\n            \n            \n            \n            \n\t\t\t<\/div><div>\n<div class=\"flex h-svh w-screen flex-col\">\n<div class=\"relative z-0 flex min-h-0 w-full flex-1\">\n<div class=\"relative flex min-h-0 w-full flex-1\">\n<div class=\"@container\/main relative flex min-w-0 flex-1 flex-col -translate-y-[calc(env(safe-area-inset-bottom,0px)\/2)] pt-[calc(env(safe-area-inset-bottom,0px)\/2)]\">\n<div class=\"@w-sm\/main:[scrollbar-gutter:var(--stage-scroll-gutter)] touch:[scrollbar-width:none] group\/scroll-root relative flex min-h-0 min-w-0 flex-1 flex-col [scrollbar-gutter:stable] not-print:overflow-x-clip not-print:overflow-y-auto group-data-stream-active\/scroll-root:[overflow-anchor:none] scroll-pt-(--header-height) [--sticky-padding-top:var(--header-height)] [--sticky-padding-bottom:0px] [--scroll-root-safe-area-inset-top:calc(var(--sticky-padding-top)+env(safe-area-inset-top,0px))] [--scroll-root-safe-area-inset-bottom:calc(var(--sticky-padding-bottom)+var(--screen-keyboard-height,0px)+env(safe-area-inset-bottom,0px))] [--scroll-root-safe-area-height:calc(100lvh-var(--scroll-root-safe-area-inset-top)-var(--scroll-root-safe-area-inset-bottom))] has-data-[fixed-header=less-than-xl]:@w-xl\/main:scroll-pt-0 has-data-[fixed-header=less-than-xl]:@w-xl\/main:[--sticky-padding-top:0px] has-data-[fixed-header=less-than-xxl]:@w-2xl\/main:scroll-pt-0 has-data-[fixed-header=less-than-xxl]:@w-2xl\/main:[--sticky-padding-top:0px]\" data-scroll-root=\"\" data-scroll-from-top=\"\"><main id=\"main\" class=\"min-h-0 flex-1\"><\/p>\n<div id=\"thread\" class=\"group\/thread flex flex-col min-h-full\">\n<div class=\"composer-parent flex flex-1 flex-col focus-visible:outline-0\" role=\"presentation\">\n<div class=\"relative basis-auto flex-col -mb-(--composer-overlap-px) pb-(--composer-overlap-px) [--composer-overlap-px:28px] grow flex\">\n<div class=\"flex flex-col text-sm\">\n<section class=\"text-token-text-primary w-full focus:outline-none [--shadow-height:45px] has-data-writing-block:pointer-events-none has-data-writing-block:-mt-(--shadow-height) has-data-writing-block:pt-(--shadow-height) [&amp;:has([data-writing-block])&gt;*]:pointer-events-auto [content-visibility:auto] supports-[content-visibility:auto]:[contain-intrinsic-size:auto_100lvh] R6Vx5W_threadScrollVars scroll-mb-[calc(var(--scroll-root-safe-area-inset-bottom,0px)+var(--thread-response-height))] scroll-mt-[calc(var(--header-height)+min(200px,max(70px,20svh)))]\" dir=\"auto\" data-turn-id=\"request-WEB:700e5203-6882-4882-9404-5ad426174bdb-0\" data-testid=\"conversation-turn-2\" data-scroll-anchor=\"false\" data-turn=\"assistant\">\n<div class=\"text-base my-auto mx-auto pb-10 [--thread-content-margin:var(--thread-content-margin-xs,calc(var(--spacing)*4))] @w-sm\/main:[--thread-content-margin:var(--thread-content-margin-sm,calc(var(--spacing)*6))] @w-lg\/main:[--thread-content-margin:var(--thread-content-margin-lg,calc(var(--spacing)*16))] px-(--thread-content-margin)\">\n<div class=\"[--thread-content-max-width:40rem] @w-lg\/main:[--thread-content-max-width:48rem] mx-auto max-w-(--thread-content-max-width) flex-1 group\/turn-messages focus-visible:outline-hidden relative flex w-full min-w-0 flex-col agent-turn\">\n<div class=\"flex max-w-full flex-col gap-4 grow\">\n<div class=\"min-h-8 text-message relative flex w-full flex-col items-end gap-2 text-start break-words whitespace-normal outline-none keyboard-focused:focus-ring [.text-message+&amp;]:mt-1\" dir=\"auto\" data-message-author-role=\"assistant\" data-message-id=\"211b978b-4eb7-4716-b14f-376bc1f30b1b\" data-turn-start-message=\"true\" data-message-model-slug=\"gpt-5-3\">\n<div class=\"flex w-full flex-col gap-1 empty:hidden\">\n<div class=\"markdown prose dark:prose-invert w-full wrap-break-word light markdown-new-styling\">\n<p data-start=\"266\" data-end=\"521\">FORT PIERCE, Florida \u2014 La Polic\u00eda de Fort Pierce arrest\u00f3 a Landen Ballard, de 20 a\u00f1os, acusado del asesinato a tiros de L\u00e1zaro Rodr\u00edguez Vega, gerente de una casa de empe\u00f1o de 35 a\u00f1os, en un crimen que ha estremecido a la comunidad de la Costa del Tesoro.<\/p>\n<p data-start=\"523\" data-end=\"788\">Las autoridades informaron que el arresto se produjo el mi\u00e9rcoles en la vivienda de la madre del sospechoso, luego de que videos de vigilancia y declaraciones de testigos ayudaran a reconstruir lo ocurrido dentro de la tienda \u201cWe Buy Gold\u201d, ubicada sobre la U.S. 1.<\/p>\n<p data-start=\"1318\" data-end=\"1564\">La investigaci\u00f3n se\u00f1ala que la noche del martes una testigo condujo a Ballard y a otro hombre a varios lugares de Fort Pierce. Seg\u00fan el informe policial, Ballard pidi\u00f3 ser llevado a la tienda con el supuesto objetivo de vender un colgante de oro.<\/p>\n<p data-start=\"1566\" data-end=\"1754\">Sin embargo, las c\u00e1maras de seguridad captaron el momento en que el joven ingres\u00f3 al establecimiento, sac\u00f3 un arma y dispar\u00f3 m\u00faltiples veces contra Rodr\u00edguez Vega, quien muri\u00f3 en el lugar.<\/p>\n<p data-start=\"1756\" data-end=\"1861\">Documentos judiciales revelaron adem\u00e1s que la v\u00edctima hab\u00eda ofrecido trabajo anteriormente al sospechoso.<\/p>\n<p data-start=\"1863\" data-end=\"2026\">El affidavit de arresto tambi\u00e9n indica que Ballard habr\u00eda hecho comentarios escalofriantes despu\u00e9s del crimen, incluyendo: \u201c\u00bfEst\u00e1 mal que no sienta remordimiento?\u201d<\/p>\n<p data-start=\"2028\" data-end=\"2170\">Los detectives aseguran que el video muestra adem\u00e1s al acusado intentando abrir la caja registradora antes de escapar por la puerta principal.<\/p>\n<p data-start=\"2172\" data-end=\"2334\">Durante su primera comparecencia ante la corte el jueves por la ma\u00f1ana, Ballard se identific\u00f3 ante el juez mientras enfrentaba cargos relacionados con el homicidio.<\/p>\n<p data-start=\"2336\" data-end=\"2441\">La Polic\u00eda de Fort Pierce confirm\u00f3 que la investigaci\u00f3n contin\u00faa activa y no descarta cargos adicionales.<\/p>\n<\/div>\n<\/div>\n<\/div>\n<\/div>\n<\/div>\n<\/div>\n<\/section>\n<\/div>\n<\/div>\n<\/div>\n<\/div>\n<p><\/main><\/div>\n<\/div>\n<\/div>\n<\/div>\n<\/div>\n<\/div>\n<p>&nbsp;<\/p>\n","protected":false},"excerpt":{"rendered":"<p>FORT PIERCE, Florida \u2014 La Polic\u00eda de Fort Pierce arrest\u00f3 a Landen Ballard, de 20 a\u00f1os, acusado del asesinato a tiros de L\u00e1zaro Rodr\u00edguez Vega, gerente de una casa de empe\u00f1o de 35 a\u00f1os, en un crimen que ha estremecido a la comunidad de la Costa del Tesoro. Las autoridades informaron que el arresto se &hellip;<\/p>\n","protected":false},"author":4,"featured_media":15857,"comment_status":"open","ping_status":"open","sticky":false,"template":"","format":"standard","meta":{"om_disable_all_campaigns":false,"_monsterinsights_skip_tracking":false,"_monsterinsights_sitenote_active":false,"_monsterinsights_sitenote_note":"","_monsterinsights_sitenote_category":0,"jetpack_post_was_ever_published":false,"_jetpack_newsletter_access":"","_jetpack_dont_email_post_to_subs":false,"_jetpack_newsletter_tier_id":0,"_jetpack_memberships_contains_paywalled_content":false,"_jetpack_memberships_contains_paid_content":false,"footnotes":""},"categories":[76,47,238,31],"tags":[],"coauthors":[42],"class_list":["post-15856","post","type-post","status-publish","format-standard","has-post-thumbnail","hentry","category-condado-st-lucie-costa-del-tesoro","category-costa-del-tesoro","category-fort-pierce","category-noticias-locales"],"aioseo_notices":[],"image_feature":"https:\/\/atlantikas.com\/palm-beach-costa-del-tesoro\/wp-content\/uploads\/sites\/2\/2026\/05\/Copy-of-Template-1200-800-x-500-px-Instagram-Post-2.png","author_name":"Mirta Luaces","jetpack_featured_media_url":"https:\/\/atlantikas.com\/palm-beach-costa-del-tesoro\/wp-content\/uploads\/sites\/2\/2026\/05\/Copy-of-Template-1200-800-x-500-px-Instagram-Post-2.png","jetpack_sharing_enabled":true,"jetpack-related-posts":[],"_links":{"self":[{"href":"https:\/\/atlantikas.com\/palm-beach-costa-del-tesoro\/wp-json\/wp\/v2\/posts\/15856","targetHints":{"allow":["GET"]}}],"collection":[{"href":"https:\/\/atlantikas.com\/palm-beach-costa-del-tesoro\/wp-json\/wp\/v2\/posts"}],"about":[{"href":"https:\/\/atlantikas.com\/palm-beach-costa-del-tesoro\/wp-json\/wp\/v2\/types\/post"}],"author":[{"embeddable":true,"href":"https:\/\/atlantikas.com\/palm-beach-costa-del-tesoro\/wp-json\/wp\/v2\/users\/4"}],"replies":[{"embeddable":true,"href":"https:\/\/atlantikas.com\/palm-beach-costa-del-tesoro\/wp-json\/wp\/v2\/comments?post=15856"}],"version-history":[{"count":1,"href":"https:\/\/atlantikas.com\/palm-beach-costa-del-tesoro\/wp-json\/wp\/v2\/posts\/15856\/revisions"}],"predecessor-version":[{"id":15858,"href":"https:\/\/atlantikas.com\/palm-beach-costa-del-tesoro\/wp-json\/wp\/v2\/posts\/15856\/revisions\/15858"}],"wp:featuredmedia":[{"embeddable":true,"href":"https:\/\/atlantikas.com\/palm-beach-costa-del-tesoro\/wp-json\/wp\/v2\/media\/15857"}],"wp:attachment":[{"href":"https:\/\/atlantikas.com\/palm-beach-costa-del-tesoro\/wp-json\/wp\/v2\/media?parent=15856"}],"wp:term":[{"taxonomy":"category","embeddable":true,"href":"https:\/\/atlantikas.com\/palm-beach-costa-del-tesoro\/wp-json\/wp\/v2\/categories?post=15856"},{"taxonomy":"post_tag","embeddable":true,"href":"https:\/\/atlantikas.com\/palm-beach-costa-del-tesoro\/wp-json\/wp\/v2\/tags?post=15856"},{"taxonomy":"author","embeddable":true,"href":"https:\/\/atlantikas.com\/palm-beach-costa-del-tesoro\/wp-json\/wp\/v2\/coauthors?post=15856"}],"curies":[{"name":"wp","href":"https:\/\/api.w.org\/{rel}","templated":true}]}}