{"id":15831,"date":"2026-04-29T16:45:03","date_gmt":"2026-04-29T20:45:03","guid":{"rendered":"https:\/\/atlantikas.com\/palm-beach-costa-del-tesoro\/?p=15831"},"modified":"2026-04-29T16:45:03","modified_gmt":"2026-04-29T20:45:03","slug":"florida-avanza-hacia-un-nuevo-mapa-electoral-impulsado-por-desantis","status":"publish","type":"post","link":"https:\/\/atlantikas.com\/palm-beach-costa-del-tesoro\/florida-avanza-hacia-un-nuevo-mapa-electoral-impulsado-por-desantis\/","title":{"rendered":"Florida avanza hacia un nuevo mapa electoral impulsado por DeSantis"},"content":{"rendered":"<div class=\"mdp-speaker-wrapper\">\n            \n            \n            \n            \n            <div class=\"mdp-speaker-box mdp-speaker-box before-content speaker-wavesurfer\">\n                <div class=\"mdp-speaker-player\"  data-title=\"Florida avanza hacia un nuevo mapa electoral impulsado por DeSantis\" data-author=\"4\" data-thumbnail=\"https:\/\/atlantikas.com\/palm-beach-costa-del-tesoro\/wp-content\/uploads\/sites\/2\/2026\/04\/proposed-congressional-map.png\" data-type=\"speaker-wavesurfer\" data-id=\"15831\" data-src=\"https:\/\/atlantikas.com\/palm-beach-costa-del-tesoro\/wp-content\/uploads\/sites\/2\/speaker\/post-15831.mp3?cb=1777495511.mp3\" data-download=\"1\" data-speeds=\"0.5,0.75,1,1.25,1.5\" data-share=\"\" >\n                    <div class=\"mdp-speaker-wavesurfer-player mdp-speaker-wavesurfer-placeholder\"><\/div>\n                <\/div>\n            <\/div>\n            \n            \n            \n            \n\t\t\t<\/div><section class=\"text-token-text-primary w-full focus:outline-none [--shadow-height:45px] has-data-writing-block:pointer-events-none has-data-writing-block:-mt-(--shadow-height) has-data-writing-block:pt-(--shadow-height) [&amp;:has([data-writing-block])&gt;*]:pointer-events-auto [content-visibility:auto] supports-[content-visibility:auto]:[contain-intrinsic-size:auto_100lvh] R6Vx5W_threadScrollVars scroll-mb-[calc(var(--scroll-root-safe-area-inset-bottom,0px)+var(--thread-response-height))] scroll-mt-[calc(var(--header-height)+min(200px,max(70px,20svh)))]\" dir=\"auto\" data-turn-id=\"request-WEB:a2ecfe6b-dcc8-4c46-9e99-077b1f305d4c-0\" data-testid=\"conversation-turn-2\" data-scroll-anchor=\"false\" data-turn=\"assistant\">\n<div class=\"text-base my-auto mx-auto pb-10 [--thread-content-margin:var(--thread-content-margin-xs,calc(var(--spacing)*4))] @w-sm\/main:[--thread-content-margin:var(--thread-content-margin-sm,calc(var(--spacing)*6))] @w-lg\/main:[--thread-content-margin:var(--thread-content-margin-lg,calc(var(--spacing)*16))] px-(--thread-content-margin)\">\n<div class=\"[--thread-content-max-width:40rem] @w-lg\/main:[--thread-content-max-width:48rem] mx-auto max-w-(--thread-content-max-width) flex-1 group\/turn-messages focus-visible:outline-hidden relative flex w-full min-w-0 flex-col agent-turn\">\n<div class=\"flex max-w-full flex-col gap-4 grow\">\n<div class=\"min-h-8 text-message relative flex w-full flex-col items-end gap-2 text-start break-words whitespace-normal outline-none keyboard-focused:focus-ring [.text-message+&amp;]:mt-1\" dir=\"auto\" data-message-author-role=\"assistant\" data-message-id=\"2a2be214-62e1-42d2-a34b-6e0159e3ceb5\" data-message-model-slug=\"gpt-5-3\" data-turn-start-message=\"true\">\n<div class=\"flex w-full flex-col gap-1 empty:hidden\">\n<div class=\"markdown prose dark:prose-invert w-full wrap-break-word light markdown-new-styling\">\n<p data-start=\"216\" data-end=\"540\">TALLAHASSEE, Florida \u2014 El mapa de redistribuci\u00f3n congresional promovido por el gobernador de <span class=\"hover:entity-accent entity-underline inline cursor-pointer align-baseline\"><span class=\"whitespace-normal\">Ron DeSantis<\/span><\/span> avanz\u00f3 este mi\u00e9rcoles en la Legislatura estatal tras ser aprobado tanto por la C\u00e1mara de Representantes como por el Senado de Florida durante una sesi\u00f3n especial dedicada al redise\u00f1o electoral.<\/p>\n<p data-start=\"542\" data-end=\"813\">La propuesta, identificada como el proyecto SB 8-D, fue aprobada en la C\u00e1mara estatal con 83 votos a favor y 28 en contra, en una votaci\u00f3n marcada casi totalmente por l\u00edneas partidistas. Horas despu\u00e9s, el Senado dio luz verde al plan con una ajustada votaci\u00f3n de 21 a 17.<\/p>\n<p data-start=\"815\" data-end=\"1003\">El gobernador republicano, quien cuenta con amplias mayor\u00edas de su partido en ambas c\u00e1maras legislativas, tiene ahora el camino pr\u00e1cticamente despejado para convertir el nuevo mapa en ley.<\/p>\n<p data-start=\"1005\" data-end=\"1433\">Entre los representantes dem\u00f3cratas del condado Palm Beach que no emitieron voto se encuentran Jervonte Edmonds, Emily Gregory, Rob Long, Kelly Skidmore y Debra Tendrich. En contraste, legisladores republicanos del sur de Florida y la Costa del Tesoro respaldaron ampliamente la propuesta, incluyendo a Anne Gerwig, Peggy Gossett-Seidman, John Snyder, Meg Weinberger, Toby Overdorf, Dana Trabulsy, Robbie Brackett y Kaylee Tuck.<\/p>\n<p data-start=\"1435\" data-end=\"1691\">En el Senado, los dem\u00f3cratas Lori Berman, Mack Bernard y Tina Scott Polsky votaron en contra del proyecto, mientras que la republicana Erin Grall tambi\u00e9n rompi\u00f3 filas con su partido al rechazar la medida. La senadora republicana Gayle Harrell vot\u00f3 a favor.<\/p>\n<p data-start=\"1693\" data-end=\"2044\">La redistribuci\u00f3n electoral se produce en medio de fuertes tensiones pol\u00edticas y protestas frente al Capitolio estatal. Organizaciones civiles y legisladores dem\u00f3cratas han cuestionado la constitucionalidad del nuevo mapa y denuncian que el proceso busca favorecer pol\u00edticamente al Partido Republicano antes de las elecciones de medio t\u00e9rmino de 2026.<\/p>\n<p data-start=\"2046\" data-end=\"2325\">Seg\u00fan estimaciones presentadas durante el debate legislativo, el nuevo dise\u00f1o otorgar\u00eda ventaja republicana en 24 de los 28 distritos congresionales de Florida, reduciendo significativamente las posibilidades dem\u00f3cratas en al menos cuatro distritos que actualmente les favorecen.<\/p>\n<p data-start=\"2327\" data-end=\"2467\">Actualmente, la delegaci\u00f3n de Florida en la C\u00e1mara de Representantes de Estados Unidos est\u00e1 compuesta por 20 republicanos y ocho dem\u00f3cratas.<\/p>\n<p data-start=\"2469\" data-end=\"2765\">Los republicanos defienden la necesidad del redise\u00f1o argumentando que el crecimiento poblacional registrado tras el Censo de 2020 obliga a ajustar la representaci\u00f3n electoral del estado. Tradicionalmente, este proceso ocurre cada diez a\u00f1os despu\u00e9s de la publicaci\u00f3n oficial de los datos censales.<\/p>\n<p data-start=\"2767\" data-end=\"2995\">Sin embargo, cr\u00edticos de la medida sostienen que la nueva redistribuci\u00f3n podr\u00eda alterar de manera decisiva el equilibrio pol\u00edtico del estado y fortalecer a\u00fan m\u00e1s el control republicano sobre la representaci\u00f3n federal de Florida.<\/p>\n<p data-start=\"2997\" data-end=\"3178\" data-is-last-node=\"\" data-is-only-node=\"\">La propuesta contin\u00faa generando controversia mientras grupos civiles y l\u00edderes dem\u00f3cratas eval\u00faan posibles desaf\u00edos legales una vez que el gobernador firme oficialmente el proyecto.<\/p>\n<\/div>\n<\/div>\n<\/div>\n<\/div>\n<\/div>\n<\/div>\n<\/section>\n<div class=\"pointer-events-none translate-y-(--scroll-root-safe-area-inset-bottom) R6Vx5W_threadScrollVars min-h-(--gutter-remaining-height,0px) group-data-stream-active\/scroll-root:h-[calc(var(--thread-response-height)-16*var(--spacing))]\"><\/div>\n","protected":false},"excerpt":{"rendered":"<p>TALLAHASSEE, Florida \u2014 El mapa de redistribuci\u00f3n congresional promovido por el gobernador de Ron DeSantis avanz\u00f3 este mi\u00e9rcoles en la Legislatura estatal tras ser aprobado tanto por la C\u00e1mara de Representantes como por el Senado de Florida durante una sesi\u00f3n especial dedicada al redise\u00f1o electoral. La propuesta, identificada como el proyecto SB 8-D, fue aprobada &hellip;<\/p>\n","protected":false},"author":4,"featured_media":15832,"comment_status":"open","ping_status":"open","sticky":false,"template":"","format":"standard","meta":{"om_disable_all_campaigns":false,"_monsterinsights_skip_tracking":false,"_monsterinsights_sitenote_active":false,"_monsterinsights_sitenote_note":"","_monsterinsights_sitenote_category":0,"jetpack_post_was_ever_published":false,"_jetpack_newsletter_access":"","_jetpack_dont_email_post_to_subs":false,"_jetpack_newsletter_tier_id":0,"_jetpack_memberships_contains_paywalled_content":false,"_jetpack_memberships_contains_paid_content":false,"footnotes":""},"categories":[236],"tags":[268],"coauthors":[42],"class_list":["post-15831","post","type-post","status-publish","format-standard","has-post-thumbnail","hentry","category-florida","tag-legislatura"],"aioseo_notices":[],"image_feature":"https:\/\/atlantikas.com\/palm-beach-costa-del-tesoro\/wp-content\/uploads\/sites\/2\/2026\/04\/proposed-congressional-map.png","author_name":"Mirta Luaces","jetpack_featured_media_url":"https:\/\/atlantikas.com\/palm-beach-costa-del-tesoro\/wp-content\/uploads\/sites\/2\/2026\/04\/proposed-congressional-map.png","jetpack_sharing_enabled":true,"jetpack-related-posts":[],"_links":{"self":[{"href":"https:\/\/atlantikas.com\/palm-beach-costa-del-tesoro\/wp-json\/wp\/v2\/posts\/15831","targetHints":{"allow":["GET"]}}],"collection":[{"href":"https:\/\/atlantikas.com\/palm-beach-costa-del-tesoro\/wp-json\/wp\/v2\/posts"}],"about":[{"href":"https:\/\/atlantikas.com\/palm-beach-costa-del-tesoro\/wp-json\/wp\/v2\/types\/post"}],"author":[{"embeddable":true,"href":"https:\/\/atlantikas.com\/palm-beach-costa-del-tesoro\/wp-json\/wp\/v2\/users\/4"}],"replies":[{"embeddable":true,"href":"https:\/\/atlantikas.com\/palm-beach-costa-del-tesoro\/wp-json\/wp\/v2\/comments?post=15831"}],"version-history":[{"count":1,"href":"https:\/\/atlantikas.com\/palm-beach-costa-del-tesoro\/wp-json\/wp\/v2\/posts\/15831\/revisions"}],"predecessor-version":[{"id":15833,"href":"https:\/\/atlantikas.com\/palm-beach-costa-del-tesoro\/wp-json\/wp\/v2\/posts\/15831\/revisions\/15833"}],"wp:featuredmedia":[{"embeddable":true,"href":"https:\/\/atlantikas.com\/palm-beach-costa-del-tesoro\/wp-json\/wp\/v2\/media\/15832"}],"wp:attachment":[{"href":"https:\/\/atlantikas.com\/palm-beach-costa-del-tesoro\/wp-json\/wp\/v2\/media?parent=15831"}],"wp:term":[{"taxonomy":"category","embeddable":true,"href":"https:\/\/atlantikas.com\/palm-beach-costa-del-tesoro\/wp-json\/wp\/v2\/categories?post=15831"},{"taxonomy":"post_tag","embeddable":true,"href":"https:\/\/atlantikas.com\/palm-beach-costa-del-tesoro\/wp-json\/wp\/v2\/tags?post=15831"},{"taxonomy":"author","embeddable":true,"href":"https:\/\/atlantikas.com\/palm-beach-costa-del-tesoro\/wp-json\/wp\/v2\/coauthors?post=15831"}],"curies":[{"name":"wp","href":"https:\/\/api.w.org\/{rel}","templated":true}]}}