{"id":15825,"date":"2026-04-29T13:47:57","date_gmt":"2026-04-29T17:47:57","guid":{"rendered":"https:\/\/atlantikas.com\/palm-beach-costa-del-tesoro\/?p=15825"},"modified":"2026-04-29T13:49:00","modified_gmt":"2026-04-29T17:49:00","slug":"no-todo-esta-perdido","status":"publish","type":"post","link":"https:\/\/atlantikas.com\/palm-beach-costa-del-tesoro\/no-todo-esta-perdido\/","title":{"rendered":"No todo est\u00e1 perdido"},"content":{"rendered":"<div class=\"mdp-speaker-wrapper\">\n            \n            \n            \n            \n            <div class=\"mdp-speaker-box mdp-speaker-box before-content speaker-wavesurfer\">\n                <div class=\"mdp-speaker-player\"  data-title=\"No todo est\u00e1 perdido\" data-author=\"4\" data-thumbnail=\"https:\/\/atlantikas.com\/palm-beach-costa-del-tesoro\/wp-content\/uploads\/sites\/2\/2026\/04\/Mirta.jpeg\" data-type=\"speaker-wavesurfer\" data-id=\"15825\" data-src=\"https:\/\/atlantikas.com\/palm-beach-costa-del-tesoro\/wp-content\/uploads\/sites\/2\/speaker\/post-15825.mp3?cb=1777484947.mp3\" data-download=\"1\" data-speeds=\"0.5,0.75,1,1.25,1.5\" data-share=\"\" >\n                    <div class=\"mdp-speaker-wavesurfer-player mdp-speaker-wavesurfer-placeholder\"><\/div>\n                <\/div>\n            <\/div>\n            \n            \n            \n            \n\t\t\t<\/div><div>\n<div class=\"flex h-svh w-screen flex-col\">\n<div class=\"relative z-0 flex min-h-0 w-full flex-1\">\n<div class=\"relative flex min-h-0 w-full flex-1\">\n<div class=\"@container\/main relative flex min-w-0 flex-1 flex-col -translate-y-[calc(env(safe-area-inset-bottom,0px)\/2)] pt-[calc(env(safe-area-inset-bottom,0px)\/2)]\">\n<div class=\"@w-sm\/main:[scrollbar-gutter:var(--stage-scroll-gutter)] touch:[scrollbar-width:none] group\/scroll-root relative flex min-h-0 min-w-0 flex-1 flex-col [scrollbar-gutter:stable] not-print:overflow-x-clip not-print:overflow-y-auto group-data-stream-active\/scroll-root:[overflow-anchor:none] scroll-pt-(--header-height) [--sticky-padding-top:var(--header-height)] [--sticky-padding-bottom:0px] [--scroll-root-safe-area-inset-top:calc(var(--sticky-padding-top)+env(safe-area-inset-top,0px))] [--scroll-root-safe-area-inset-bottom:calc(var(--sticky-padding-bottom)+var(--screen-keyboard-height,0px)+env(safe-area-inset-bottom,0px))] [--scroll-root-safe-area-height:calc(100lvh-var(--scroll-root-safe-area-inset-top)-var(--scroll-root-safe-area-inset-bottom))] has-data-[fixed-header=less-than-xl]:@w-xl\/main:scroll-pt-0 has-data-[fixed-header=less-than-xl]:@w-xl\/main:[--sticky-padding-top:0px] has-data-[fixed-header=less-than-xxl]:@w-2xl\/main:scroll-pt-0 has-data-[fixed-header=less-than-xxl]:@w-2xl\/main:[--sticky-padding-top:0px]\" data-scroll-root=\"\" data-scroll-from-top=\"\">\n<p>&nbsp;<\/p>\n<div id=\"thread\" class=\"group\/thread flex flex-col min-h-full\">\n<div class=\"composer-parent flex flex-1 flex-col focus-visible:outline-0\" role=\"presentation\">\n<div class=\"relative basis-auto flex-col -mb-(--composer-overlap-px) pb-(--composer-overlap-px) [--composer-overlap-px:28px] grow flex\">\n<div class=\"flex flex-col text-sm\">\n<section class=\"text-token-text-primary w-full focus:outline-none [--shadow-height:45px] has-data-writing-block:pointer-events-none has-data-writing-block:-mt-(--shadow-height) has-data-writing-block:pt-(--shadow-height) [&amp;:has([data-writing-block])&gt;*]:pointer-events-auto [content-visibility:auto] supports-[content-visibility:auto]:[contain-intrinsic-size:auto_100lvh] R6Vx5W_threadScrollVars scroll-mb-[calc(var(--scroll-root-safe-area-inset-bottom,0px)+var(--thread-response-height))] scroll-mt-[calc(var(--header-height)+min(200px,max(70px,20svh)))]\" dir=\"auto\" data-turn-id=\"request-WEB:dc1233d7-ed35-428e-9e3f-c58d829b8f35-0\" data-testid=\"conversation-turn-2\" data-scroll-anchor=\"false\" data-turn=\"assistant\">\n<div class=\"text-base my-auto mx-auto pb-10 [--thread-content-margin:var(--thread-content-margin-xs,calc(var(--spacing)*4))] @w-sm\/main:[--thread-content-margin:var(--thread-content-margin-sm,calc(var(--spacing)*6))] @w-lg\/main:[--thread-content-margin:var(--thread-content-margin-lg,calc(var(--spacing)*16))] px-(--thread-content-margin)\">\n<div class=\"[--thread-content-max-width:40rem] @w-lg\/main:[--thread-content-max-width:48rem] mx-auto max-w-(--thread-content-max-width) flex-1 group\/turn-messages focus-visible:outline-hidden relative flex w-full min-w-0 flex-col agent-turn\">\n<div class=\"flex max-w-full flex-col gap-4 grow\">\n<div class=\"min-h-8 text-message relative flex w-full flex-col items-end gap-2 text-start break-words whitespace-normal outline-none keyboard-focused:focus-ring [.text-message+&amp;]:mt-1\" dir=\"auto\" data-message-author-role=\"assistant\" data-message-id=\"f2e28806-ae7e-4047-a5c4-cc994cddbbde\" data-message-model-slug=\"gpt-5-3\" data-turn-start-message=\"true\">\n<div class=\"flex w-full flex-col gap-1 empty:hidden\">\n<div class=\"markdown prose dark:prose-invert w-full wrap-break-word light markdown-new-styling\">\n<p data-start=\"152\" data-end=\"518\">Durante d\u00e9cadas, el r\u00e9gimen instaurado en Cuba tras el triunfo de la revoluci\u00f3n castrista en 1959 no solo arrebat\u00f3 propiedades, derechos y libertades individuales. Tambi\u00e9n emprendi\u00f3 una silenciosa pero profunda erosi\u00f3n de los valores que defin\u00edan a la sociedad cubana de mediados del siglo pasado: la familia, la fe, el amor a la patria y el respeto por la libertad.<\/p>\n<p data-start=\"520\" data-end=\"840\">Miles de cubanos lo perdieron todo. Muchos fueron despojados de sus pertenencias, separados de sus seres queridos o forzados al exilio. Otros permanecieron en la isla viviendo bajo un sistema que intent\u00f3 sustituir los principios fundamentales de la sociedad por la obediencia ideol\u00f3gica y el control absoluto del Estado.<\/p>\n<p data-start=\"842\" data-end=\"1208\">Con el paso de los a\u00f1os, una pregunta comenz\u00f3 a repetirse entre generaciones de exiliados y dentro de la propia di\u00e1spora cubana: \u00bfc\u00f3mo reconstruir valores que varias generaciones no llegaron siquiera a conocer? \u00bfC\u00f3mo recuperar el sentido de naci\u00f3n, de familia y de libertad en j\u00f3venes que crecieron bajo un sistema donde pensar diferente pod\u00eda convertirse en delito?<\/p>\n<p data-start=\"1210\" data-end=\"1244\">Hoy, esa esperanza parece renacer.<\/p>\n<p data-start=\"1246\" data-end=\"1576\">El grupo Freedom for Cuba WPB se ha convertido en un ejemplo de que no todo est\u00e1 perdido. Integrado por j\u00f3venes cubanos que conocieron la libertad y la democracia solamente despu\u00e9s de llegar a Estados Unidos, este movimiento ha decidido levantar su voz para denunciar ante el mundo las consecuencias humanas del comunismo en Cuba.<\/p>\n<p data-start=\"1578\" data-end=\"1882\">Son j\u00f3venes que crecieron bajo la escasez, la censura y la represi\u00f3n, pero que lejos de resignarse han escogido el camino del compromiso c\u00edvico y moral. Hablan con valent\u00eda sobre c\u00f3mo el sistema destruy\u00f3 la familia, debilit\u00f3 el sentido de patria y trat\u00f3 de arrancar la fe en Dios y en la dignidad humana.<\/p>\n<p data-start=\"1884\" data-end=\"2162\">Su mensaje tiene un enorme valor porque nace de la experiencia vivida, no de teor\u00edas ni discursos pol\u00edticos. Ellos representan a una generaci\u00f3n que pudo haber quedado atrapada en la apat\u00eda o el desencanto, pero que ha decidido luchar por reconstruir aquello que parec\u00eda perdido.<\/p>\n<p data-start=\"2164\" data-end=\"2441\">La voz de Freedom for Cuba WPB no solo reclama libertad para una naci\u00f3n sometida durante m\u00e1s de seis d\u00e9cadas. Tambi\u00e9n env\u00eda un mensaje poderoso a los cubanos dentro y fuera de la isla: todav\u00eda existe una juventud dispuesta a rescatar los valores esenciales de la naci\u00f3n cubana.<\/p>\n<p data-start=\"2443\" data-end=\"2565\">Mientras exista una generaci\u00f3n capaz de defender la verdad, la fe, la familia y la libertad, Cuba seguir\u00e1 teniendo futuro.<\/p>\n<p data-start=\"2567\" data-end=\"2595\" data-is-last-node=\"\" data-is-only-node=\"\">Porque no todo est\u00e1 perdido.<\/p>\n<\/div>\n<\/div>\n<\/div>\n<\/div>\n<\/div>\n<\/div>\n<\/section>\n<\/div>\n<\/div>\n<\/div>\n<\/div>\n<p>&nbsp;<\/p>\n<\/div>\n<\/div>\n<\/div>\n<\/div>\n<\/div>\n<\/div>\n","protected":false},"excerpt":{"rendered":"<p>&nbsp; Durante d\u00e9cadas, el r\u00e9gimen instaurado en Cuba tras el triunfo de la revoluci\u00f3n castrista en 1959 no solo arrebat\u00f3 propiedades, derechos y libertades individuales. Tambi\u00e9n emprendi\u00f3 una silenciosa pero profunda erosi\u00f3n de los valores que defin\u00edan a la sociedad cubana de mediados del siglo pasado: la familia, la fe, el amor a la patria &hellip;<\/p>\n","protected":false},"author":4,"featured_media":15827,"comment_status":"open","ping_status":"open","sticky":false,"template":"","format":"standard","meta":{"om_disable_all_campaigns":false,"_monsterinsights_skip_tracking":false,"_monsterinsights_sitenote_active":false,"_monsterinsights_sitenote_note":"","_monsterinsights_sitenote_category":0,"jetpack_post_was_ever_published":false,"_jetpack_newsletter_access":"","_jetpack_dont_email_post_to_subs":false,"_jetpack_newsletter_tier_id":0,"_jetpack_memberships_contains_paywalled_content":false,"_jetpack_memberships_contains_paid_content":false,"footnotes":""},"categories":[259,31],"tags":[],"coauthors":[42],"class_list":["post-15825","post","type-post","status-publish","format-standard","has-post-thumbnail","hentry","category-editorial","category-noticias-locales"],"aioseo_notices":[],"image_feature":"https:\/\/atlantikas.com\/palm-beach-costa-del-tesoro\/wp-content\/uploads\/sites\/2\/2026\/04\/Mirta.jpeg","author_name":"Mirta Luaces","jetpack_featured_media_url":"https:\/\/atlantikas.com\/palm-beach-costa-del-tesoro\/wp-content\/uploads\/sites\/2\/2026\/04\/Mirta.jpeg","jetpack_sharing_enabled":true,"jetpack-related-posts":[],"_links":{"self":[{"href":"https:\/\/atlantikas.com\/palm-beach-costa-del-tesoro\/wp-json\/wp\/v2\/posts\/15825","targetHints":{"allow":["GET"]}}],"collection":[{"href":"https:\/\/atlantikas.com\/palm-beach-costa-del-tesoro\/wp-json\/wp\/v2\/posts"}],"about":[{"href":"https:\/\/atlantikas.com\/palm-beach-costa-del-tesoro\/wp-json\/wp\/v2\/types\/post"}],"author":[{"embeddable":true,"href":"https:\/\/atlantikas.com\/palm-beach-costa-del-tesoro\/wp-json\/wp\/v2\/users\/4"}],"replies":[{"embeddable":true,"href":"https:\/\/atlantikas.com\/palm-beach-costa-del-tesoro\/wp-json\/wp\/v2\/comments?post=15825"}],"version-history":[{"count":2,"href":"https:\/\/atlantikas.com\/palm-beach-costa-del-tesoro\/wp-json\/wp\/v2\/posts\/15825\/revisions"}],"predecessor-version":[{"id":15828,"href":"https:\/\/atlantikas.com\/palm-beach-costa-del-tesoro\/wp-json\/wp\/v2\/posts\/15825\/revisions\/15828"}],"wp:featuredmedia":[{"embeddable":true,"href":"https:\/\/atlantikas.com\/palm-beach-costa-del-tesoro\/wp-json\/wp\/v2\/media\/15827"}],"wp:attachment":[{"href":"https:\/\/atlantikas.com\/palm-beach-costa-del-tesoro\/wp-json\/wp\/v2\/media?parent=15825"}],"wp:term":[{"taxonomy":"category","embeddable":true,"href":"https:\/\/atlantikas.com\/palm-beach-costa-del-tesoro\/wp-json\/wp\/v2\/categories?post=15825"},{"taxonomy":"post_tag","embeddable":true,"href":"https:\/\/atlantikas.com\/palm-beach-costa-del-tesoro\/wp-json\/wp\/v2\/tags?post=15825"},{"taxonomy":"author","embeddable":true,"href":"https:\/\/atlantikas.com\/palm-beach-costa-del-tesoro\/wp-json\/wp\/v2\/coauthors?post=15825"}],"curies":[{"name":"wp","href":"https:\/\/api.w.org\/{rel}","templated":true}]}}