{"id":15817,"date":"2026-04-29T12:20:12","date_gmt":"2026-04-29T16:20:12","guid":{"rendered":"https:\/\/atlantikas.com\/palm-beach-costa-del-tesoro\/?p=15817"},"modified":"2026-04-29T12:20:12","modified_gmt":"2026-04-29T16:20:12","slug":"martin-county-endurece-medidas-contra-bicicletas-electricas-ilegales-tras-ola-de-denuncias","status":"publish","type":"post","link":"https:\/\/atlantikas.com\/palm-beach-costa-del-tesoro\/martin-county-endurece-medidas-contra-bicicletas-electricas-ilegales-tras-ola-de-denuncias\/","title":{"rendered":"Martin County endurece medidas contra bicicletas el\u00e9ctricas ilegales tras ola de denuncias"},"content":{"rendered":"<div class=\"mdp-speaker-wrapper\">\n            \n            \n            \n            \n            <div class=\"mdp-speaker-box mdp-speaker-box before-content speaker-wavesurfer\">\n                <div class=\"mdp-speaker-player\"  data-title=\"Martin County endurece medidas contra bicicletas el\u00e9ctricas ilegales tras ola de denuncias\" data-author=\"4\" data-thumbnail=\"https:\/\/atlantikas.com\/palm-beach-costa-del-tesoro\/wp-content\/uploads\/sites\/2\/2026\/04\/684267762_1405561294938890_3029991082121984542_n.jpg\" data-type=\"speaker-wavesurfer\" data-id=\"15817\" data-src=\"https:\/\/atlantikas.com\/palm-beach-costa-del-tesoro\/wp-content\/uploads\/sites\/2\/speaker\/post-15817.mp3?cb=1777479619.mp3\" data-download=\"1\" data-speeds=\"0.5,0.75,1,1.25,1.5\" data-share=\"\" >\n                    <div class=\"mdp-speaker-wavesurfer-player mdp-speaker-wavesurfer-placeholder\"><\/div>\n                <\/div>\n            <\/div>\n            \n            \n            \n            \n\t\t\t<\/div><div>\n<div class=\"flex h-svh w-screen flex-col\">\n<div class=\"relative z-0 flex min-h-0 w-full flex-1\">\n<div class=\"relative flex min-h-0 w-full flex-1\">\n<div class=\"@container\/main relative flex min-w-0 flex-1 flex-col -translate-y-[calc(env(safe-area-inset-bottom,0px)\/2)] pt-[calc(env(safe-area-inset-bottom,0px)\/2)]\">\n<div class=\"@w-sm\/main:[scrollbar-gutter:var(--stage-scroll-gutter)] touch:[scrollbar-width:none] group\/scroll-root relative flex min-h-0 min-w-0 flex-1 flex-col [scrollbar-gutter:stable] not-print:overflow-x-clip not-print:overflow-y-auto group-data-stream-active\/scroll-root:[overflow-anchor:none] scroll-pt-(--header-height) [--sticky-padding-top:var(--header-height)] [--sticky-padding-bottom:0px] [--scroll-root-safe-area-inset-top:calc(var(--sticky-padding-top)+env(safe-area-inset-top,0px))] [--scroll-root-safe-area-inset-bottom:calc(var(--sticky-padding-bottom)+var(--screen-keyboard-height,0px)+env(safe-area-inset-bottom,0px))] [--scroll-root-safe-area-height:calc(100lvh-var(--scroll-root-safe-area-inset-top)-var(--scroll-root-safe-area-inset-bottom))] has-data-[fixed-header=less-than-xl]:@w-xl\/main:scroll-pt-0 has-data-[fixed-header=less-than-xl]:@w-xl\/main:[--sticky-padding-top:0px] has-data-[fixed-header=less-than-xxl]:@w-2xl\/main:scroll-pt-0 has-data-[fixed-header=less-than-xxl]:@w-2xl\/main:[--sticky-padding-top:0px]\" data-scroll-root=\"\" data-scroll-from-top=\"\"><main id=\"main\" class=\"min-h-0 flex-1\"><\/p>\n<div id=\"thread\" class=\"group\/thread flex flex-col min-h-full\">\n<div class=\"composer-parent flex flex-1 flex-col focus-visible:outline-0\" role=\"presentation\">\n<div class=\"relative basis-auto flex-col -mb-(--composer-overlap-px) pb-(--composer-overlap-px) [--composer-overlap-px:28px] grow flex\">\n<div class=\"flex flex-col text-sm\">\n<section class=\"text-token-text-primary w-full focus:outline-none [--shadow-height:45px] has-data-writing-block:pointer-events-none has-data-writing-block:-mt-(--shadow-height) has-data-writing-block:pt-(--shadow-height) [&amp;:has([data-writing-block])&gt;*]:pointer-events-auto [content-visibility:auto] supports-[content-visibility:auto]:[contain-intrinsic-size:auto_100lvh] R6Vx5W_threadScrollVars scroll-mb-[calc(var(--scroll-root-safe-area-inset-bottom,0px)+var(--thread-response-height))] scroll-mt-[calc(var(--header-height)+min(200px,max(70px,20svh)))]\" dir=\"auto\" data-turn-id=\"request-WEB:d193ac69-9c55-4708-9633-de92ca92df73-0\" data-testid=\"conversation-turn-2\" data-scroll-anchor=\"false\" data-turn=\"assistant\">\n<div class=\"text-base my-auto mx-auto pb-10 [--thread-content-margin:var(--thread-content-margin-xs,calc(var(--spacing)*4))] @w-sm\/main:[--thread-content-margin:var(--thread-content-margin-sm,calc(var(--spacing)*6))] @w-lg\/main:[--thread-content-margin:var(--thread-content-margin-lg,calc(var(--spacing)*16))] px-(--thread-content-margin)\">\n<div class=\"[--thread-content-max-width:40rem] @w-lg\/main:[--thread-content-max-width:48rem] mx-auto max-w-(--thread-content-max-width) flex-1 group\/turn-messages focus-visible:outline-hidden relative flex w-full min-w-0 flex-col agent-turn\">\n<div class=\"flex max-w-full flex-col gap-4 grow\">\n<div class=\"min-h-8 text-message relative flex w-full flex-col items-end gap-2 text-start break-words whitespace-normal outline-none keyboard-focused:focus-ring [.text-message+&amp;]:mt-1\" dir=\"auto\" data-message-author-role=\"assistant\" data-message-id=\"d2a394cb-5b89-4010-951c-5003b81fdcab\" data-message-model-slug=\"gpt-5-3\" data-turn-start-message=\"true\">\n<div class=\"flex w-full flex-col gap-1 empty:hidden\">\n<div class=\"markdown prose dark:prose-invert w-full wrap-break-word light markdown-new-styling\">\n<p data-start=\"259\" data-end=\"582\">CONDADO MARTIN, FL &#8211; La Oficina del Sheriff del Condado Martin anunci\u00f3 que ha pasado oficialmente de la fase educativa a una etapa de estricta aplicaci\u00f3n de la ley contra el uso ilegal y peligroso de bicicletas el\u00e9ctricas en distintas comunidades del condado, tras recibir numerosas denuncias de residentes preocupados por la seguridad p\u00fablica.<\/p>\n<p data-start=\"584\" data-end=\"906\">Seg\u00fan las autoridades, durante los \u00faltimos meses las unidades de Tr\u00e1fico, patrullas comunitarias y agentes de carretera realizaron campa\u00f1as de orientaci\u00f3n dirigidas tanto a j\u00f3venes conductores como a padres de familia, explicando las regulaciones sobre el uso de e-bikes y la importancia de conducir de manera responsable.<\/p>\n<p data-start=\"908\" data-end=\"1242\">Sin embargo, el sheriff indic\u00f3 que las violaciones contin\u00faan en aumento, especialmente entre menores de edad. Entre las principales quejas recibidas se ignoran conductores ignorando se\u00f1ales de tr\u00e1nsito, circulaci\u00f3n de bicicletas el\u00e9ctricas ilegales, invasi\u00f3n de \u00e1reas restringidas y actos de acoso o intimidaci\u00f3n contra ciudadanos.<\/p>\n<p data-start=\"1244\" data-end=\"1447\">Las autoridades se\u00f1alaron que la decisi\u00f3n de intensificar los operativos responde tambi\u00e9n al incremento de accidentes relacionados con estos veh\u00edculos, varios de ellos involucrando a j\u00f3venes conductores.<\/p>\n<p data-start=\"1449\" data-end=\"1585\">\u201cSe acab\u00f3 el tiempo de la educaci\u00f3n. Las violaciones continuas tendr\u00e1n consecuencias\u201d, advirti\u00f3 la Oficina del Sheriff en un comunicado.<\/p>\n<p data-start=\"1587\" data-end=\"1912\">Durante el pasado fin de semana, agentes realizaron operativos espec\u00edficos en distintas zonas del condado que terminaron con m\u00faltiples detenciones. Como resultado, cinco bicicletas el\u00e9ctricas ilegales fueron confiscadas y remolcadas, mientras que los padres de los menores involucrados fueron notificados por las autoridades.<\/p>\n<p data-start=\"1914\" data-end=\"2074\">La Oficina del Sheriff reiter\u00f3 que continuar\u00e1 con las acciones de vigilancia y control para garantizar la seguridad de la comunidad y el cumplimiento de la ley.<\/p>\n<p data-start=\"2076\" data-end=\"2255\">Adem\u00e1s, hizo un llamado urgente a los padres para que verifiquen que las bicicletas el\u00e9ctricas utilizadas por sus hijos sean legales y cumplan con las normas de tr\u00e1nsito vigentes.<\/p>\n<p data-start=\"2257\" data-end=\"2443\" data-is-last-node=\"\" data-is-only-node=\"\">\u201cHostigar o poner en peligro a otras personas no ser\u00e1 tolerado\u201d, enfatizaron las autoridades, asegurando que responder\u00e1n con \u201cacciones decisivas\u201d ante cualquier nueva denuncia ciudadana.<\/p>\n<\/div>\n<\/div>\n<\/div>\n<\/div>\n<\/div>\n<\/div>\n<\/section>\n<\/div>\n<\/div>\n<\/div>\n<\/div>\n<p><\/main><\/div>\n<\/div>\n<\/div>\n<\/div>\n<\/div>\n<\/div>\n<p>&nbsp;<\/p>\n","protected":false},"excerpt":{"rendered":"<p>CONDADO MARTIN, FL &#8211; La Oficina del Sheriff del Condado Martin anunci\u00f3 que ha pasado oficialmente de la fase educativa a una etapa de estricta aplicaci\u00f3n de la ley contra el uso ilegal y peligroso de bicicletas el\u00e9ctricas en distintas comunidades del condado, tras recibir numerosas denuncias de residentes preocupados por la seguridad p\u00fablica. Seg\u00fan &hellip;<\/p>\n","protected":false},"author":4,"featured_media":15818,"comment_status":"open","ping_status":"open","sticky":false,"template":"","format":"standard","meta":{"om_disable_all_campaigns":false,"_monsterinsights_skip_tracking":false,"_monsterinsights_sitenote_active":false,"_monsterinsights_sitenote_note":"","_monsterinsights_sitenote_category":0,"jetpack_post_was_ever_published":false,"_jetpack_newsletter_access":"","_jetpack_dont_email_post_to_subs":false,"_jetpack_newsletter_tier_id":0,"_jetpack_memberships_contains_paywalled_content":false,"_jetpack_memberships_contains_paid_content":false,"footnotes":""},"categories":[78,47,31],"tags":[],"coauthors":[42],"class_list":["post-15817","post","type-post","status-publish","format-standard","has-post-thumbnail","hentry","category-condado-martin-costa-del-tesoro","category-costa-del-tesoro","category-noticias-locales"],"aioseo_notices":[],"image_feature":"https:\/\/atlantikas.com\/palm-beach-costa-del-tesoro\/wp-content\/uploads\/sites\/2\/2026\/04\/684267762_1405561294938890_3029991082121984542_n.jpg","author_name":"Mirta Luaces","jetpack_featured_media_url":"https:\/\/atlantikas.com\/palm-beach-costa-del-tesoro\/wp-content\/uploads\/sites\/2\/2026\/04\/684267762_1405561294938890_3029991082121984542_n.jpg","jetpack_sharing_enabled":true,"jetpack-related-posts":[],"_links":{"self":[{"href":"https:\/\/atlantikas.com\/palm-beach-costa-del-tesoro\/wp-json\/wp\/v2\/posts\/15817","targetHints":{"allow":["GET"]}}],"collection":[{"href":"https:\/\/atlantikas.com\/palm-beach-costa-del-tesoro\/wp-json\/wp\/v2\/posts"}],"about":[{"href":"https:\/\/atlantikas.com\/palm-beach-costa-del-tesoro\/wp-json\/wp\/v2\/types\/post"}],"author":[{"embeddable":true,"href":"https:\/\/atlantikas.com\/palm-beach-costa-del-tesoro\/wp-json\/wp\/v2\/users\/4"}],"replies":[{"embeddable":true,"href":"https:\/\/atlantikas.com\/palm-beach-costa-del-tesoro\/wp-json\/wp\/v2\/comments?post=15817"}],"version-history":[{"count":1,"href":"https:\/\/atlantikas.com\/palm-beach-costa-del-tesoro\/wp-json\/wp\/v2\/posts\/15817\/revisions"}],"predecessor-version":[{"id":15819,"href":"https:\/\/atlantikas.com\/palm-beach-costa-del-tesoro\/wp-json\/wp\/v2\/posts\/15817\/revisions\/15819"}],"wp:featuredmedia":[{"embeddable":true,"href":"https:\/\/atlantikas.com\/palm-beach-costa-del-tesoro\/wp-json\/wp\/v2\/media\/15818"}],"wp:attachment":[{"href":"https:\/\/atlantikas.com\/palm-beach-costa-del-tesoro\/wp-json\/wp\/v2\/media?parent=15817"}],"wp:term":[{"taxonomy":"category","embeddable":true,"href":"https:\/\/atlantikas.com\/palm-beach-costa-del-tesoro\/wp-json\/wp\/v2\/categories?post=15817"},{"taxonomy":"post_tag","embeddable":true,"href":"https:\/\/atlantikas.com\/palm-beach-costa-del-tesoro\/wp-json\/wp\/v2\/tags?post=15817"},{"taxonomy":"author","embeddable":true,"href":"https:\/\/atlantikas.com\/palm-beach-costa-del-tesoro\/wp-json\/wp\/v2\/coauthors?post=15817"}],"curies":[{"name":"wp","href":"https:\/\/api.w.org\/{rel}","templated":true}]}}