{"id":15805,"date":"2026-04-29T07:26:30","date_gmt":"2026-04-29T11:26:30","guid":{"rendered":"https:\/\/atlantikas.com\/palm-beach-costa-del-tesoro\/?p=15805"},"modified":"2026-04-29T07:26:30","modified_gmt":"2026-04-29T11:26:30","slug":"florida-abre-sesion-especial-para-redibujar-distritos-congresionales-en-medio-de-fuertes-protestas","status":"publish","type":"post","link":"https:\/\/atlantikas.com\/palm-beach-costa-del-tesoro\/florida-abre-sesion-especial-para-redibujar-distritos-congresionales-en-medio-de-fuertes-protestas\/","title":{"rendered":"Florida abre sesi\u00f3n especial para redibujar distritos congresionales en medio de fuertes protestas"},"content":{"rendered":"<div class=\"mdp-speaker-wrapper\">\n            \n            \n            \n            \n            <div class=\"mdp-speaker-box mdp-speaker-box before-content speaker-wavesurfer\">\n                <div class=\"mdp-speaker-player\"  data-title=\"Florida abre sesi\u00f3n especial para redibujar distritos congresionales en medio de fuertes protestas\" data-author=\"4\" data-thumbnail=\"https:\/\/atlantikas.com\/palm-beach-costa-del-tesoro\/wp-content\/uploads\/sites\/2\/2026\/04\/National-Elections-scaled-1.jpg\" data-type=\"speaker-wavesurfer\" data-id=\"15805\" data-src=\"https:\/\/atlantikas.com\/palm-beach-costa-del-tesoro\/wp-content\/uploads\/sites\/2\/speaker\/post-15805.mp3?cb=1777461997.mp3\" data-download=\"1\" data-speeds=\"0.5,0.75,1,1.25,1.5\" data-share=\"\" >\n                    <div class=\"mdp-speaker-wavesurfer-player mdp-speaker-wavesurfer-placeholder\"><\/div>\n                <\/div>\n            <\/div>\n            \n            \n            \n            \n\t\t\t<\/div><div>\n<div class=\"flex h-svh w-screen flex-col\">\n<div class=\"relative z-0 flex min-h-0 w-full flex-1\">\n<div class=\"relative flex min-h-0 w-full flex-1\">\n<div class=\"@container\/main relative flex min-w-0 flex-1 flex-col -translate-y-[calc(env(safe-area-inset-bottom,0px)\/2)] pt-[calc(env(safe-area-inset-bottom,0px)\/2)]\">\n<div class=\"@w-sm\/main:[scrollbar-gutter:var(--stage-scroll-gutter)] touch:[scrollbar-width:none] group\/scroll-root relative flex min-h-0 min-w-0 flex-1 flex-col [scrollbar-gutter:stable] not-print:overflow-x-clip not-print:overflow-y-auto group-data-stream-active\/scroll-root:[overflow-anchor:none] scroll-pt-(--header-height) [--sticky-padding-top:var(--header-height)] [--sticky-padding-bottom:0px] [--scroll-root-safe-area-inset-top:calc(var(--sticky-padding-top)+env(safe-area-inset-top,0px))] [--scroll-root-safe-area-inset-bottom:calc(var(--sticky-padding-bottom)+var(--screen-keyboard-height,0px)+env(safe-area-inset-bottom,0px))] [--scroll-root-safe-area-height:calc(100lvh-var(--scroll-root-safe-area-inset-top)-var(--scroll-root-safe-area-inset-bottom))] has-data-[fixed-header=less-than-xl]:@w-xl\/main:scroll-pt-0 has-data-[fixed-header=less-than-xl]:@w-xl\/main:[--sticky-padding-top:0px] has-data-[fixed-header=less-than-xxl]:@w-2xl\/main:scroll-pt-0 has-data-[fixed-header=less-than-xxl]:@w-2xl\/main:[--sticky-padding-top:0px]\" data-scroll-root=\"\" data-scroll-from-top=\"\"><main id=\"main\" class=\"min-h-0 flex-1\"><\/p>\n<div id=\"thread\" class=\"group\/thread flex flex-col min-h-full\">\n<div class=\"composer-parent flex flex-1 flex-col focus-visible:outline-0\" role=\"presentation\">\n<div class=\"relative basis-auto flex-col -mb-(--composer-overlap-px) pb-(--composer-overlap-px) [--composer-overlap-px:28px] grow flex\">\n<div class=\"flex flex-col text-sm\">\n<section class=\"text-token-text-primary w-full focus:outline-none [--shadow-height:45px] has-data-writing-block:pointer-events-none has-data-writing-block:-mt-(--shadow-height) has-data-writing-block:pt-(--shadow-height) [&amp;:has([data-writing-block])&gt;*]:pointer-events-auto [content-visibility:auto] supports-[content-visibility:auto]:[contain-intrinsic-size:auto_100lvh] R6Vx5W_threadScrollVars scroll-mb-[calc(var(--scroll-root-safe-area-inset-bottom,0px)+var(--thread-response-height))] scroll-mt-[calc(var(--header-height)+min(200px,max(70px,20svh)))]\" dir=\"auto\" data-turn-id=\"request-WEB:5b74242c-c5a2-4f75-8c8b-263b75d5354b-0\" data-testid=\"conversation-turn-2\" data-scroll-anchor=\"false\" data-turn=\"assistant\">\n<div class=\"text-base my-auto mx-auto pb-10 [--thread-content-margin:var(--thread-content-margin-xs,calc(var(--spacing)*4))] @w-sm\/main:[--thread-content-margin:var(--thread-content-margin-sm,calc(var(--spacing)*6))] @w-lg\/main:[--thread-content-margin:var(--thread-content-margin-lg,calc(var(--spacing)*16))] px-(--thread-content-margin)\">\n<div class=\"[--thread-content-max-width:40rem] @w-lg\/main:[--thread-content-max-width:48rem] mx-auto max-w-(--thread-content-max-width) flex-1 group\/turn-messages focus-visible:outline-hidden relative flex w-full min-w-0 flex-col agent-turn\">\n<div class=\"flex max-w-full flex-col gap-4 grow\">\n<div class=\"min-h-8 text-message relative flex w-full flex-col items-end gap-2 text-start break-words whitespace-normal outline-none keyboard-focused:focus-ring [.text-message+&amp;]:mt-1\" dir=\"auto\" data-message-author-role=\"assistant\" data-message-id=\"7bb1465d-512a-43a7-b366-95246b55c94b\" data-message-model-slug=\"gpt-5-3\" data-turn-start-message=\"true\">\n<div class=\"flex w-full flex-col gap-1 empty:hidden\">\n<div class=\"markdown prose dark:prose-invert w-full wrap-break-word light markdown-new-styling\">\n<p data-start=\"256\" data-end=\"606\">TALLAHASSEE, Florida \u2014 Los legisladores de Florida iniciaron este martes una sesi\u00f3n especial en Tallahassee centrada en la redistribuci\u00f3n de los 28 distritos congresionales del estado, una medida impulsada por el gobernador <span class=\"hover:entity-accent entity-underline inline cursor-pointer align-baseline\"><span class=\"whitespace-normal\">Ron DeSantis<\/span><\/span> que ya genera intensos debates pol\u00edticos y advertencias de posibles demandas judiciales.<\/p>\n<p data-start=\"608\" data-end=\"937\">La sesi\u00f3n extraordinaria, prevista para durar cuatro d\u00edas, tiene como objetivo principal revisar y modificar el mapa electoral del estado en medio del acelerado crecimiento poblacional registrado desde el censo de 2020. La oficina del gobernador presentar\u00e1 el mapa principal que servir\u00e1 de base para las discusiones legislativas.<\/p>\n<p data-start=\"939\" data-end=\"1166\">Los defensores de la propuesta aseguran que el redise\u00f1o es necesario para reflejar los cambios demogr\u00e1ficos que ha experimentado Florida en los \u00faltimos a\u00f1os, especialmente en regiones con r\u00e1pido crecimiento urbano y migratorio.<\/p>\n<p data-start=\"1168\" data-end=\"1405\">Sin embargo, organizaciones defensoras del derecho al voto y sectores de oposici\u00f3n han cuestionado la legalidad del proceso, calific\u00e1ndolo de inconstitucional y advirtiendo que podr\u00eda enfrentar impugnaciones inmediatas en los tribunales.<\/p>\n<p data-start=\"1407\" data-end=\"1579\">\u201cEsto es un verdadero problema\u201d, expres\u00f3 Genesis Robinson, una de las manifestantes que se concentraron cerca del Capitolio estatal para rechazar el plan de redistribuci\u00f3n.<\/p>\n<p data-start=\"1581\" data-end=\"1772\">El debate sobre los nuevos distritos podr\u00eda tener un impacto significativo en las elecciones de medio t\u00e9rmino de 2026, al redefinir el equilibrio pol\u00edtico en varios sectores clave del estado.<\/p>\n<p data-start=\"1774\" data-end=\"2055\">Adem\u00e1s del redise\u00f1o electoral, los legisladores tambi\u00e9n discutir\u00e1n durante la sesi\u00f3n especial otros temas controversiales, entre ellos la llamada \u201cCarta de Derechos de la Inteligencia Artificial\u201d y posibles exenciones de vacunaci\u00f3n para inmunizaciones obligatorias en las escuelas.<\/p>\n<p data-start=\"2057\" data-end=\"2114\" data-is-last-node=\"\" data-is-only-node=\"\">La sesi\u00f3n especial concluir\u00e1 este viernes en Tallahassee.<\/p>\n<\/div>\n<\/div>\n<\/div>\n<\/div>\n<\/div>\n<\/div>\n<\/section>\n<\/div>\n<\/div>\n<\/div>\n<\/div>\n<p><\/main><\/div>\n<\/div>\n<\/div>\n<\/div>\n<\/div>\n<\/div>\n<p>&nbsp;<\/p>\n","protected":false},"excerpt":{"rendered":"<p>TALLAHASSEE, Florida \u2014 Los legisladores de Florida iniciaron este martes una sesi\u00f3n especial en Tallahassee centrada en la redistribuci\u00f3n de los 28 distritos congresionales del estado, una medida impulsada por el gobernador Ron DeSantis que ya genera intensos debates pol\u00edticos y advertencias de posibles demandas judiciales. La sesi\u00f3n extraordinaria, prevista para durar cuatro d\u00edas, tiene &hellip;<\/p>\n","protected":false},"author":4,"featured_media":15806,"comment_status":"open","ping_status":"open","sticky":false,"template":"","format":"standard","meta":{"om_disable_all_campaigns":false,"_monsterinsights_skip_tracking":false,"_monsterinsights_sitenote_active":false,"_monsterinsights_sitenote_note":"","_monsterinsights_sitenote_category":0,"jetpack_post_was_ever_published":false,"_jetpack_newsletter_access":"","_jetpack_dont_email_post_to_subs":false,"_jetpack_newsletter_tier_id":0,"_jetpack_memberships_contains_paywalled_content":false,"_jetpack_memberships_contains_paid_content":false,"footnotes":""},"categories":[236,31],"tags":[],"coauthors":[42],"class_list":["post-15805","post","type-post","status-publish","format-standard","has-post-thumbnail","hentry","category-florida","category-noticias-locales"],"aioseo_notices":[],"image_feature":"https:\/\/atlantikas.com\/palm-beach-costa-del-tesoro\/wp-content\/uploads\/sites\/2\/2026\/04\/National-Elections-scaled-1.jpg","author_name":"Mirta Luaces","jetpack_featured_media_url":"https:\/\/atlantikas.com\/palm-beach-costa-del-tesoro\/wp-content\/uploads\/sites\/2\/2026\/04\/National-Elections-scaled-1.jpg","jetpack_sharing_enabled":true,"jetpack-related-posts":[],"_links":{"self":[{"href":"https:\/\/atlantikas.com\/palm-beach-costa-del-tesoro\/wp-json\/wp\/v2\/posts\/15805","targetHints":{"allow":["GET"]}}],"collection":[{"href":"https:\/\/atlantikas.com\/palm-beach-costa-del-tesoro\/wp-json\/wp\/v2\/posts"}],"about":[{"href":"https:\/\/atlantikas.com\/palm-beach-costa-del-tesoro\/wp-json\/wp\/v2\/types\/post"}],"author":[{"embeddable":true,"href":"https:\/\/atlantikas.com\/palm-beach-costa-del-tesoro\/wp-json\/wp\/v2\/users\/4"}],"replies":[{"embeddable":true,"href":"https:\/\/atlantikas.com\/palm-beach-costa-del-tesoro\/wp-json\/wp\/v2\/comments?post=15805"}],"version-history":[{"count":1,"href":"https:\/\/atlantikas.com\/palm-beach-costa-del-tesoro\/wp-json\/wp\/v2\/posts\/15805\/revisions"}],"predecessor-version":[{"id":15807,"href":"https:\/\/atlantikas.com\/palm-beach-costa-del-tesoro\/wp-json\/wp\/v2\/posts\/15805\/revisions\/15807"}],"wp:featuredmedia":[{"embeddable":true,"href":"https:\/\/atlantikas.com\/palm-beach-costa-del-tesoro\/wp-json\/wp\/v2\/media\/15806"}],"wp:attachment":[{"href":"https:\/\/atlantikas.com\/palm-beach-costa-del-tesoro\/wp-json\/wp\/v2\/media?parent=15805"}],"wp:term":[{"taxonomy":"category","embeddable":true,"href":"https:\/\/atlantikas.com\/palm-beach-costa-del-tesoro\/wp-json\/wp\/v2\/categories?post=15805"},{"taxonomy":"post_tag","embeddable":true,"href":"https:\/\/atlantikas.com\/palm-beach-costa-del-tesoro\/wp-json\/wp\/v2\/tags?post=15805"},{"taxonomy":"author","embeddable":true,"href":"https:\/\/atlantikas.com\/palm-beach-costa-del-tesoro\/wp-json\/wp\/v2\/coauthors?post=15805"}],"curies":[{"name":"wp","href":"https:\/\/api.w.org\/{rel}","templated":true}]}}