{"id":15792,"date":"2026-04-28T15:24:10","date_gmt":"2026-04-28T19:24:10","guid":{"rendered":"https:\/\/atlantikas.com\/palm-beach-costa-del-tesoro\/?p=15792"},"modified":"2026-04-28T15:24:10","modified_gmt":"2026-04-28T19:24:10","slug":"florida-se-prepara-para-una-batalla-politica-legisladores-debatiran-nuevo-mapa-electoral-impulsado-por-desantis","status":"publish","type":"post","link":"https:\/\/atlantikas.com\/palm-beach-costa-del-tesoro\/florida-se-prepara-para-una-batalla-politica-legisladores-debatiran-nuevo-mapa-electoral-impulsado-por-desantis\/","title":{"rendered":"Florida se prepara para una batalla pol\u00edtica: legisladores debatir\u00e1n nuevo mapa electoral impulsado por DeSantis"},"content":{"rendered":"<div class=\"mdp-speaker-wrapper\">\n            \n            \n            \n            \n            <div class=\"mdp-speaker-box mdp-speaker-box before-content speaker-wavesurfer\">\n                <div class=\"mdp-speaker-player\"  data-title=\"Florida se prepara para una batalla pol\u00edtica: legisladores debatir\u00e1n nuevo mapa electoral impulsado por DeSantis\" data-author=\"4\" data-thumbnail=\"https:\/\/atlantikas.com\/palm-beach-costa-del-tesoro\/wp-content\/uploads\/sites\/2\/2026\/04\/2022-statewide-district.png\" data-type=\"speaker-wavesurfer\" data-id=\"15792\" data-src=\"https:\/\/atlantikas.com\/palm-beach-costa-del-tesoro\/wp-content\/uploads\/sites\/2\/speaker\/post-15792.mp3?cb=1777404256.mp3\" data-download=\"1\" data-speeds=\"0.5,0.75,1,1.25,1.5\" data-share=\"\" >\n                    <div class=\"mdp-speaker-wavesurfer-player mdp-speaker-wavesurfer-placeholder\"><\/div>\n                <\/div>\n            <\/div>\n            \n            \n            \n            \n\t\t\t<\/div><div class=\"flex max-w-full flex-col gap-4 grow\">\n<div class=\"min-h-8 text-message relative flex w-full flex-col items-end gap-2 text-start break-words whitespace-normal outline-none keyboard-focused:focus-ring [.text-message+&amp;]:mt-1\" dir=\"auto\" data-message-author-role=\"assistant\" data-message-id=\"a707a109-a68f-453c-8569-b15de1493507\" data-turn-start-message=\"true\" data-message-model-slug=\"gpt-5-3\">\n<div class=\"flex w-full flex-col gap-1 empty:hidden\">\n<div class=\"markdown prose dark:prose-invert w-full wrap-break-word light markdown-new-styling\">\n<p data-start=\"239\" data-end=\"483\">PALM BEACH GARDENS, Florida \u2014 Los legisladores de Florida viajar\u00e1n este martes a Tallahassee para una sesi\u00f3n especial que podr\u00eda redefinir el panorama pol\u00edtico del estado y tener un fuerte impacto en las elecciones de medio t\u00e9rmino de este a\u00f1o.<\/p>\n<p data-start=\"485\" data-end=\"788\">El gobernador de Florida, <span class=\"hover:entity-accent entity-underline inline cursor-pointer align-baseline\"><span class=\"whitespace-normal\">Ron DeSantis<\/span><\/span>, present\u00f3 un nuevo mapa de distritos congresionales que, de ser aprobado, favorecer\u00eda ampliamente al Partido Republicano. La propuesta contempla la creaci\u00f3n de 24 distritos con inclinaci\u00f3n republicana y solo cuatro con tendencia dem\u00f3crata.<\/p>\n<p data-start=\"790\" data-end=\"993\">Actualmente, Florida cuenta con 20 representantes republicanos y siete dem\u00f3cratas en el Congreso, adem\u00e1s de una vacante tras la renuncia de la congresista dem\u00f3crata <span class=\"hover:entity-accent entity-underline inline cursor-pointer align-baseline\"><span class=\"whitespace-normal\">Sheila Cherfilus-McCormick<\/span><\/span>.<\/p>\n<p data-start=\"1560\" data-end=\"1933\">Uno de los cambios m\u00e1s pol\u00e9micos se concentra en el sur de Florida. El nuevo dise\u00f1o modificar\u00eda varios distritos hist\u00f3ricamente dem\u00f3cratas para favorecer a los republicanos. Entre ellos destaca el Distrito 22, actualmente representado por la congresista dem\u00f3crata <span class=\"hover:entity-accent entity-underline inline cursor-pointer align-baseline\"><span class=\"whitespace-normal\">Lois Frankel<\/span><\/span>, que seg\u00fan la propuesta podr\u00eda inclinarse hacia el Partido Republicano.<\/p>\n<p data-start=\"2303\" data-end=\"2687\">Por su parte, DeSantis defendi\u00f3 el nuevo mapa asegurando que refleja de manera m\u00e1s justa la composici\u00f3n actual de la poblaci\u00f3n de Florida. Sin embargo, l\u00edderes dem\u00f3cratas denunciaron que la propuesta constituye un caso de \u201cgerrymandering\u201d, una manipulaci\u00f3n de distritos electorales dise\u00f1ada para beneficiar al Partido Republicano y al presidente <span class=\"hover:entity-accent entity-underline inline cursor-pointer align-baseline\"><span class=\"whitespace-normal\">Donald Trump<\/span><\/span>.<\/p>\n<p data-start=\"2689\" data-end=\"2864\">El debate adquiere relevancia nacional debido a que el control del Congreso podr\u00eda definir el futuro de la agenda pol\u00edtica de Trump durante los \u00faltimos a\u00f1os de su presidencia.<\/p>\n<p data-start=\"3141\" data-end=\"3396\" data-is-last-node=\"\" data-is-only-node=\"\">Aunque expertos consideran probable que el mapa sea aprobado debido a la supermayor\u00eda republicana en la legislatura estatal, tambi\u00e9n anticipan una intensa batalla judicial que podr\u00eda llegar hasta la Corte Suprema de Florida e incluso tribunales federales.<\/p>\n<\/div>\n<\/div>\n<\/div>\n<\/div>\n<div class=\"z-0 flex min-h-[46px] justify-start\"><\/div>\n<div class=\"pointer-events-none -mb-px h-px w-full opacity-0\" aria-hidden=\"true\" data-testid=\"bazaar-late-ads-slot-observer\"><\/div>\n","protected":false},"excerpt":{"rendered":"<p>PALM BEACH GARDENS, Florida \u2014 Los legisladores de Florida viajar\u00e1n este martes a Tallahassee para una sesi\u00f3n especial que podr\u00eda redefinir el panorama pol\u00edtico del estado y tener un fuerte impacto en las elecciones de medio t\u00e9rmino de este a\u00f1o. El gobernador de Florida, Ron DeSantis, present\u00f3 un nuevo mapa de distritos congresionales que, de &hellip;<\/p>\n","protected":false},"author":4,"featured_media":15793,"comment_status":"open","ping_status":"open","sticky":false,"template":"","format":"standard","meta":{"om_disable_all_campaigns":false,"_monsterinsights_skip_tracking":false,"_monsterinsights_sitenote_active":false,"_monsterinsights_sitenote_note":"","_monsterinsights_sitenote_category":0,"jetpack_post_was_ever_published":false,"_jetpack_newsletter_access":"","_jetpack_dont_email_post_to_subs":false,"_jetpack_newsletter_tier_id":0,"_jetpack_memberships_contains_paywalled_content":false,"_jetpack_memberships_contains_paid_content":false,"footnotes":""},"categories":[265],"tags":[268],"coauthors":[42],"class_list":["post-15792","post","type-post","status-publish","format-standard","has-post-thumbnail","hentry","category-florida-educacion","tag-legislatura"],"aioseo_notices":[],"image_feature":"https:\/\/atlantikas.com\/palm-beach-costa-del-tesoro\/wp-content\/uploads\/sites\/2\/2026\/04\/2022-statewide-district.png","author_name":"Mirta Luaces","jetpack_featured_media_url":"https:\/\/atlantikas.com\/palm-beach-costa-del-tesoro\/wp-content\/uploads\/sites\/2\/2026\/04\/2022-statewide-district.png","jetpack_sharing_enabled":true,"jetpack-related-posts":[],"_links":{"self":[{"href":"https:\/\/atlantikas.com\/palm-beach-costa-del-tesoro\/wp-json\/wp\/v2\/posts\/15792","targetHints":{"allow":["GET"]}}],"collection":[{"href":"https:\/\/atlantikas.com\/palm-beach-costa-del-tesoro\/wp-json\/wp\/v2\/posts"}],"about":[{"href":"https:\/\/atlantikas.com\/palm-beach-costa-del-tesoro\/wp-json\/wp\/v2\/types\/post"}],"author":[{"embeddable":true,"href":"https:\/\/atlantikas.com\/palm-beach-costa-del-tesoro\/wp-json\/wp\/v2\/users\/4"}],"replies":[{"embeddable":true,"href":"https:\/\/atlantikas.com\/palm-beach-costa-del-tesoro\/wp-json\/wp\/v2\/comments?post=15792"}],"version-history":[{"count":1,"href":"https:\/\/atlantikas.com\/palm-beach-costa-del-tesoro\/wp-json\/wp\/v2\/posts\/15792\/revisions"}],"predecessor-version":[{"id":15794,"href":"https:\/\/atlantikas.com\/palm-beach-costa-del-tesoro\/wp-json\/wp\/v2\/posts\/15792\/revisions\/15794"}],"wp:featuredmedia":[{"embeddable":true,"href":"https:\/\/atlantikas.com\/palm-beach-costa-del-tesoro\/wp-json\/wp\/v2\/media\/15793"}],"wp:attachment":[{"href":"https:\/\/atlantikas.com\/palm-beach-costa-del-tesoro\/wp-json\/wp\/v2\/media?parent=15792"}],"wp:term":[{"taxonomy":"category","embeddable":true,"href":"https:\/\/atlantikas.com\/palm-beach-costa-del-tesoro\/wp-json\/wp\/v2\/categories?post=15792"},{"taxonomy":"post_tag","embeddable":true,"href":"https:\/\/atlantikas.com\/palm-beach-costa-del-tesoro\/wp-json\/wp\/v2\/tags?post=15792"},{"taxonomy":"author","embeddable":true,"href":"https:\/\/atlantikas.com\/palm-beach-costa-del-tesoro\/wp-json\/wp\/v2\/coauthors?post=15792"}],"curies":[{"name":"wp","href":"https:\/\/api.w.org\/{rel}","templated":true}]}}