{"id":15313,"date":"2026-04-10T19:10:10","date_gmt":"2026-04-10T23:10:10","guid":{"rendered":"https:\/\/atlantikas.com\/palm-beach-costa-del-tesoro\/?p=15313"},"modified":"2026-04-10T19:11:51","modified_gmt":"2026-04-10T23:11:51","slug":"15313-2","status":"publish","type":"post","link":"https:\/\/atlantikas.com\/palm-beach-costa-del-tesoro\/15313-2\/","title":{"rendered":"J\u00f3venes cubanas alzan su voz en Palm Beach: caravana y protestas buscan influir en Trump rumbo a Mar-a-Lago"},"content":{"rendered":"<div class=\"mdp-speaker-wrapper\">\n            \n            \n            \n            \n            <div class=\"mdp-speaker-box mdp-speaker-box before-content speaker-wavesurfer\">\n                <div class=\"mdp-speaker-player\"  data-title=\"J\u00f3venes cubanas alzan su voz en Palm Beach: caravana y protestas buscan influir en Trump rumbo a Mar-a-Lago\" data-author=\"4\" data-thumbnail=\"https:\/\/atlantikas.com\/palm-beach-costa-del-tesoro\/wp-content\/uploads\/sites\/2\/2026\/04\/665113336_1523215862509194_6522033923087863251_n.jpg\" data-type=\"speaker-wavesurfer\" data-id=\"15313\" data-src=\"https:\/\/atlantikas.com\/palm-beach-costa-del-tesoro\/wp-content\/uploads\/sites\/2\/speaker\/post-15313.mp3?cb=1775862717.mp3\" data-download=\"1\" data-speeds=\"0.5,0.75,1,1.25,1.5\" data-share=\"\" >\n                    <div class=\"mdp-speaker-wavesurfer-player mdp-speaker-wavesurfer-placeholder\"><\/div>\n                <\/div>\n            <\/div>\n            \n            \n            \n            \n\t\t\t<\/div><div class=\"flex flex-col text-sm pb-25\">\n<section class=\"text-token-text-primary w-full focus:outline-none [--shadow-height:45px] has-data-writing-block:pointer-events-none has-data-writing-block:-mt-(--shadow-height) has-data-writing-block:pt-(--shadow-height) [&amp;:has([data-writing-block])&gt;*]:pointer-events-auto scroll-mt-[calc(var(--header-height)+min(200px,max(70px,20svh)))]\" dir=\"auto\" data-turn-id=\"request-WEB:d797eaa8-508e-42e3-936b-c17015863132-1\" data-testid=\"conversation-turn-2\" data-scroll-anchor=\"true\" data-turn=\"assistant\">\n<div class=\"text-base my-auto mx-auto pb-10 [--thread-content-margin:var(--thread-content-margin-xs,calc(var(--spacing)*4))] @w-sm\/main:[--thread-content-margin:var(--thread-content-margin-sm,calc(var(--spacing)*6))] @w-lg\/main:[--thread-content-margin:var(--thread-content-margin-lg,calc(var(--spacing)*16))] px-(--thread-content-margin)\">\n<div class=\"[--thread-content-max-width:40rem] @w-lg\/main:[--thread-content-max-width:48rem] mx-auto max-w-(--thread-content-max-width) flex-1 group\/turn-messages focus-visible:outline-hidden relative flex w-full min-w-0 flex-col agent-turn\">\n<div class=\"flex max-w-full flex-col gap-4 grow\">\n<div class=\"min-h-8 text-message relative flex w-full flex-col items-end gap-2 text-start break-words whitespace-normal outline-none keyboard-focused:focus-ring [.text-message+&amp;]:mt-1\" dir=\"auto\" data-message-author-role=\"assistant\" data-message-id=\"d0855f13-7ad8-4796-9aeb-4920ac643b4c\" data-message-model-slug=\"gpt-5-3\" data-turn-start-message=\"true\">\n<div class=\"flex w-full flex-col gap-1 empty:hidden\">\n<div class=\"markdown prose dark:prose-invert w-full wrap-break-word light markdown-new-styling\">\n<p data-start=\"280\" data-end=\"694\"><strong data-start=\"280\" data-end=\"309\">West Palm Beach, Florida.<\/strong> \u2014 Un grupo de siete j\u00f3venes cubanas que recientemente se han establecido en el Condado de Palm Beach ha decidido transformar la nostalgia y el dolor por su pa\u00eds en acci\u00f3n c\u00edvica. Bajo el nombre <em data-start=\"501\" data-end=\"536\">Freedom for Cuba, West Palm Beach<\/em>, estas activistas han comenzado a organizar manifestaciones pac\u00edficas para denunciar la situaci\u00f3n pol\u00edtica en Cuba y exigir cambios estructurales en la isla.<\/p>\n<p data-start=\"696\" data-end=\"1073\">Desde el pasado 15 de marzo, las j\u00f3venes se re\u00fanen cada domingo en la Plaza Southridge, ubicada en 828 Southern Blvd., donde convocan a la comunidad y a defensores de la democracia a unirse a su causa. El objetivo es claro: llamar la atenci\u00f3n del presidente <span class=\"hover:entity-accent entity-underline inline cursor-pointer align-baseline\"><span class=\"whitespace-normal\">Donald Trump<\/span><\/span> durante su tr\u00e1nsito hacia su residencia de <span class=\"hover:entity-accent entity-underline inline cursor-pointer align-baseline\"><span class=\"whitespace-normal\">Mar-a-Lago<\/span><\/span>.<\/p>\n<p data-start=\"1075\" data-end=\"1389\">Gloria Rodr\u00edguez, una de las organizadoras, subray\u00f3 la importancia del momento pol\u00edtico actual. \u201cEn estos momentos en que se est\u00e1n llevando a cabo negociaciones con el gobierno de Cuba, es fundamental dejar claro que no puede haber cambio econ\u00f3mico sin un cambio pol\u00edtico real. Los Castro tienen que irse\u201d, afirm\u00f3.<\/p>\n<p data-start=\"1391\" data-end=\"1742\">Como parte de sus acciones, este domingo el grupo realizar\u00e1 una caravana de autos en colaboraci\u00f3n con Classic Cars Forever. La actividad comenzar\u00e1 a las 10:00 a.m. en la intersecci\u00f3n de Forest Hill Boulevard y Military Trail, West Palm Beach, y recorrer\u00e1 varias v\u00edas hasta concluir entre el mediod\u00eda y la 1:00 p.m. en la plaza del supermercado Publix en Southern Blvd.<\/p>\n<\/div>\n<p data-start=\"1391\" data-end=\"1742\"><a href=\"https:\/\/atlantikas.com\/palm-beach-costa-del-tesoro\/wp-content\/uploads\/sites\/2\/2026\/04\/671467011_122095866434736829_1853804677679164453_n.jpg\"><img decoding=\"async\" class=\"alignnone size-medium wp-image-15315 lazyload\" data-src=\"https:\/\/atlantikas.com\/palm-beach-costa-del-tesoro\/wp-content\/uploads\/sites\/2\/2026\/04\/671467011_122095866434736829_1853804677679164453_n-medium.jpg\" alt=\"\" width=\"332\" height=\"590\" src=\"data:image\/svg+xml;base64,PHN2ZyB3aWR0aD0iMSIgaGVpZ2h0PSIxIiB4bWxucz0iaHR0cDovL3d3dy53My5vcmcvMjAwMC9zdmciPjwvc3ZnPg==\" style=\"--smush-placeholder-width: 332px; --smush-placeholder-aspect-ratio: 332\/590;\" \/><\/a><\/p>\n<div class=\"markdown prose dark:prose-invert w-full wrap-break-word light markdown-new-styling\">\n<p data-start=\"1744\" data-end=\"1952\">Se espera la participaci\u00f3n de veh\u00edculos provenientes de distintas ciudades de Florida, incluyendo Tampa, Orlando, Miami, Coral Springs y West Palm Beach, lo que evidencia el creciente apoyo a esta iniciativa.<\/p>\n<p data-start=\"1954\" data-end=\"2130\" data-is-last-node=\"\" data-is-only-node=\"\">Las organizadoras aseguran que continuar\u00e1n sus esfuerzos cada semana, con la esperanza de amplificar su mensaje y generar presi\u00f3n internacional en favor de la libertad en Cuba.<\/p>\n<\/div>\n<\/div>\n<\/div>\n<\/div>\n<\/div>\n<\/div>\n<\/section>\n<\/div>\n<div class=\"pointer-events-none h-px w-px absolute bottom-0\" aria-hidden=\"true\" data-edge=\"true\"><\/div>\n","protected":false},"excerpt":{"rendered":"<p>West Palm Beach, Florida. \u2014 Un grupo de siete j\u00f3venes cubanas que recientemente se han establecido en el Condado de Palm Beach ha decidido transformar la nostalgia y el dolor por su pa\u00eds en acci\u00f3n c\u00edvica. Bajo el nombre Freedom for Cuba, West Palm Beach, estas activistas han comenzado a organizar manifestaciones pac\u00edficas para denunciar &hellip;<\/p>\n","protected":false},"author":4,"featured_media":15314,"comment_status":"open","ping_status":"open","sticky":false,"template":"","format":"standard","meta":{"om_disable_all_campaigns":false,"_monsterinsights_skip_tracking":false,"_jetpack_newsletter_access":"","_jetpack_dont_email_post_to_subs":false,"_jetpack_newsletter_tier_id":0,"_jetpack_memberships_contains_paywalled_content":false,"_jetpack_feature_clip_id":0,"_jetpack_memberships_contains_paid_content":false,"footnotes":"","jetpack_post_was_ever_published":false},"categories":[46,31,58,66],"tags":[],"coauthors":[42],"class_list":["post-15313","post","type-post","status-publish","format-standard","has-post-thumbnail","hentry","category-condado-palm-beach","category-noticias-locales","category-palm-beach-central","category-west-palm-beach"],"aioseo_notices":[],"aioseo_head":"\n\t\t<!-- All in One SEO 5.0.0.1 - aioseo.com -->\n\t<meta name=\"description\" content=\"West Palm Beach, Florida. \u2014 Un grupo de siete j\u00f3venes cubanas que recientemente se han establecido en el Condado de Palm Beach ha decidido transformar la nostalgia y el dolor por su pa\u00eds en acci\u00f3n c\u00edvica. Bajo el nombre Freedom for Cuba, West Palm Beach, estas activistas han comenzado a organizar manifestaciones pac\u00edficas para denunciar\" \/>\n\t<meta name=\"robots\" content=\"max-image-preview:large\" \/>\n\t<meta name=\"author\" content=\"Mirta Luaces\"\/>\n\t<link rel=\"canonical\" href=\"https:\/\/atlantikas.com\/palm-beach-costa-del-tesoro\/15313-2\/\" \/>\n\t<meta name=\"generator\" content=\"All in One SEO (AIOSEO) 5.0.0.1\" \/>\n\t\t<meta property=\"og:locale\" content=\"es_ES\" \/>\n\t\t<meta property=\"og:site_name\" content=\"Atl\u00e1ntikas Noticias en Espa\u00f1ol Condados Palm Beach y la Costa del Tesoro - Noticias en Espa\u00f1ol | Condados Palm Beach y la Costa del Tesoro\" \/>\n\t\t<meta property=\"og:type\" content=\"article\" \/>\n\t\t<meta property=\"og:title\" content=\"J\u00f3venes cubanas alzan su voz en Palm Beach: caravana y protestas buscan influir en Trump rumbo a Mar-a-Lago - Atl\u00e1ntikas Noticias en Espa\u00f1ol Condados Palm Beach y la Costa del Tesoro\" \/>\n\t\t<meta property=\"og:description\" content=\"West Palm Beach, Florida. \u2014 Un grupo de siete j\u00f3venes cubanas que recientemente se han establecido en el Condado de Palm Beach ha decidido transformar la nostalgia y el dolor por su pa\u00eds en acci\u00f3n c\u00edvica. Bajo el nombre Freedom for Cuba, West Palm Beach, estas activistas han comenzado a organizar manifestaciones pac\u00edficas para denunciar\" \/>\n\t\t<meta property=\"og:url\" content=\"https:\/\/atlantikas.com\/palm-beach-costa-del-tesoro\/15313-2\/\" \/>\n\t\t<meta property=\"og:image\" content=\"https:\/\/atlantikas.com\/palm-beach-costa-del-tesoro\/wp-content\/uploads\/sites\/2\/2026\/04\/665113336_1523215862509194_6522033923087863251_n.jpg\" \/>\n\t\t<meta property=\"og:image:secure_url\" content=\"https:\/\/atlantikas.com\/palm-beach-costa-del-tesoro\/wp-content\/uploads\/sites\/2\/2026\/04\/665113336_1523215862509194_6522033923087863251_n.jpg\" \/>\n\t\t<meta property=\"og:image:width\" content=\"327\" \/>\n\t\t<meta property=\"og:image:height\" content=\"368\" \/>\n\t\t<meta property=\"article:published_time\" content=\"2026-04-10T23:10:10+00:00\" \/>\n\t\t<meta property=\"article:modified_time\" content=\"2026-04-10T23:11:51+00:00\" \/>\n\t\t<meta property=\"article:publisher\" content=\"https:\/\/www.facebook.com\/NoticiasAtlantikas\/\" \/>\n\t\t<meta name=\"twitter:card\" content=\"summary_large_image\" \/>\n\t\t<meta name=\"twitter:site\" content=\"@atlantikasnoti\" \/>\n\t\t<meta name=\"twitter:title\" content=\"J\u00f3venes cubanas alzan su voz en Palm Beach: caravana y protestas buscan influir en Trump rumbo a Mar-a-Lago - Atl\u00e1ntikas Noticias en Espa\u00f1ol Condados Palm Beach y la Costa del Tesoro\" \/>\n\t\t<meta name=\"twitter:description\" content=\"West Palm Beach, Florida. \u2014 Un grupo de siete j\u00f3venes cubanas que recientemente se han establecido en el Condado de Palm Beach ha decidido transformar la nostalgia y el dolor por su pa\u00eds en acci\u00f3n c\u00edvica. Bajo el nombre Freedom for Cuba, West Palm Beach, estas activistas han comenzado a organizar manifestaciones pac\u00edficas para denunciar\" \/>\n\t\t<meta name=\"twitter:creator\" content=\"@atlantikasnoti\" \/>\n\t\t<meta name=\"twitter:image\" content=\"https:\/\/atlantikas.com\/palm-beach-costa-del-tesoro\/wp-content\/uploads\/sites\/2\/2026\/04\/665113336_1523215862509194_6522033923087863251_n.jpg\" \/>\n\t\t<script type=\"application\/ld+json\" class=\"aioseo-schema\">\n\t\t\t{\"@context\":\"https:\\\/\\\/schema.org\",\"@graph\":[{\"@type\":\"BlogPosting\",\"@id\":\"https:\\\/\\\/atlantikas.com\\\/palm-beach-costa-del-tesoro\\\/15313-2\\\/#blogposting\",\"name\":\"J\\u00f3venes cubanas alzan su voz en Palm Beach: caravana y protestas buscan influir en Trump rumbo a Mar-a-Lago - Atl\\u00e1ntikas Noticias en Espa\\u00f1ol Condados Palm Beach y la Costa del Tesoro\",\"headline\":\"J\\u00f3venes cubanas alzan su voz en Palm Beach: caravana y protestas buscan influir en Trump rumbo a Mar-a-Lago\",\"author\":{\"@id\":\"https:\\\/\\\/atlantikas.com\\\/palm-beach-costa-del-tesoro\\\/author\\\/mirtaluacesreportera\\\/#author\"},\"publisher\":{\"@id\":\"https:\\\/\\\/atlantikas.com\\\/palm-beach-costa-del-tesoro\\\/#organization\"},\"image\":{\"@type\":\"ImageObject\",\"url\":\"https:\\\/\\\/atlantikas.com\\\/palm-beach-costa-del-tesoro\\\/wp-content\\\/uploads\\\/sites\\\/2\\\/2026\\\/04\\\/665113336_1523215862509194_6522033923087863251_n.jpg\",\"width\":327,\"height\":368,\"caption\":\"Screenshot\"},\"datePublished\":\"2026-04-10T19:10:10-04:00\",\"dateModified\":\"2026-04-10T19:11:51-04:00\",\"inLanguage\":\"es-ES\",\"mainEntityOfPage\":{\"@id\":\"https:\\\/\\\/atlantikas.com\\\/palm-beach-costa-del-tesoro\\\/15313-2\\\/#webpage\"},\"isPartOf\":{\"@id\":\"https:\\\/\\\/atlantikas.com\\\/palm-beach-costa-del-tesoro\\\/15313-2\\\/#webpage\"},\"articleSection\":\"Condado Palm Beach, Noticias Locales, Palm Beach Central, West Palm Beach, mirtaluacesreportera\"},{\"@type\":\"BreadcrumbList\",\"@id\":\"https:\\\/\\\/atlantikas.com\\\/palm-beach-costa-del-tesoro\\\/15313-2\\\/#breadcrumblist\",\"itemListElement\":[{\"@type\":\"ListItem\",\"@id\":\"https:\\\/\\\/atlantikas.com\\\/palm-beach-costa-del-tesoro#listItem\",\"position\":1,\"name\":\"Home\",\"item\":\"https:\\\/\\\/atlantikas.com\\\/palm-beach-costa-del-tesoro\",\"nextItem\":{\"@type\":\"ListItem\",\"@id\":\"https:\\\/\\\/atlantikas.com\\\/palm-beach-costa-del-tesoro\\\/categoria\\\/noticias-locales\\\/#listItem\",\"name\":\"Noticias Locales\"}},{\"@type\":\"ListItem\",\"@id\":\"https:\\\/\\\/atlantikas.com\\\/palm-beach-costa-del-tesoro\\\/categoria\\\/noticias-locales\\\/#listItem\",\"position\":2,\"name\":\"Noticias Locales\",\"item\":\"https:\\\/\\\/atlantikas.com\\\/palm-beach-costa-del-tesoro\\\/categoria\\\/noticias-locales\\\/\",\"nextItem\":{\"@type\":\"ListItem\",\"@id\":\"https:\\\/\\\/atlantikas.com\\\/palm-beach-costa-del-tesoro\\\/categoria\\\/noticias-locales\\\/condado-palm-beach\\\/#listItem\",\"name\":\"Condado Palm Beach\"},\"previousItem\":{\"@type\":\"ListItem\",\"@id\":\"https:\\\/\\\/atlantikas.com\\\/palm-beach-costa-del-tesoro#listItem\",\"name\":\"Home\"}},{\"@type\":\"ListItem\",\"@id\":\"https:\\\/\\\/atlantikas.com\\\/palm-beach-costa-del-tesoro\\\/categoria\\\/noticias-locales\\\/condado-palm-beach\\\/#listItem\",\"position\":3,\"name\":\"Condado Palm Beach\",\"item\":\"https:\\\/\\\/atlantikas.com\\\/palm-beach-costa-del-tesoro\\\/categoria\\\/noticias-locales\\\/condado-palm-beach\\\/\",\"nextItem\":{\"@type\":\"ListItem\",\"@id\":\"https:\\\/\\\/atlantikas.com\\\/palm-beach-costa-del-tesoro\\\/categoria\\\/noticias-locales\\\/condado-palm-beach\\\/palm-beach-central\\\/#listItem\",\"name\":\"Palm Beach Central\"},\"previousItem\":{\"@type\":\"ListItem\",\"@id\":\"https:\\\/\\\/atlantikas.com\\\/palm-beach-costa-del-tesoro\\\/categoria\\\/noticias-locales\\\/#listItem\",\"name\":\"Noticias Locales\"}},{\"@type\":\"ListItem\",\"@id\":\"https:\\\/\\\/atlantikas.com\\\/palm-beach-costa-del-tesoro\\\/categoria\\\/noticias-locales\\\/condado-palm-beach\\\/palm-beach-central\\\/#listItem\",\"position\":4,\"name\":\"Palm Beach Central\",\"item\":\"https:\\\/\\\/atlantikas.com\\\/palm-beach-costa-del-tesoro\\\/categoria\\\/noticias-locales\\\/condado-palm-beach\\\/palm-beach-central\\\/\",\"nextItem\":{\"@type\":\"ListItem\",\"@id\":\"https:\\\/\\\/atlantikas.com\\\/palm-beach-costa-del-tesoro\\\/categoria\\\/noticias-locales\\\/condado-palm-beach\\\/palm-beach-central\\\/west-palm-beach\\\/#listItem\",\"name\":\"West Palm Beach\"},\"previousItem\":{\"@type\":\"ListItem\",\"@id\":\"https:\\\/\\\/atlantikas.com\\\/palm-beach-costa-del-tesoro\\\/categoria\\\/noticias-locales\\\/condado-palm-beach\\\/#listItem\",\"name\":\"Condado Palm Beach\"}},{\"@type\":\"ListItem\",\"@id\":\"https:\\\/\\\/atlantikas.com\\\/palm-beach-costa-del-tesoro\\\/categoria\\\/noticias-locales\\\/condado-palm-beach\\\/palm-beach-central\\\/west-palm-beach\\\/#listItem\",\"position\":5,\"name\":\"West Palm Beach\",\"item\":\"https:\\\/\\\/atlantikas.com\\\/palm-beach-costa-del-tesoro\\\/categoria\\\/noticias-locales\\\/condado-palm-beach\\\/palm-beach-central\\\/west-palm-beach\\\/\",\"nextItem\":{\"@type\":\"ListItem\",\"@id\":\"https:\\\/\\\/atlantikas.com\\\/palm-beach-costa-del-tesoro\\\/15313-2\\\/#listItem\",\"name\":\"J\\u00f3venes cubanas alzan su voz en Palm Beach: caravana y protestas buscan influir en Trump rumbo a Mar-a-Lago\"},\"previousItem\":{\"@type\":\"ListItem\",\"@id\":\"https:\\\/\\\/atlantikas.com\\\/palm-beach-costa-del-tesoro\\\/categoria\\\/noticias-locales\\\/condado-palm-beach\\\/palm-beach-central\\\/#listItem\",\"name\":\"Palm Beach Central\"}},{\"@type\":\"ListItem\",\"@id\":\"https:\\\/\\\/atlantikas.com\\\/palm-beach-costa-del-tesoro\\\/15313-2\\\/#listItem\",\"position\":6,\"name\":\"J\\u00f3venes cubanas alzan su voz en Palm Beach: caravana y protestas buscan influir en Trump rumbo a Mar-a-Lago\",\"previousItem\":{\"@type\":\"ListItem\",\"@id\":\"https:\\\/\\\/atlantikas.com\\\/palm-beach-costa-del-tesoro\\\/categoria\\\/noticias-locales\\\/condado-palm-beach\\\/palm-beach-central\\\/west-palm-beach\\\/#listItem\",\"name\":\"West Palm Beach\"}}]},{\"@type\":\"Organization\",\"@id\":\"https:\\\/\\\/atlantikas.com\\\/palm-beach-costa-del-tesoro\\\/#organization\",\"name\":\"Atl\\u00e1ntikas Noticias en Espa\\u00f1ol Condados Palm Beach y la Costa del Tesoro\",\"description\":\"Noticias en Espa\\u00f1ol | Condados Palm Beach y la Costa del Tesoro\",\"url\":\"https:\\\/\\\/atlantikas.com\\\/palm-beach-costa-del-tesoro\\\/\",\"email\":\"info@atlantikas.com\",\"telephone\":\"+15613049509\",\"foundingDate\":\"2023-08-26\",\"logo\":{\"@type\":\"ImageObject\",\"url\":\"https:\\\/\\\/atlantikas.com\\\/palm-beach-costa-del-tesoro\\\/wp-content\\\/uploads\\\/sites\\\/2\\\/2023\\\/06\\\/Atlantikas-Palm-Beach-Costa-del-Tesoro-Logo-Web-1.png\",\"@id\":\"https:\\\/\\\/atlantikas.com\\\/palm-beach-costa-del-tesoro\\\/15313-2\\\/#organizationLogo\",\"width\":1000,\"height\":375},\"image\":{\"@id\":\"https:\\\/\\\/atlantikas.com\\\/palm-beach-costa-del-tesoro\\\/15313-2\\\/#organizationLogo\"},\"sameAs\":[\"https:\\\/\\\/www.facebook.com\\\/NoticiasAtlantikas\\\/\",\"https:\\\/\\\/twitter.com\\\/atlantikasnoti\",\"https:\\\/\\\/www.instagram.com\\\/noticiasatlantikas\\\/\",\"https:\\\/\\\/www.youtube.com\\\/@Atlantikas-vn9dw\\\/channels\",\"https:\\\/\\\/www.linkedin.com\\\/company\\\/atlantikas\\\/\"]},{\"@type\":\"Person\",\"@id\":\"https:\\\/\\\/atlantikas.com\\\/palm-beach-costa-del-tesoro\\\/author\\\/mirtaluacesreportera\\\/#author\",\"url\":\"https:\\\/\\\/atlantikas.com\\\/palm-beach-costa-del-tesoro\\\/author\\\/mirtaluacesreportera\\\/\",\"name\":\"Mirta Luaces\",\"image\":{\"@type\":\"ImageObject\",\"@id\":\"https:\\\/\\\/atlantikas.com\\\/palm-beach-costa-del-tesoro\\\/15313-2\\\/#authorImage\",\"url\":\"https:\\\/\\\/atlantikas.com\\\/palm-beach-costa-del-tesoro\\\/wp-content\\\/uploads\\\/sites\\\/2\\\/2023\\\/11\\\/Mirta-Luaces-Atlantikas-Reporter-web-150x150.png\",\"width\":96,\"height\":96,\"caption\":\"Mirta Luaces\"},\"sameAs\":[\"|\",\"mailto:mluaces@atlantikas.com\",\"|\"]},{\"@type\":\"WebPage\",\"@id\":\"https:\\\/\\\/atlantikas.com\\\/palm-beach-costa-del-tesoro\\\/15313-2\\\/#webpage\",\"url\":\"https:\\\/\\\/atlantikas.com\\\/palm-beach-costa-del-tesoro\\\/15313-2\\\/\",\"name\":\"J\\u00f3venes cubanas alzan su voz en Palm Beach: caravana y protestas buscan influir en Trump rumbo a Mar-a-Lago - Atl\\u00e1ntikas Noticias en Espa\\u00f1ol Condados Palm Beach y la Costa del Tesoro\",\"description\":\"West Palm Beach, Florida. \\u2014 Un grupo de siete j\\u00f3venes cubanas que recientemente se han establecido en el Condado de Palm Beach ha decidido transformar la nostalgia y el dolor por su pa\\u00eds en acci\\u00f3n c\\u00edvica. Bajo el nombre Freedom for Cuba, West Palm Beach, estas activistas han comenzado a organizar manifestaciones pac\\u00edficas para denunciar\",\"inLanguage\":\"es-ES\",\"isPartOf\":{\"@id\":\"https:\\\/\\\/atlantikas.com\\\/palm-beach-costa-del-tesoro\\\/#website\"},\"breadcrumb\":{\"@id\":\"https:\\\/\\\/atlantikas.com\\\/palm-beach-costa-del-tesoro\\\/15313-2\\\/#breadcrumblist\"},\"author\":{\"@id\":\"https:\\\/\\\/atlantikas.com\\\/palm-beach-costa-del-tesoro\\\/author\\\/mirtaluacesreportera\\\/#author\"},\"creator\":{\"@id\":\"https:\\\/\\\/atlantikas.com\\\/palm-beach-costa-del-tesoro\\\/author\\\/mirtaluacesreportera\\\/#author\"},\"image\":{\"@type\":\"ImageObject\",\"url\":\"https:\\\/\\\/atlantikas.com\\\/palm-beach-costa-del-tesoro\\\/wp-content\\\/uploads\\\/sites\\\/2\\\/2026\\\/04\\\/665113336_1523215862509194_6522033923087863251_n.jpg\",\"@id\":\"https:\\\/\\\/atlantikas.com\\\/palm-beach-costa-del-tesoro\\\/15313-2\\\/#mainImage\",\"width\":327,\"height\":368,\"caption\":\"Screenshot\"},\"primaryImageOfPage\":{\"@id\":\"https:\\\/\\\/atlantikas.com\\\/palm-beach-costa-del-tesoro\\\/15313-2\\\/#mainImage\"},\"datePublished\":\"2026-04-10T19:10:10-04:00\",\"dateModified\":\"2026-04-10T19:11:51-04:00\"},{\"@type\":\"WebSite\",\"@id\":\"https:\\\/\\\/atlantikas.com\\\/palm-beach-costa-del-tesoro\\\/#website\",\"url\":\"https:\\\/\\\/atlantikas.com\\\/palm-beach-costa-del-tesoro\\\/\",\"name\":\"Atl\\u00e1ntikas Noticias en Espa\\u00f1ol Condados Palm Beach y la Costa del Tesoro\",\"alternateName\":\"Atlantikas News\",\"description\":\"Noticias en Espa\\u00f1ol | Condados Palm Beach y la Costa del Tesoro\",\"inLanguage\":\"es-ES\",\"publisher\":{\"@id\":\"https:\\\/\\\/atlantikas.com\\\/palm-beach-costa-del-tesoro\\\/#organization\"}}]}\n\t\t<\/script>\n\t\t<!-- All in One SEO -->\n\n","aioseo_head_json":{"title":"J\u00f3venes cubanas alzan su voz en Palm Beach: caravana y protestas buscan influir en Trump rumbo a Mar-a-Lago - Atl\u00e1ntikas Noticias en Espa\u00f1ol Condados Palm Beach y la Costa del Tesoro","description":"West Palm Beach, Florida. \u2014 Un grupo de siete j\u00f3venes cubanas que recientemente se han establecido en el Condado de Palm Beach ha decidido transformar la nostalgia y el dolor por su pa\u00eds en acci\u00f3n c\u00edvica. Bajo el nombre Freedom for Cuba, West Palm Beach, estas activistas han comenzado a organizar manifestaciones pac\u00edficas para denunciar","canonical_url":"https:\/\/atlantikas.com\/palm-beach-costa-del-tesoro\/15313-2\/","robots":"max-image-preview:large","keywords":"","webmasterTools":{"miscellaneous":""},"schema":{"@context":"https:\/\/schema.org","@graph":[{"@type":"BlogPosting","@id":"https:\/\/atlantikas.com\/palm-beach-costa-del-tesoro\/15313-2\/#blogposting","name":"J\u00f3venes cubanas alzan su voz en Palm Beach: caravana y protestas buscan influir en Trump rumbo a Mar-a-Lago - Atl\u00e1ntikas Noticias en Espa\u00f1ol Condados Palm Beach y la Costa del Tesoro","headline":"J\u00f3venes cubanas alzan su voz en Palm Beach: caravana y protestas buscan influir en Trump rumbo a Mar-a-Lago","author":{"@id":"https:\/\/atlantikas.com\/palm-beach-costa-del-tesoro\/author\/mirtaluacesreportera\/#author"},"publisher":{"@id":"https:\/\/atlantikas.com\/palm-beach-costa-del-tesoro\/#organization"},"image":{"@type":"ImageObject","url":"https:\/\/atlantikas.com\/palm-beach-costa-del-tesoro\/wp-content\/uploads\/sites\/2\/2026\/04\/665113336_1523215862509194_6522033923087863251_n.jpg","width":327,"height":368,"caption":"Screenshot"},"datePublished":"2026-04-10T19:10:10-04:00","dateModified":"2026-04-10T19:11:51-04:00","inLanguage":"es-ES","mainEntityOfPage":{"@id":"https:\/\/atlantikas.com\/palm-beach-costa-del-tesoro\/15313-2\/#webpage"},"isPartOf":{"@id":"https:\/\/atlantikas.com\/palm-beach-costa-del-tesoro\/15313-2\/#webpage"},"articleSection":"Condado Palm Beach, Noticias Locales, Palm Beach Central, West Palm Beach, mirtaluacesreportera"},{"@type":"BreadcrumbList","@id":"https:\/\/atlantikas.com\/palm-beach-costa-del-tesoro\/15313-2\/#breadcrumblist","itemListElement":[{"@type":"ListItem","@id":"https:\/\/atlantikas.com\/palm-beach-costa-del-tesoro#listItem","position":1,"name":"Home","item":"https:\/\/atlantikas.com\/palm-beach-costa-del-tesoro","nextItem":{"@type":"ListItem","@id":"https:\/\/atlantikas.com\/palm-beach-costa-del-tesoro\/categoria\/noticias-locales\/#listItem","name":"Noticias Locales"}},{"@type":"ListItem","@id":"https:\/\/atlantikas.com\/palm-beach-costa-del-tesoro\/categoria\/noticias-locales\/#listItem","position":2,"name":"Noticias Locales","item":"https:\/\/atlantikas.com\/palm-beach-costa-del-tesoro\/categoria\/noticias-locales\/","nextItem":{"@type":"ListItem","@id":"https:\/\/atlantikas.com\/palm-beach-costa-del-tesoro\/categoria\/noticias-locales\/condado-palm-beach\/#listItem","name":"Condado Palm Beach"},"previousItem":{"@type":"ListItem","@id":"https:\/\/atlantikas.com\/palm-beach-costa-del-tesoro#listItem","name":"Home"}},{"@type":"ListItem","@id":"https:\/\/atlantikas.com\/palm-beach-costa-del-tesoro\/categoria\/noticias-locales\/condado-palm-beach\/#listItem","position":3,"name":"Condado Palm Beach","item":"https:\/\/atlantikas.com\/palm-beach-costa-del-tesoro\/categoria\/noticias-locales\/condado-palm-beach\/","nextItem":{"@type":"ListItem","@id":"https:\/\/atlantikas.com\/palm-beach-costa-del-tesoro\/categoria\/noticias-locales\/condado-palm-beach\/palm-beach-central\/#listItem","name":"Palm Beach Central"},"previousItem":{"@type":"ListItem","@id":"https:\/\/atlantikas.com\/palm-beach-costa-del-tesoro\/categoria\/noticias-locales\/#listItem","name":"Noticias Locales"}},{"@type":"ListItem","@id":"https:\/\/atlantikas.com\/palm-beach-costa-del-tesoro\/categoria\/noticias-locales\/condado-palm-beach\/palm-beach-central\/#listItem","position":4,"name":"Palm Beach Central","item":"https:\/\/atlantikas.com\/palm-beach-costa-del-tesoro\/categoria\/noticias-locales\/condado-palm-beach\/palm-beach-central\/","nextItem":{"@type":"ListItem","@id":"https:\/\/atlantikas.com\/palm-beach-costa-del-tesoro\/categoria\/noticias-locales\/condado-palm-beach\/palm-beach-central\/west-palm-beach\/#listItem","name":"West Palm Beach"},"previousItem":{"@type":"ListItem","@id":"https:\/\/atlantikas.com\/palm-beach-costa-del-tesoro\/categoria\/noticias-locales\/condado-palm-beach\/#listItem","name":"Condado Palm Beach"}},{"@type":"ListItem","@id":"https:\/\/atlantikas.com\/palm-beach-costa-del-tesoro\/categoria\/noticias-locales\/condado-palm-beach\/palm-beach-central\/west-palm-beach\/#listItem","position":5,"name":"West Palm Beach","item":"https:\/\/atlantikas.com\/palm-beach-costa-del-tesoro\/categoria\/noticias-locales\/condado-palm-beach\/palm-beach-central\/west-palm-beach\/","nextItem":{"@type":"ListItem","@id":"https:\/\/atlantikas.com\/palm-beach-costa-del-tesoro\/15313-2\/#listItem","name":"J\u00f3venes cubanas alzan su voz en Palm Beach: caravana y protestas buscan influir en Trump rumbo a Mar-a-Lago"},"previousItem":{"@type":"ListItem","@id":"https:\/\/atlantikas.com\/palm-beach-costa-del-tesoro\/categoria\/noticias-locales\/condado-palm-beach\/palm-beach-central\/#listItem","name":"Palm Beach Central"}},{"@type":"ListItem","@id":"https:\/\/atlantikas.com\/palm-beach-costa-del-tesoro\/15313-2\/#listItem","position":6,"name":"J\u00f3venes cubanas alzan su voz en Palm Beach: caravana y protestas buscan influir en Trump rumbo a Mar-a-Lago","previousItem":{"@type":"ListItem","@id":"https:\/\/atlantikas.com\/palm-beach-costa-del-tesoro\/categoria\/noticias-locales\/condado-palm-beach\/palm-beach-central\/west-palm-beach\/#listItem","name":"West Palm Beach"}}]},{"@type":"Organization","@id":"https:\/\/atlantikas.com\/palm-beach-costa-del-tesoro\/#organization","name":"Atl\u00e1ntikas Noticias en Espa\u00f1ol Condados Palm Beach y la Costa del Tesoro","description":"Noticias en Espa\u00f1ol | Condados Palm Beach y la Costa del Tesoro","url":"https:\/\/atlantikas.com\/palm-beach-costa-del-tesoro\/","email":"info@atlantikas.com","telephone":"+15613049509","foundingDate":"2023-08-26","logo":{"@type":"ImageObject","url":"https:\/\/atlantikas.com\/palm-beach-costa-del-tesoro\/wp-content\/uploads\/sites\/2\/2023\/06\/Atlantikas-Palm-Beach-Costa-del-Tesoro-Logo-Web-1.png","@id":"https:\/\/atlantikas.com\/palm-beach-costa-del-tesoro\/15313-2\/#organizationLogo","width":1000,"height":375},"image":{"@id":"https:\/\/atlantikas.com\/palm-beach-costa-del-tesoro\/15313-2\/#organizationLogo"},"sameAs":["https:\/\/www.facebook.com\/NoticiasAtlantikas\/","https:\/\/twitter.com\/atlantikasnoti","https:\/\/www.instagram.com\/noticiasatlantikas\/","https:\/\/www.youtube.com\/@Atlantikas-vn9dw\/channels","https:\/\/www.linkedin.com\/company\/atlantikas\/"]},{"@type":"Person","@id":"https:\/\/atlantikas.com\/palm-beach-costa-del-tesoro\/author\/mirtaluacesreportera\/#author","url":"https:\/\/atlantikas.com\/palm-beach-costa-del-tesoro\/author\/mirtaluacesreportera\/","name":"Mirta Luaces","image":{"@type":"ImageObject","@id":"https:\/\/atlantikas.com\/palm-beach-costa-del-tesoro\/15313-2\/#authorImage","url":"https:\/\/atlantikas.com\/palm-beach-costa-del-tesoro\/wp-content\/uploads\/sites\/2\/2023\/11\/Mirta-Luaces-Atlantikas-Reporter-web-150x150.png","width":96,"height":96,"caption":"Mirta Luaces"},"sameAs":["|","mailto:mluaces@atlantikas.com","|"]},{"@type":"WebPage","@id":"https:\/\/atlantikas.com\/palm-beach-costa-del-tesoro\/15313-2\/#webpage","url":"https:\/\/atlantikas.com\/palm-beach-costa-del-tesoro\/15313-2\/","name":"J\u00f3venes cubanas alzan su voz en Palm Beach: caravana y protestas buscan influir en Trump rumbo a Mar-a-Lago - Atl\u00e1ntikas Noticias en Espa\u00f1ol Condados Palm Beach y la Costa del Tesoro","description":"West Palm Beach, Florida. \u2014 Un grupo de siete j\u00f3venes cubanas que recientemente se han establecido en el Condado de Palm Beach ha decidido transformar la nostalgia y el dolor por su pa\u00eds en acci\u00f3n c\u00edvica. Bajo el nombre Freedom for Cuba, West Palm Beach, estas activistas han comenzado a organizar manifestaciones pac\u00edficas para denunciar","inLanguage":"es-ES","isPartOf":{"@id":"https:\/\/atlantikas.com\/palm-beach-costa-del-tesoro\/#website"},"breadcrumb":{"@id":"https:\/\/atlantikas.com\/palm-beach-costa-del-tesoro\/15313-2\/#breadcrumblist"},"author":{"@id":"https:\/\/atlantikas.com\/palm-beach-costa-del-tesoro\/author\/mirtaluacesreportera\/#author"},"creator":{"@id":"https:\/\/atlantikas.com\/palm-beach-costa-del-tesoro\/author\/mirtaluacesreportera\/#author"},"image":{"@type":"ImageObject","url":"https:\/\/atlantikas.com\/palm-beach-costa-del-tesoro\/wp-content\/uploads\/sites\/2\/2026\/04\/665113336_1523215862509194_6522033923087863251_n.jpg","@id":"https:\/\/atlantikas.com\/palm-beach-costa-del-tesoro\/15313-2\/#mainImage","width":327,"height":368,"caption":"Screenshot"},"primaryImageOfPage":{"@id":"https:\/\/atlantikas.com\/palm-beach-costa-del-tesoro\/15313-2\/#mainImage"},"datePublished":"2026-04-10T19:10:10-04:00","dateModified":"2026-04-10T19:11:51-04:00"},{"@type":"WebSite","@id":"https:\/\/atlantikas.com\/palm-beach-costa-del-tesoro\/#website","url":"https:\/\/atlantikas.com\/palm-beach-costa-del-tesoro\/","name":"Atl\u00e1ntikas Noticias en Espa\u00f1ol Condados Palm Beach y la Costa del Tesoro","alternateName":"Atlantikas News","description":"Noticias en Espa\u00f1ol | Condados Palm Beach y la Costa del Tesoro","inLanguage":"es-ES","publisher":{"@id":"https:\/\/atlantikas.com\/palm-beach-costa-del-tesoro\/#organization"}}]},"og:locale":"es_ES","og:site_name":"Atl\u00e1ntikas Noticias en Espa\u00f1ol Condados Palm Beach y la Costa del Tesoro - Noticias en Espa\u00f1ol | Condados Palm Beach y la Costa del Tesoro","og:type":"article","og:title":"J\u00f3venes cubanas alzan su voz en Palm Beach: caravana y protestas buscan influir en Trump rumbo a Mar-a-Lago - Atl\u00e1ntikas Noticias en Espa\u00f1ol Condados Palm Beach y la Costa del Tesoro","og:description":"West Palm Beach, Florida. \u2014 Un grupo de siete j\u00f3venes cubanas que recientemente se han establecido en el Condado de Palm Beach ha decidido transformar la nostalgia y el dolor por su pa\u00eds en acci\u00f3n c\u00edvica. Bajo el nombre Freedom for Cuba, West Palm Beach, estas activistas han comenzado a organizar manifestaciones pac\u00edficas para denunciar","og:url":"https:\/\/atlantikas.com\/palm-beach-costa-del-tesoro\/15313-2\/","og:image":"https:\/\/atlantikas.com\/palm-beach-costa-del-tesoro\/wp-content\/uploads\/sites\/2\/2026\/04\/665113336_1523215862509194_6522033923087863251_n.jpg","og:image:secure_url":"https:\/\/atlantikas.com\/palm-beach-costa-del-tesoro\/wp-content\/uploads\/sites\/2\/2026\/04\/665113336_1523215862509194_6522033923087863251_n.jpg","og:image:width":327,"og:image:height":368,"article:published_time":"2026-04-10T23:10:10+00:00","article:modified_time":"2026-04-10T23:11:51+00:00","article:publisher":"https:\/\/www.facebook.com\/NoticiasAtlantikas\/","twitter:card":"summary_large_image","twitter:site":"@atlantikasnoti","twitter:title":"J\u00f3venes cubanas alzan su voz en Palm Beach: caravana y protestas buscan influir en Trump rumbo a Mar-a-Lago - Atl\u00e1ntikas Noticias en Espa\u00f1ol Condados Palm Beach y la Costa del Tesoro","twitter:description":"West Palm Beach, Florida. \u2014 Un grupo de siete j\u00f3venes cubanas que recientemente se han establecido en el Condado de Palm Beach ha decidido transformar la nostalgia y el dolor por su pa\u00eds en acci\u00f3n c\u00edvica. Bajo el nombre Freedom for Cuba, West Palm Beach, estas activistas han comenzado a organizar manifestaciones pac\u00edficas para denunciar","twitter:creator":"@atlantikasnoti","twitter:image":"https:\/\/atlantikas.com\/palm-beach-costa-del-tesoro\/wp-content\/uploads\/sites\/2\/2026\/04\/665113336_1523215862509194_6522033923087863251_n.jpg"},"aioseo_meta_data":{"post_id":"15313","title":null,"description":null,"keywords":null,"keyphrases":{"focus":{"keyphrase":"","score":0,"analysis":{"keyphraseInTitle":{"score":0,"maxScore":9,"error":1}}},"additional":[]},"primary_term":null,"canonical_url":null,"og_title":null,"og_description":null,"og_object_type":"default","og_image_type":"default","og_image_url":null,"og_image_width":null,"og_image_height":null,"og_image_custom_url":null,"og_image_custom_fields":null,"og_video":"","og_custom_url":null,"og_article_section":null,"og_article_tags":null,"twitter_use_og":false,"twitter_card":"default","twitter_image_type":"default","twitter_image_url":null,"twitter_image_custom_url":null,"twitter_image_custom_fields":null,"twitter_title":null,"twitter_description":null,"schema":{"blockGraphs":[],"customGraphs":[],"default":{"data":{"Article":[],"Course":[],"Dataset":[],"FAQPage":[],"Movie":[],"Person":[],"Product":[],"ProductReview":[],"Car":[],"Recipe":[],"Service":[],"SoftwareApplication":[],"WebPage":[]},"graphName":"BlogPosting","isEnabled":true},"graphs":[]},"schema_type":"default","schema_type_options":null,"pillar_content":false,"robots_default":true,"robots_noindex":false,"robots_noarchive":false,"robots_nosnippet":false,"robots_nofollow":false,"robots_noimageindex":false,"robots_noodp":false,"robots_notranslate":false,"robots_max_snippet":"-1","robots_max_videopreview":"-1","robots_max_imagepreview":"large","priority":null,"frequency":"default","local_seo":null,"breadcrumb_settings":null,"limit_modified_date":false,"ai":{"faqs":[],"keyPoints":[],"titles":[],"descriptions":[],"socialPosts":{"email":[],"linkedin":[],"twitter":[],"facebook":[],"instagram":[]}},"created":"2026-04-10 23:10:17","updated":"2026-04-10 23:22:02","seo_analyzer_scan_date":null,"focus_keyword":null,"additional_keywords":null,"truseo_locale":null},"aioseo_breadcrumb":"<div class=\"aioseo-breadcrumbs\"><span class=\"aioseo-breadcrumb\">\n\t\t\t<a href=\"https:\/\/atlantikas.com\/palm-beach-costa-del-tesoro\" title=\"Home\">Home<\/a>\n\t\t<\/span><span class=\"aioseo-breadcrumb-separator\">&raquo;<\/span><span class=\"aioseo-breadcrumb\">\n\t\t\t<a href=\"https:\/\/atlantikas.com\/palm-beach-costa-del-tesoro\/categoria\/noticias-locales\/\" title=\"Noticias Locales\">Noticias Locales<\/a>\n\t\t<\/span><span class=\"aioseo-breadcrumb-separator\">&raquo;<\/span><span class=\"aioseo-breadcrumb\">\n\t\t\t<a href=\"https:\/\/atlantikas.com\/palm-beach-costa-del-tesoro\/categoria\/noticias-locales\/condado-palm-beach\/\" title=\"Condado Palm Beach\">Condado Palm Beach<\/a>\n\t\t<\/span><span class=\"aioseo-breadcrumb-separator\">&raquo;<\/span><span class=\"aioseo-breadcrumb\">\n\t\t\t<a href=\"https:\/\/atlantikas.com\/palm-beach-costa-del-tesoro\/categoria\/noticias-locales\/condado-palm-beach\/palm-beach-central\/\" title=\"Palm Beach Central\">Palm Beach Central<\/a>\n\t\t<\/span><span class=\"aioseo-breadcrumb-separator\">&raquo;<\/span><span class=\"aioseo-breadcrumb\">\n\t\t\t<a href=\"https:\/\/atlantikas.com\/palm-beach-costa-del-tesoro\/categoria\/noticias-locales\/condado-palm-beach\/palm-beach-central\/west-palm-beach\/\" title=\"West Palm Beach\">West Palm Beach<\/a>\n\t\t<\/span><span class=\"aioseo-breadcrumb-separator\">&raquo;<\/span><span class=\"aioseo-breadcrumb\">\n\t\t\tJ\u00f3venes cubanas alzan su voz en Palm Beach: caravana y protestas buscan influir en Trump rumbo a Mar-a-Lago\n\t\t<\/span><\/div>","aioseo_breadcrumb_json":[{"label":"Home","link":"https:\/\/atlantikas.com\/palm-beach-costa-del-tesoro"},{"label":"Noticias Locales","link":"https:\/\/atlantikas.com\/palm-beach-costa-del-tesoro\/categoria\/noticias-locales\/"},{"label":"Condado Palm Beach","link":"https:\/\/atlantikas.com\/palm-beach-costa-del-tesoro\/categoria\/noticias-locales\/condado-palm-beach\/"},{"label":"Palm Beach Central","link":"https:\/\/atlantikas.com\/palm-beach-costa-del-tesoro\/categoria\/noticias-locales\/condado-palm-beach\/palm-beach-central\/"},{"label":"West Palm Beach","link":"https:\/\/atlantikas.com\/palm-beach-costa-del-tesoro\/categoria\/noticias-locales\/condado-palm-beach\/palm-beach-central\/west-palm-beach\/"},{"label":"J\u00f3venes cubanas alzan su voz en Palm Beach: caravana y protestas buscan influir en Trump rumbo a Mar-a-Lago","link":"https:\/\/atlantikas.com\/palm-beach-costa-del-tesoro\/15313-2\/"}],"image_feature":"https:\/\/atlantikas.com\/palm-beach-costa-del-tesoro\/wp-content\/uploads\/sites\/2\/2026\/04\/665113336_1523215862509194_6522033923087863251_n.jpg","author_name":"Mirta Luaces","pure_taxonomies":{"categories":[{"term_id":46,"name":"Condado Palm Beach","slug":"condado-palm-beach","term_group":0,"term_taxonomy_id":46,"taxonomy":"category","description":"","parent":31,"count":1667,"filter":"raw","image":""},{"term_id":31,"name":"Noticias Locales","slug":"noticias-locales","term_group":0,"term_taxonomy_id":31,"taxonomy":"category","description":"","parent":0,"count":2373,"filter":"raw","image":""},{"term_id":58,"name":"Palm Beach Central","slug":"palm-beach-central","term_group":0,"term_taxonomy_id":58,"taxonomy":"category","description":"","parent":46,"count":710,"filter":"raw","image":""},{"term_id":66,"name":"West Palm Beach","slug":"west-palm-beach","term_group":0,"term_taxonomy_id":66,"taxonomy":"category","description":"","parent":58,"count":450,"filter":"raw","image":""}]},"jetpack_featured_media_url":"https:\/\/atlantikas.com\/palm-beach-costa-del-tesoro\/wp-content\/uploads\/sites\/2\/2026\/04\/665113336_1523215862509194_6522033923087863251_n.jpg","jetpack_sharing_enabled":true,"jetpack-related-posts":[],"_links":{"self":[{"href":"https:\/\/atlantikas.com\/palm-beach-costa-del-tesoro\/wp-json\/wp\/v2\/posts\/15313","targetHints":{"allow":["GET"]}}],"collection":[{"href":"https:\/\/atlantikas.com\/palm-beach-costa-del-tesoro\/wp-json\/wp\/v2\/posts"}],"about":[{"href":"https:\/\/atlantikas.com\/palm-beach-costa-del-tesoro\/wp-json\/wp\/v2\/types\/post"}],"author":[{"embeddable":true,"href":"https:\/\/atlantikas.com\/palm-beach-costa-del-tesoro\/wp-json\/wp\/v2\/users\/4"}],"replies":[{"embeddable":true,"href":"https:\/\/atlantikas.com\/palm-beach-costa-del-tesoro\/wp-json\/wp\/v2\/comments?post=15313"}],"version-history":[{"count":3,"href":"https:\/\/atlantikas.com\/palm-beach-costa-del-tesoro\/wp-json\/wp\/v2\/posts\/15313\/revisions"}],"predecessor-version":[{"id":15318,"href":"https:\/\/atlantikas.com\/palm-beach-costa-del-tesoro\/wp-json\/wp\/v2\/posts\/15313\/revisions\/15318"}],"wp:featuredmedia":[{"embeddable":true,"href":"https:\/\/atlantikas.com\/palm-beach-costa-del-tesoro\/wp-json\/wp\/v2\/media\/15314"}],"wp:attachment":[{"href":"https:\/\/atlantikas.com\/palm-beach-costa-del-tesoro\/wp-json\/wp\/v2\/media?parent=15313"}],"wp:term":[{"taxonomy":"category","embeddable":true,"href":"https:\/\/atlantikas.com\/palm-beach-costa-del-tesoro\/wp-json\/wp\/v2\/categories?post=15313"},{"taxonomy":"post_tag","embeddable":true,"href":"https:\/\/atlantikas.com\/palm-beach-costa-del-tesoro\/wp-json\/wp\/v2\/tags?post=15313"},{"taxonomy":"author","embeddable":true,"href":"https:\/\/atlantikas.com\/palm-beach-costa-del-tesoro\/wp-json\/wp\/v2\/coauthors?post=15313"}],"curies":[{"name":"wp","href":"https:\/\/api.w.org\/{rel}","templated":true}]}}