{"id":15016,"date":"2026-03-29T21:22:27","date_gmt":"2026-03-30T01:22:27","guid":{"rendered":"https:\/\/atlantikas.com\/palm-beach-costa-del-tesoro\/?p=15016"},"modified":"2026-03-29T21:22:27","modified_gmt":"2026-03-30T01:22:27","slug":"rescate-dramatico-en-la-madrugada-bomberos-salvan-a-un-residente-atrapado-en-incendio-en-port-st-lucie","status":"publish","type":"post","link":"https:\/\/atlantikas.com\/palm-beach-costa-del-tesoro\/rescate-dramatico-en-la-madrugada-bomberos-salvan-a-un-residente-atrapado-en-incendio-en-port-st-lucie\/","title":{"rendered":"Rescate dram\u00e1tico en la madrugada: bomberos salvan a un residente atrapado en incendio en Port St. Lucie"},"content":{"rendered":"<div class=\"mdp-speaker-wrapper\">\n            \n            \n            \n            \n            <div class=\"mdp-speaker-box mdp-speaker-box before-content speaker-wavesurfer\">\n                <div class=\"mdp-speaker-player\"  data-title=\"Rescate dram\u00e1tico en la madrugada: bomberos salvan a un residente atrapado en incendio en Port St. Lucie\" data-author=\"4\" data-thumbnail=\"https:\/\/atlantikas.com\/palm-beach-costa-del-tesoro\/wp-content\/uploads\/sites\/2\/2026\/03\/pt-st-lucie.jpg\" data-type=\"speaker-wavesurfer\" data-id=\"15016\" data-src=\"https:\/\/atlantikas.com\/palm-beach-costa-del-tesoro\/wp-content\/uploads\/sites\/2\/speaker\/post-15016.mp3?cb=1774833752.mp3\" data-download=\"1\" data-speeds=\"0.5,0.75,1,1.25,1.5\" data-share=\"\" >\n                    <div class=\"mdp-speaker-wavesurfer-player mdp-speaker-wavesurfer-placeholder\"><\/div>\n                <\/div>\n            <\/div>\n            \n            \n            \n            \n\t\t\t<\/div><div>\n<div class=\"flex h-svh w-screen flex-col\">\n<div class=\"relative z-0 flex min-h-0 w-full flex-1\">\n<div class=\"relative flex min-h-0 w-full flex-1\">\n<div class=\"@container\/main relative flex min-w-0 flex-1 flex-col -translate-y-[calc(env(safe-area-inset-bottom,0px)\/2)] pt-[calc(env(safe-area-inset-bottom,0px)\/2)]\">\n<div class=\"@w-sm\/main:[scrollbar-gutter:var(--stage-scroll-gutter)] touch:[scrollbar-width:none] group\/scroll-root relative flex min-h-0 min-w-0 flex-1 flex-col [scrollbar-gutter:stable] not-print:overflow-x-clip not-print:overflow-y-auto group-data-stream-active\/scroll-root:[overflow-anchor:none] scroll-pt-(--header-height) [--sticky-padding-top:var(--header-height)] [--sticky-padding-bottom:0px] [--scroll-root-safe-area-inset-top:calc(var(--sticky-padding-top)+env(safe-area-inset-top,0px))] [--scroll-root-safe-area-inset-bottom:calc(var(--sticky-padding-bottom)+var(--screen-keyboard-height,0px)+env(safe-area-inset-bottom,0px))] [--scroll-root-safe-area-height:calc(100lvh-var(--scroll-root-safe-area-inset-top)-var(--scroll-root-safe-area-inset-bottom))] has-data-[fixed-header=less-than-xl]:@w-xl\/main:scroll-pt-0 has-data-[fixed-header=less-than-xl]:@w-xl\/main:[--sticky-padding-top:0px] has-data-[fixed-header=less-than-xxl]:@w-2xl\/main:scroll-pt-0 has-data-[fixed-header=less-than-xxl]:@w-2xl\/main:[--sticky-padding-top:0px]\" data-scroll-root=\"\" data-scroll-from-top=\"\"><main id=\"main\" class=\"min-h-0 flex-1\"><\/p>\n<div id=\"thread\" class=\"group\/thread flex flex-col min-h-full\">\n<div class=\"composer-parent flex flex-1 flex-col focus-visible:outline-0\" role=\"presentation\">\n<div class=\"relative basis-auto flex-col -mb-(--composer-overlap-px) pb-(--composer-overlap-px) [--composer-overlap-px:28px] grow flex\">\n<div class=\"flex flex-col text-sm pb-25\">\n<section class=\"text-token-text-primary w-full focus:outline-none [--shadow-height:45px] has-data-writing-block:pointer-events-none has-data-writing-block:-mt-(--shadow-height) has-data-writing-block:pt-(--shadow-height) [&amp;:has([data-writing-block])&gt;*]:pointer-events-auto scroll-mt-[calc(var(--header-height)+min(200px,max(70px,20svh)))]\" dir=\"auto\" data-turn-id=\"request-WEB:99308528-651e-4e67-9072-735330adde8b-0\" data-testid=\"conversation-turn-2\" data-scroll-anchor=\"true\" data-turn=\"assistant\">\n<div class=\"text-base my-auto mx-auto pb-10 [--thread-content-margin:var(--thread-content-margin-xs,calc(var(--spacing)*4))] @w-sm\/main:[--thread-content-margin:var(--thread-content-margin-sm,calc(var(--spacing)*6))] @w-lg\/main:[--thread-content-margin:var(--thread-content-margin-lg,calc(var(--spacing)*16))] px-(--thread-content-margin)\">\n<div class=\"[--thread-content-max-width:40rem] @w-lg\/main:[--thread-content-max-width:48rem] mx-auto max-w-(--thread-content-max-width) flex-1 group\/turn-messages focus-visible:outline-hidden relative flex w-full min-w-0 flex-col agent-turn\">\n<div class=\"flex max-w-full flex-col gap-4 grow\">\n<div class=\"min-h-8 text-message relative flex w-full flex-col items-end gap-2 text-start break-words whitespace-normal outline-none keyboard-focused:focus-ring [.text-message+&amp;]:mt-1\" dir=\"auto\" data-message-author-role=\"assistant\" data-message-id=\"6707270b-fb3f-43f5-94c6-32a5b53c64d1\" data-turn-start-message=\"true\" data-message-model-slug=\"gpt-5-3\">\n<div class=\"flex w-full flex-col gap-1 empty:hidden\">\n<div class=\"markdown prose dark:prose-invert w-full wrap-break-word light markdown-new-styling\">\n<p data-start=\"299\" data-end=\"509\">PORT ST. LUCIE, Florida \u2014 Una intensa operaci\u00f3n de rescate se despleg\u00f3 la madrugada de este domingo luego de que un incendio residencial pusiera en peligro la vida de un ocupante atrapado dentro de su vivienda.<\/p>\n<p data-start=\"511\" data-end=\"879\">El incidente ocurri\u00f3 alrededor de la 1:50 a.m., cuando unidades del Distrito de Bomberos del condado de St. Lucie respondi\u00f3 a reportes de un incendio en una estructura residencial. Mientras se dirig\u00edan al lugar, el centro de despacho alert\u00f3 que la persona que llam\u00f3 report\u00f3 haber visto humo y posiblemente haber escuchado gritos de auxilio desde el interior del inmueble.<\/p>\n<p data-start=\"881\" data-end=\"1231\">Al llegar, los bomberos encontraron humo saliendo desde el techo y confirmaron que todas las puertas estaban cerradas. Con la informaci\u00f3n proporcionada y tras la verificaci\u00f3n de agentes del Departamento de Polic\u00eda de Port St. Lucie, quien tambi\u00e9n indic\u00f3 haber escuchado a alguien dentro, los equipos iniciaron de inmediato una b\u00fasqueda dirigida.<\/p>\n<p data-start=\"1233\" data-end=\"1493\">Parte del personal ingres\u00f3 a la vivienda a trav\u00e9s de una ventana en el \u00e1rea donde se presum\u00eda que se encontraba la persona atrapada, mientras otros forzaban la entrada principal, realizaban una b\u00fasqueda primaria e iniciaban el ataque interno contra las llamas.<\/p>\n<p data-start=\"1495\" data-end=\"1711\">El ocupante fue localizado por los equipos que lograron ingresar por la puerta principal, rescatado y trasladado de urgencia a un centro de trauma local. Hasta el momento, no se ha informado sobre su estado de salud.<\/p>\n<p data-start=\"1713\" data-end=\"1890\">Durante la operaci\u00f3n, los bomberos tambi\u00e9n lograron rescatar a cinco perros que se encontraban dentro de la vivienda. Sin embargo, uno de los animales no sobrevivi\u00f3 al incendio.<\/p>\n<p data-start=\"1892\" data-end=\"2090\">El fuego fue controlado a las 2:21 a.m., poco m\u00e1s de 30 minutos despu\u00e9s de la llegada de los equipos de emergencia. Las autoridades confirmaron que la causa del incendio contin\u00faa bajo investigaci\u00f3n.<\/p>\n<p data-start=\"2092\" data-end=\"2176\" data-is-last-node=\"\" data-is-only-node=\"\">La Cruz Roja Americana fue notificada para asistir a los afectados por el siniestro.<\/p>\n<\/div>\n<\/div>\n<\/div>\n<\/div>\n<\/div>\n<\/div>\n<\/section>\n<\/div>\n<\/div>\n<\/div>\n<\/div>\n<p><\/main><\/div>\n<\/div>\n<\/div>\n<\/div>\n<\/div>\n<\/div>\n","protected":false},"excerpt":{"rendered":"<p>PORT ST. LUCIE, Florida \u2014 Una intensa operaci\u00f3n de rescate se despleg\u00f3 la madrugada de este domingo luego de que un incendio residencial pusiera en peligro la vida de un ocupante atrapado dentro de su vivienda. El incidente ocurri\u00f3 alrededor de la 1:50 a.m., cuando unidades del Distrito de Bomberos del condado de St. Lucie &hellip;<\/p>\n","protected":false},"author":4,"featured_media":15017,"comment_status":"open","ping_status":"open","sticky":false,"template":"","format":"standard","meta":{"om_disable_all_campaigns":false,"_monsterinsights_skip_tracking":false,"_monsterinsights_sitenote_active":false,"_monsterinsights_sitenote_note":"","_monsterinsights_sitenote_category":0,"jetpack_post_was_ever_published":false,"_jetpack_newsletter_access":"","_jetpack_dont_email_post_to_subs":false,"_jetpack_newsletter_tier_id":0,"_jetpack_memberships_contains_paywalled_content":false,"_jetpack_memberships_contains_paid_content":false,"footnotes":""},"categories":[76,47,31,239],"tags":[],"coauthors":[42],"class_list":["post-15016","post","type-post","status-publish","format-standard","has-post-thumbnail","hentry","category-condado-st-lucie-costa-del-tesoro","category-costa-del-tesoro","category-noticias-locales","category-port-saint-lucie"],"aioseo_notices":[],"image_feature":"https:\/\/atlantikas.com\/palm-beach-costa-del-tesoro\/wp-content\/uploads\/sites\/2\/2026\/03\/pt-st-lucie.jpg","author_name":"Mirta Luaces","jetpack_featured_media_url":"https:\/\/atlantikas.com\/palm-beach-costa-del-tesoro\/wp-content\/uploads\/sites\/2\/2026\/03\/pt-st-lucie.jpg","jetpack_sharing_enabled":true,"jetpack-related-posts":[],"_links":{"self":[{"href":"https:\/\/atlantikas.com\/palm-beach-costa-del-tesoro\/wp-json\/wp\/v2\/posts\/15016","targetHints":{"allow":["GET"]}}],"collection":[{"href":"https:\/\/atlantikas.com\/palm-beach-costa-del-tesoro\/wp-json\/wp\/v2\/posts"}],"about":[{"href":"https:\/\/atlantikas.com\/palm-beach-costa-del-tesoro\/wp-json\/wp\/v2\/types\/post"}],"author":[{"embeddable":true,"href":"https:\/\/atlantikas.com\/palm-beach-costa-del-tesoro\/wp-json\/wp\/v2\/users\/4"}],"replies":[{"embeddable":true,"href":"https:\/\/atlantikas.com\/palm-beach-costa-del-tesoro\/wp-json\/wp\/v2\/comments?post=15016"}],"version-history":[{"count":1,"href":"https:\/\/atlantikas.com\/palm-beach-costa-del-tesoro\/wp-json\/wp\/v2\/posts\/15016\/revisions"}],"predecessor-version":[{"id":15018,"href":"https:\/\/atlantikas.com\/palm-beach-costa-del-tesoro\/wp-json\/wp\/v2\/posts\/15016\/revisions\/15018"}],"wp:featuredmedia":[{"embeddable":true,"href":"https:\/\/atlantikas.com\/palm-beach-costa-del-tesoro\/wp-json\/wp\/v2\/media\/15017"}],"wp:attachment":[{"href":"https:\/\/atlantikas.com\/palm-beach-costa-del-tesoro\/wp-json\/wp\/v2\/media?parent=15016"}],"wp:term":[{"taxonomy":"category","embeddable":true,"href":"https:\/\/atlantikas.com\/palm-beach-costa-del-tesoro\/wp-json\/wp\/v2\/categories?post=15016"},{"taxonomy":"post_tag","embeddable":true,"href":"https:\/\/atlantikas.com\/palm-beach-costa-del-tesoro\/wp-json\/wp\/v2\/tags?post=15016"},{"taxonomy":"author","embeddable":true,"href":"https:\/\/atlantikas.com\/palm-beach-costa-del-tesoro\/wp-json\/wp\/v2\/coauthors?post=15016"}],"curies":[{"name":"wp","href":"https:\/\/api.w.org\/{rel}","templated":true}]}}