{"id":14117,"date":"2026-02-22T18:22:03","date_gmt":"2026-02-22T23:22:03","guid":{"rendered":"https:\/\/atlantikas.com\/palm-beach-costa-del-tesoro\/?p=14117"},"modified":"2026-02-22T18:22:03","modified_gmt":"2026-02-22T23:22:03","slug":"bala-atraviesa-vivienda-y-hiere-a-nino-de-12-anos-en-fort-pierce-en-medio-de-ola-de-violencia","status":"publish","type":"post","link":"https:\/\/atlantikas.com\/palm-beach-costa-del-tesoro\/bala-atraviesa-vivienda-y-hiere-a-nino-de-12-anos-en-fort-pierce-en-medio-de-ola-de-violencia\/","title":{"rendered":"Bala atraviesa vivienda y hiere a ni\u00f1o de 12 a\u00f1os en Fort Pierce en medio de ola de violencia"},"content":{"rendered":"<div class=\"mdp-speaker-wrapper\">\n            \n            \n            \n            \n            <div class=\"mdp-speaker-box mdp-speaker-box before-content speaker-wavesurfer\">\n                <div class=\"mdp-speaker-player\"  data-title=\"Bala atraviesa vivienda y hiere a ni\u00f1o de 12 a\u00f1os en Fort Pierce en medio de ola de violencia\" data-author=\"4\" data-thumbnail=\"https:\/\/atlantikas.com\/palm-beach-costa-del-tesoro\/wp-content\/uploads\/sites\/2\/2026\/02\/a95398b8-679f-476c-8c09-ee7cda694d0f-636669897238867652-0718-YNSL-FPPD-scaled.webp\" data-type=\"speaker-wavesurfer\" data-id=\"14117\" data-src=\"https:\/\/atlantikas.com\/palm-beach-costa-del-tesoro\/wp-content\/uploads\/sites\/2\/speaker\/post-14117.mp3?cb=1771802529.mp3\" data-download=\"1\" data-speeds=\"0.5,0.75,1,1.25,1.5\" data-share=\"\" >\n                    <div class=\"mdp-speaker-wavesurfer-player mdp-speaker-wavesurfer-placeholder\"><\/div>\n                <\/div>\n            <\/div>\n            \n            \n            \n            \n\t\t\t<\/div><div class=\"relative basis-auto flex-col -mb-(--composer-overlap-px) [--composer-overlap-px:28px] grow flex\">\n<div class=\"flex flex-col text-sm pb-25\">\n<article class=\"text-token-text-primary w-full focus:outline-none [--shadow-height:45px] has-data-writing-block:pointer-events-none has-data-writing-block:-mt-(--shadow-height) has-data-writing-block:pt-(--shadow-height) [&amp;:has([data-writing-block])&gt;*]:pointer-events-auto scroll-mt-[calc(var(--header-height)+min(200px,max(70px,20svh)))]\" dir=\"auto\" data-turn-id=\"request-WEB:8f4cf79c-35ad-4412-bb45-9e8256ae532e-0\" data-testid=\"conversation-turn-2\" data-scroll-anchor=\"true\" data-turn=\"assistant\">\n<div class=\"text-base my-auto mx-auto pb-10 [--thread-content-margin:--spacing(4)] @w-sm\/main:[--thread-content-margin:--spacing(6)] @w-lg\/main:[--thread-content-margin:--spacing(16)] px-(--thread-content-margin)\">\n<div class=\"[--thread-content-max-width:40rem] @w-lg\/main:[--thread-content-max-width:48rem] mx-auto max-w-(--thread-content-max-width) flex-1 group\/turn-messages focus-visible:outline-hidden relative flex w-full min-w-0 flex-col agent-turn\">\n<div class=\"flex max-w-full flex-col grow\">\n<div class=\"min-h-8 text-message relative flex w-full flex-col items-end gap-2 text-start break-words whitespace-normal [.text-message+&amp;]:mt-1\" dir=\"auto\" data-message-author-role=\"assistant\" data-message-id=\"b3c4ce3c-1fc2-4701-8f06-291970ce746a\" data-message-model-slug=\"gpt-5-2\">\n<div class=\"flex w-full flex-col gap-1 empty:hidden first:pt-[1px]\">\n<div class=\"markdown prose dark:prose-invert w-full wrap-break-word light markdown-new-styling\">\n<p data-start=\"142\" data-end=\"378\"><strong data-start=\"142\" data-end=\"167\">FORT PIERCE, Florida.<\/strong> \u2014 Un ni\u00f1o de 12 a\u00f1os result\u00f3 herido de bala la noche del viernes cuando disparos impactaron la vivienda donde se encontraba junto a su familia, seg\u00fan inform\u00f3 la polic\u00eda de <span class=\"hover:entity-accent entity-underline inline cursor-pointer align-baseline\"><span class=\"whitespace-normal\">Fort Pierce<\/span><\/span>.<\/p>\n<p data-start=\"380\" data-end=\"607\">El tiroteo fue reportado poco despu\u00e9s de las 11:30 p.m. en la cuadra 500 de North 22nd Street, al este de North 25th Street. Al llegar al lugar, los oficiales encontraron al menor con una herida de bala dentro de la residencia.<\/p>\n<p data-start=\"609\" data-end=\"825\">El ni\u00f1o fue trasladado en helic\u00f3ptero al <span class=\"hover:entity-accent entity-underline inline cursor-pointer align-baseline\"><span class=\"whitespace-normal\">St. Mary\u2019s Medical Center<\/span><\/span>, en <span class=\"hover:entity-accent entity-underline inline cursor-pointer align-baseline\"><span class=\"whitespace-normal\">West Palm Beach<\/span><\/span>, donde permanece en condici\u00f3n estable. De acuerdo con las autoridades, se espera que sobrevivan.<\/p>\n<p data-start=\"868\" data-end=\"1117\">La investigaci\u00f3n preliminar indica que personas desconocidas dispararon al menos un arma de fuego contra la casa, la cual estaba ocupada por varias personas, incluido el menor herido. En el exterior de la vivienda eran visibles los impactos de bala.<\/p>\n<p data-start=\"1119\" data-end=\"1315\">Los sospechosos huyeron del lugar antes de la llegada de la polic\u00eda. Hasta el momento no se ha divulgado informaci\u00f3n sobre la descripci\u00f3n de los responsables ni sobre el posible motivo del ataque.<\/p>\n<p data-start=\"1317\" data-end=\"1558\">El caso contin\u00faa bajo investigaci\u00f3n activa. Las autoridades piden a cualquier persona con informaci\u00f3n que se comunique con el Departamento de Polic\u00eda de Fort Pierce al 772-467-6800 o con <span class=\"hover:entity-accent entity-underline inline cursor-pointer align-baseline\"><span class=\"whitespace-normal\">Treasure Coast Crime Stoppers<\/span><\/span> al 800-273-8477.<\/p>\n<p data-start=\"1601\" data-end=\"1690\">Este incidente se suma a otros dos tiroteos ocurridos en la \u00faltima semana en Fort Pierce.<\/p>\n<p data-start=\"1692\" data-end=\"1944\">El domingo temprano, la polic\u00eda respondi\u00f3 a un tiroteo en la intersecci\u00f3n de Avenue M y 24th Street donde muri\u00f3 Anbut Brutus, de 34 a\u00f1os, y otras dos personas resultaron heridas. Las autoridades contin\u00faan solicitando colaboraci\u00f3n ciudadana en ese caso.<\/p>\n<p data-start=\"1946\" data-end=\"2200\">Asimismo, alrededor de las 12:45 a.m. del lunes, la oficina del <span class=\"hover:entity-accent entity-underline inline cursor-pointer align-baseline\"><span class=\"whitespace-normal\">St. Lucie County Sheriff&#8217;s Office<\/span><\/span> respondi\u00f3 a otro tiroteo en la cuadra 3200 de Oleander Avenue, donde un hombre fue asesinado. En ese hecho, un menor de edad se encuentra bajo custodia.<\/p>\n<p data-start=\"2202\" data-end=\"2409\">La creciente ola de violencia ha generado preocupaci\u00f3n entre residentes del \u00e1rea, quienes exigen mayor presencia policial y estrategias contundentes para frenar los hechos armados que afectan a la comunidad.<\/p>\n<p data-start=\"2411\" data-end=\"2549\" data-is-last-node=\"\" data-is-only-node=\"\">Las autoridades reiteran que la cooperaci\u00f3n del p\u00fablico es clave para esclarecer estos casos y llevar a los responsables ante la justicia.<\/p>\n<\/div>\n<\/div>\n<\/div>\n<\/div>\n<div class=\"z-0 flex min-h-[46px] justify-start\"><\/div>\n<\/div>\n<\/div>\n<\/article>\n<\/div>\n<\/div>\n","protected":false},"excerpt":{"rendered":"<p>FORT PIERCE, Florida. \u2014 Un ni\u00f1o de 12 a\u00f1os result\u00f3 herido de bala la noche del viernes cuando disparos impactaron la vivienda donde se encontraba junto a su familia, seg\u00fan inform\u00f3 la polic\u00eda de Fort Pierce. El tiroteo fue reportado poco despu\u00e9s de las 11:30 p.m. en la cuadra 500 de North 22nd Street, al &hellip;<\/p>\n","protected":false},"author":4,"featured_media":14118,"comment_status":"open","ping_status":"open","sticky":false,"template":"","format":"standard","meta":{"om_disable_all_campaigns":false,"_monsterinsights_skip_tracking":false,"_monsterinsights_sitenote_active":false,"_monsterinsights_sitenote_note":"","_monsterinsights_sitenote_category":0,"jetpack_post_was_ever_published":false,"_jetpack_newsletter_access":"","_jetpack_dont_email_post_to_subs":false,"_jetpack_newsletter_tier_id":0,"_jetpack_memberships_contains_paywalled_content":false,"_jetpack_memberships_contains_paid_content":false,"footnotes":""},"categories":[76,47,238,31],"tags":[],"coauthors":[42],"class_list":["post-14117","post","type-post","status-publish","format-standard","has-post-thumbnail","hentry","category-condado-st-lucie-costa-del-tesoro","category-costa-del-tesoro","category-fort-pierce","category-noticias-locales"],"aioseo_notices":[],"image_feature":"https:\/\/atlantikas.com\/palm-beach-costa-del-tesoro\/wp-content\/uploads\/sites\/2\/2026\/02\/a95398b8-679f-476c-8c09-ee7cda694d0f-636669897238867652-0718-YNSL-FPPD-scaled.webp","author_name":"Mirta Luaces","jetpack_featured_media_url":"https:\/\/atlantikas.com\/palm-beach-costa-del-tesoro\/wp-content\/uploads\/sites\/2\/2026\/02\/a95398b8-679f-476c-8c09-ee7cda694d0f-636669897238867652-0718-YNSL-FPPD-scaled.webp","jetpack_sharing_enabled":true,"jetpack-related-posts":[],"_links":{"self":[{"href":"https:\/\/atlantikas.com\/palm-beach-costa-del-tesoro\/wp-json\/wp\/v2\/posts\/14117","targetHints":{"allow":["GET"]}}],"collection":[{"href":"https:\/\/atlantikas.com\/palm-beach-costa-del-tesoro\/wp-json\/wp\/v2\/posts"}],"about":[{"href":"https:\/\/atlantikas.com\/palm-beach-costa-del-tesoro\/wp-json\/wp\/v2\/types\/post"}],"author":[{"embeddable":true,"href":"https:\/\/atlantikas.com\/palm-beach-costa-del-tesoro\/wp-json\/wp\/v2\/users\/4"}],"replies":[{"embeddable":true,"href":"https:\/\/atlantikas.com\/palm-beach-costa-del-tesoro\/wp-json\/wp\/v2\/comments?post=14117"}],"version-history":[{"count":1,"href":"https:\/\/atlantikas.com\/palm-beach-costa-del-tesoro\/wp-json\/wp\/v2\/posts\/14117\/revisions"}],"predecessor-version":[{"id":14119,"href":"https:\/\/atlantikas.com\/palm-beach-costa-del-tesoro\/wp-json\/wp\/v2\/posts\/14117\/revisions\/14119"}],"wp:featuredmedia":[{"embeddable":true,"href":"https:\/\/atlantikas.com\/palm-beach-costa-del-tesoro\/wp-json\/wp\/v2\/media\/14118"}],"wp:attachment":[{"href":"https:\/\/atlantikas.com\/palm-beach-costa-del-tesoro\/wp-json\/wp\/v2\/media?parent=14117"}],"wp:term":[{"taxonomy":"category","embeddable":true,"href":"https:\/\/atlantikas.com\/palm-beach-costa-del-tesoro\/wp-json\/wp\/v2\/categories?post=14117"},{"taxonomy":"post_tag","embeddable":true,"href":"https:\/\/atlantikas.com\/palm-beach-costa-del-tesoro\/wp-json\/wp\/v2\/tags?post=14117"},{"taxonomy":"author","embeddable":true,"href":"https:\/\/atlantikas.com\/palm-beach-costa-del-tesoro\/wp-json\/wp\/v2\/coauthors?post=14117"}],"curies":[{"name":"wp","href":"https:\/\/api.w.org\/{rel}","templated":true}]}}