{"id":13088,"date":"2026-01-05T18:37:13","date_gmt":"2026-01-05T23:37:13","guid":{"rendered":"https:\/\/atlantikas.com\/palm-beach-costa-del-tesoro\/?p=13088"},"modified":"2026-01-05T18:37:13","modified_gmt":"2026-01-05T23:37:13","slug":"capturan-a-sospechoso-de-homicidio-e-incendio-intencional-en-fort-pierce-estaba-profugo-en-filadelfia","status":"publish","type":"post","link":"https:\/\/atlantikas.com\/palm-beach-costa-del-tesoro\/capturan-a-sospechoso-de-homicidio-e-incendio-intencional-en-fort-pierce-estaba-profugo-en-filadelfia\/","title":{"rendered":"Capturan a sospechoso de homicidio e incendio intencional en Fort Pierce; estaba pr\u00f3fugo en Filadelfia"},"content":{"rendered":"<div class=\"mdp-speaker-wrapper\">\n            \n            \n            \n            \n            <div class=\"mdp-speaker-box mdp-speaker-box before-content speaker-wavesurfer\">\n                <div class=\"mdp-speaker-player\"  data-title=\"Capturan a sospechoso de homicidio e incendio intencional en Fort Pierce; estaba pr\u00f3fugo en Filadelfia\" data-author=\"4\" data-thumbnail=\"https:\/\/atlantikas.com\/palm-beach-costa-del-tesoro\/wp-content\/uploads\/sites\/2\/2026\/01\/Copy-of-Template-1200-800-x-500-px-29.png\" data-type=\"speaker-wavesurfer\" data-id=\"13088\" data-src=\"https:\/\/atlantikas.com\/palm-beach-costa-del-tesoro\/wp-content\/uploads\/sites\/2\/speaker\/post-13088.mp3?cb=1767656239.mp3\" data-download=\"1\" data-speeds=\"0.5,0.75,1,1.25,1.5\" data-share=\"\" >\n                    <div class=\"mdp-speaker-wavesurfer-player mdp-speaker-wavesurfer-placeholder\"><\/div>\n                <\/div>\n            <\/div>\n            \n            \n            \n            \n\t\t\t<\/div><div class=\"flex flex-col text-sm pb-25\">\n<article class=\"text-token-text-primary w-full focus:outline-none [--shadow-height:45px] has-data-writing-block:pointer-events-none has-data-writing-block:-mt-(--shadow-height) has-data-writing-block:pt-(--shadow-height) [&amp;:has([data-writing-block])&gt;*]:pointer-events-auto [content-visibility:auto] supports-[content-visibility:auto]:[contain-intrinsic-size:auto_100lvh] scroll-mt-[calc(var(--header-height)+min(200px,max(70px,20svh)))]\" dir=\"auto\" data-turn-id=\"cb2a709c-6ac2-40e1-8bce-fc1efd752d24\" data-testid=\"conversation-turn-2\" data-scroll-anchor=\"true\" data-turn=\"assistant\">\n<div class=\"text-base my-auto mx-auto pb-10 [--thread-content-margin:--spacing(4)] @w-sm\/main:[--thread-content-margin:--spacing(6)] @w-lg\/main:[--thread-content-margin:--spacing(16)] px-(--thread-content-margin)\">\n<div class=\"[--thread-content-max-width:40rem] @w-lg\/main:[--thread-content-max-width:48rem] mx-auto max-w-(--thread-content-max-width) flex-1 group\/turn-messages focus-visible:outline-hidden relative flex w-full min-w-0 flex-col agent-turn\">\n<div class=\"flex max-w-full flex-col grow\">\n<div class=\"min-h-8 text-message relative flex w-full flex-col items-end gap-2 text-start break-words whitespace-normal [.text-message+&amp;]:mt-1\" dir=\"auto\" data-message-author-role=\"assistant\" data-message-id=\"4c041fed-8bb9-43ea-a6c7-dde66856e58a\" data-message-model-slug=\"gpt-5-2\">\n<div class=\"flex w-full flex-col gap-1 empty:hidden first:pt-[1px]\">\n<div class=\"markdown prose dark:prose-invert w-full break-words light markdown-new-styling\">\n<p data-start=\"322\" data-end=\"521\"><strong data-start=\"322\" data-end=\"347\">FORT PIERCE, Florida.<\/strong> \u2014 La Oficina del Sheriff del Condado de St. Lucie (SLCSO por sus siglas en ingl\u00e9s) inform\u00f3 este lunes que un hombre vinculado a un homicidio ocurrido el a\u00f1o pasado en Fort Pierce se encuentra bajo custodia.<\/p>\n<p data-start=\"523\" data-end=\"843\">Se trata de <strong data-start=\"535\" data-end=\"558\">Arkel Tymere Garcia<\/strong>, de 31 a\u00f1os, quien fue detenido por el Departamento de Polic\u00eda de Filadelfia, seg\u00fan confirmaron las autoridades. Los investigadores creen que Garc\u00eda est\u00e1 relacionado con el homicidio ocurrido el <strong data-start=\"754\" data-end=\"781\">28 de noviembre de 2025<\/strong> en una vivienda ubicada en el <strong data-start=\"812\" data-end=\"842\">604 de South Market Avenue<\/strong>.<\/p>\n<p data-start=\"845\" data-end=\"1151\">De acuerdo con el sheriff, la evidencia encontrada en la escena vincula a Garc\u00eda con la muerte de <strong data-start=\"943\" data-end=\"961\">Antwan Daniels<\/strong>, quien falleci\u00f3 a causa de <strong data-start=\"989\" data-end=\"1037\">traumatismo contundente e inhalaci\u00f3n de humo<\/strong>. Las autoridades sostienen que la vivienda de la v\u00edctima fue <strong data-start=\"1099\" data-end=\"1135\">incendiada de manera intencional<\/strong> tras el ataque.<\/p>\n<p data-start=\"1153\" data-end=\"1358\">Adem\u00e1s del caso en Florida, Garc\u00eda es <strong data-start=\"1191\" data-end=\"1235\">buscado en Filadelfia por otro homicidio<\/strong> y enfrenta una <strong data-start=\"1251\" data-end=\"1288\">violaci\u00f3n de libertad condicional<\/strong>, relacionada con su liberaci\u00f3n de una prisi\u00f3n en Pensilvania en 2024.<\/p>\n<p data-start=\"1360\" data-end=\"1552\" data-is-last-node=\"\" data-is-only-node=\"\">Las autoridades no han ofrecido detalles sobre una posible extradici\u00f3n, pero indicaron que contin\u00faan coordinando acciones con las agencias correspondientes mientras avanza el proceso judicial.<\/p>\n<\/div>\n<\/div>\n<\/div>\n<\/div>\n<div class=\"z-0 flex min-h-[46px] justify-start\"><\/div>\n<div class=\"mt-3 w-full empty:hidden\">\n<div class=\"text-center\"><\/div>\n<\/div>\n<\/div>\n<\/div>\n<\/article>\n<\/div>\n<div class=\"pointer-events-none h-px w-px absolute bottom-0\" aria-hidden=\"true\" data-edge=\"true\"><\/div>\n","protected":false},"excerpt":{"rendered":"<p>FORT PIERCE, Florida. \u2014 La Oficina del Sheriff del Condado de St. Lucie (SLCSO por sus siglas en ingl\u00e9s) inform\u00f3 este lunes que un hombre vinculado a un homicidio ocurrido el a\u00f1o pasado en Fort Pierce se encuentra bajo custodia. Se trata de Arkel Tymere Garcia, de 31 a\u00f1os, quien fue detenido por el Departamento &hellip;<\/p>\n","protected":false},"author":4,"featured_media":13089,"comment_status":"open","ping_status":"open","sticky":false,"template":"","format":"standard","meta":{"om_disable_all_campaigns":false,"_monsterinsights_skip_tracking":false,"_jetpack_newsletter_access":"","_jetpack_dont_email_post_to_subs":false,"_jetpack_newsletter_tier_id":0,"_jetpack_memberships_contains_paywalled_content":false,"_jetpack_feature_clip_id":0,"_jetpack_memberships_contains_paid_content":false,"footnotes":"","jetpack_post_was_ever_published":false},"categories":[76,47,238,31],"tags":[],"coauthors":[42],"class_list":["post-13088","post","type-post","status-publish","format-standard","has-post-thumbnail","hentry","category-condado-st-lucie-costa-del-tesoro","category-costa-del-tesoro","category-fort-pierce","category-noticias-locales"],"aioseo_notices":[],"aioseo_head":"\n\t\t<!-- All in One SEO 5.0.0.1 - aioseo.com -->\n\t<meta name=\"description\" content=\"FORT PIERCE, Florida. \u2014 La Oficina del Sheriff del Condado de St. Lucie (SLCSO por sus siglas en ingl\u00e9s) inform\u00f3 este lunes que un hombre vinculado a un homicidio ocurrido el a\u00f1o pasado en Fort Pierce se encuentra bajo custodia. Se trata de Arkel Tymere Garcia, de 31 a\u00f1os, quien fue detenido por el Departamento\" \/>\n\t<meta name=\"robots\" content=\"max-image-preview:large\" \/>\n\t<meta name=\"author\" content=\"Mirta Luaces\"\/>\n\t<link rel=\"canonical\" href=\"https:\/\/atlantikas.com\/palm-beach-costa-del-tesoro\/capturan-a-sospechoso-de-homicidio-e-incendio-intencional-en-fort-pierce-estaba-profugo-en-filadelfia\/\" \/>\n\t<meta name=\"generator\" content=\"All in One SEO (AIOSEO) 5.0.0.1\" \/>\n\t\t<meta property=\"og:locale\" content=\"es_ES\" \/>\n\t\t<meta property=\"og:site_name\" content=\"Atl\u00e1ntikas Noticias en Espa\u00f1ol Condados Palm Beach y la Costa del Tesoro - Noticias en Espa\u00f1ol | Condados Palm Beach y la Costa del Tesoro\" \/>\n\t\t<meta property=\"og:type\" content=\"article\" \/>\n\t\t<meta property=\"og:title\" content=\"Capturan a sospechoso de homicidio e incendio intencional en Fort Pierce; estaba pr\u00f3fugo en Filadelfia - Atl\u00e1ntikas Noticias en Espa\u00f1ol Condados Palm Beach y la Costa del Tesoro\" \/>\n\t\t<meta property=\"og:description\" content=\"FORT PIERCE, Florida. \u2014 La Oficina del Sheriff del Condado de St. Lucie (SLCSO por sus siglas en ingl\u00e9s) inform\u00f3 este lunes que un hombre vinculado a un homicidio ocurrido el a\u00f1o pasado en Fort Pierce se encuentra bajo custodia. Se trata de Arkel Tymere Garcia, de 31 a\u00f1os, quien fue detenido por el Departamento\" \/>\n\t\t<meta property=\"og:url\" content=\"https:\/\/atlantikas.com\/palm-beach-costa-del-tesoro\/capturan-a-sospechoso-de-homicidio-e-incendio-intencional-en-fort-pierce-estaba-profugo-en-filadelfia\/\" \/>\n\t\t<meta property=\"og:image\" content=\"https:\/\/atlantikas.com\/palm-beach-costa-del-tesoro\/wp-content\/uploads\/sites\/2\/2026\/01\/Copy-of-Template-1200-800-x-500-px-29.png\" \/>\n\t\t<meta property=\"og:image:secure_url\" content=\"https:\/\/atlantikas.com\/palm-beach-costa-del-tesoro\/wp-content\/uploads\/sites\/2\/2026\/01\/Copy-of-Template-1200-800-x-500-px-29.png\" \/>\n\t\t<meta property=\"og:image:width\" content=\"800\" \/>\n\t\t<meta property=\"og:image:height\" content=\"500\" \/>\n\t\t<meta property=\"article:published_time\" content=\"2026-01-05T23:37:13+00:00\" \/>\n\t\t<meta property=\"article:modified_time\" content=\"2026-01-05T23:37:13+00:00\" \/>\n\t\t<meta property=\"article:publisher\" content=\"https:\/\/www.facebook.com\/NoticiasAtlantikas\/\" \/>\n\t\t<meta name=\"twitter:card\" content=\"summary_large_image\" \/>\n\t\t<meta name=\"twitter:site\" content=\"@atlantikasnoti\" \/>\n\t\t<meta name=\"twitter:title\" content=\"Capturan a sospechoso de homicidio e incendio intencional en Fort Pierce; estaba pr\u00f3fugo en Filadelfia - Atl\u00e1ntikas Noticias en Espa\u00f1ol Condados Palm Beach y la Costa del Tesoro\" \/>\n\t\t<meta name=\"twitter:description\" content=\"FORT PIERCE, Florida. \u2014 La Oficina del Sheriff del Condado de St. Lucie (SLCSO por sus siglas en ingl\u00e9s) inform\u00f3 este lunes que un hombre vinculado a un homicidio ocurrido el a\u00f1o pasado en Fort Pierce se encuentra bajo custodia. Se trata de Arkel Tymere Garcia, de 31 a\u00f1os, quien fue detenido por el Departamento\" \/>\n\t\t<meta name=\"twitter:creator\" content=\"@atlantikasnoti\" \/>\n\t\t<meta name=\"twitter:image\" content=\"https:\/\/atlantikas.com\/palm-beach-costa-del-tesoro\/wp-content\/uploads\/sites\/2\/2026\/01\/Copy-of-Template-1200-800-x-500-px-29.png\" \/>\n\t\t<script type=\"application\/ld+json\" class=\"aioseo-schema\">\n\t\t\t{\"@context\":\"https:\\\/\\\/schema.org\",\"@graph\":[{\"@type\":\"BlogPosting\",\"@id\":\"https:\\\/\\\/atlantikas.com\\\/palm-beach-costa-del-tesoro\\\/capturan-a-sospechoso-de-homicidio-e-incendio-intencional-en-fort-pierce-estaba-profugo-en-filadelfia\\\/#blogposting\",\"name\":\"Capturan a sospechoso de homicidio e incendio intencional en Fort Pierce; estaba pr\\u00f3fugo en Filadelfia - Atl\\u00e1ntikas Noticias en Espa\\u00f1ol Condados Palm Beach y la Costa del Tesoro\",\"headline\":\"Capturan a sospechoso de homicidio e incendio intencional en Fort Pierce; estaba pr\\u00f3fugo en Filadelfia\",\"author\":{\"@id\":\"https:\\\/\\\/atlantikas.com\\\/palm-beach-costa-del-tesoro\\\/author\\\/mirtaluacesreportera\\\/#author\"},\"publisher\":{\"@id\":\"https:\\\/\\\/atlantikas.com\\\/palm-beach-costa-del-tesoro\\\/#organization\"},\"image\":{\"@type\":\"ImageObject\",\"url\":\"https:\\\/\\\/atlantikas.com\\\/palm-beach-costa-del-tesoro\\\/wp-content\\\/uploads\\\/sites\\\/2\\\/2026\\\/01\\\/Copy-of-Template-1200-800-x-500-px-29.png\",\"width\":800,\"height\":500},\"datePublished\":\"2026-01-05T18:37:13-05:00\",\"dateModified\":\"2026-01-05T18:37:13-05:00\",\"inLanguage\":\"es-ES\",\"mainEntityOfPage\":{\"@id\":\"https:\\\/\\\/atlantikas.com\\\/palm-beach-costa-del-tesoro\\\/capturan-a-sospechoso-de-homicidio-e-incendio-intencional-en-fort-pierce-estaba-profugo-en-filadelfia\\\/#webpage\"},\"isPartOf\":{\"@id\":\"https:\\\/\\\/atlantikas.com\\\/palm-beach-costa-del-tesoro\\\/capturan-a-sospechoso-de-homicidio-e-incendio-intencional-en-fort-pierce-estaba-profugo-en-filadelfia\\\/#webpage\"},\"articleSection\":\"Condado St. Lucie, Costa del Tesoro, Fort Pierce, Noticias Locales, mirtaluacesreportera\"},{\"@type\":\"BreadcrumbList\",\"@id\":\"https:\\\/\\\/atlantikas.com\\\/palm-beach-costa-del-tesoro\\\/capturan-a-sospechoso-de-homicidio-e-incendio-intencional-en-fort-pierce-estaba-profugo-en-filadelfia\\\/#breadcrumblist\",\"itemListElement\":[{\"@type\":\"ListItem\",\"@id\":\"https:\\\/\\\/atlantikas.com\\\/palm-beach-costa-del-tesoro#listItem\",\"position\":1,\"name\":\"Home\",\"item\":\"https:\\\/\\\/atlantikas.com\\\/palm-beach-costa-del-tesoro\",\"nextItem\":{\"@type\":\"ListItem\",\"@id\":\"https:\\\/\\\/atlantikas.com\\\/palm-beach-costa-del-tesoro\\\/categoria\\\/noticias-locales\\\/#listItem\",\"name\":\"Noticias Locales\"}},{\"@type\":\"ListItem\",\"@id\":\"https:\\\/\\\/atlantikas.com\\\/palm-beach-costa-del-tesoro\\\/categoria\\\/noticias-locales\\\/#listItem\",\"position\":2,\"name\":\"Noticias Locales\",\"item\":\"https:\\\/\\\/atlantikas.com\\\/palm-beach-costa-del-tesoro\\\/categoria\\\/noticias-locales\\\/\",\"nextItem\":{\"@type\":\"ListItem\",\"@id\":\"https:\\\/\\\/atlantikas.com\\\/palm-beach-costa-del-tesoro\\\/categoria\\\/noticias-locales\\\/costa-del-tesoro\\\/#listItem\",\"name\":\"Costa del Tesoro\"},\"previousItem\":{\"@type\":\"ListItem\",\"@id\":\"https:\\\/\\\/atlantikas.com\\\/palm-beach-costa-del-tesoro#listItem\",\"name\":\"Home\"}},{\"@type\":\"ListItem\",\"@id\":\"https:\\\/\\\/atlantikas.com\\\/palm-beach-costa-del-tesoro\\\/categoria\\\/noticias-locales\\\/costa-del-tesoro\\\/#listItem\",\"position\":3,\"name\":\"Costa del Tesoro\",\"item\":\"https:\\\/\\\/atlantikas.com\\\/palm-beach-costa-del-tesoro\\\/categoria\\\/noticias-locales\\\/costa-del-tesoro\\\/\",\"nextItem\":{\"@type\":\"ListItem\",\"@id\":\"https:\\\/\\\/atlantikas.com\\\/palm-beach-costa-del-tesoro\\\/categoria\\\/noticias-locales\\\/costa-del-tesoro\\\/condado-st-lucie-costa-del-tesoro\\\/#listItem\",\"name\":\"Condado St. Lucie\"},\"previousItem\":{\"@type\":\"ListItem\",\"@id\":\"https:\\\/\\\/atlantikas.com\\\/palm-beach-costa-del-tesoro\\\/categoria\\\/noticias-locales\\\/#listItem\",\"name\":\"Noticias Locales\"}},{\"@type\":\"ListItem\",\"@id\":\"https:\\\/\\\/atlantikas.com\\\/palm-beach-costa-del-tesoro\\\/categoria\\\/noticias-locales\\\/costa-del-tesoro\\\/condado-st-lucie-costa-del-tesoro\\\/#listItem\",\"position\":4,\"name\":\"Condado St. Lucie\",\"item\":\"https:\\\/\\\/atlantikas.com\\\/palm-beach-costa-del-tesoro\\\/categoria\\\/noticias-locales\\\/costa-del-tesoro\\\/condado-st-lucie-costa-del-tesoro\\\/\",\"nextItem\":{\"@type\":\"ListItem\",\"@id\":\"https:\\\/\\\/atlantikas.com\\\/palm-beach-costa-del-tesoro\\\/categoria\\\/noticias-locales\\\/costa-del-tesoro\\\/condado-st-lucie-costa-del-tesoro\\\/fort-pierce\\\/#listItem\",\"name\":\"Fort Pierce\"},\"previousItem\":{\"@type\":\"ListItem\",\"@id\":\"https:\\\/\\\/atlantikas.com\\\/palm-beach-costa-del-tesoro\\\/categoria\\\/noticias-locales\\\/costa-del-tesoro\\\/#listItem\",\"name\":\"Costa del Tesoro\"}},{\"@type\":\"ListItem\",\"@id\":\"https:\\\/\\\/atlantikas.com\\\/palm-beach-costa-del-tesoro\\\/categoria\\\/noticias-locales\\\/costa-del-tesoro\\\/condado-st-lucie-costa-del-tesoro\\\/fort-pierce\\\/#listItem\",\"position\":5,\"name\":\"Fort Pierce\",\"item\":\"https:\\\/\\\/atlantikas.com\\\/palm-beach-costa-del-tesoro\\\/categoria\\\/noticias-locales\\\/costa-del-tesoro\\\/condado-st-lucie-costa-del-tesoro\\\/fort-pierce\\\/\",\"nextItem\":{\"@type\":\"ListItem\",\"@id\":\"https:\\\/\\\/atlantikas.com\\\/palm-beach-costa-del-tesoro\\\/capturan-a-sospechoso-de-homicidio-e-incendio-intencional-en-fort-pierce-estaba-profugo-en-filadelfia\\\/#listItem\",\"name\":\"Capturan a sospechoso de homicidio e incendio intencional en Fort Pierce; estaba pr\\u00f3fugo en Filadelfia\"},\"previousItem\":{\"@type\":\"ListItem\",\"@id\":\"https:\\\/\\\/atlantikas.com\\\/palm-beach-costa-del-tesoro\\\/categoria\\\/noticias-locales\\\/costa-del-tesoro\\\/condado-st-lucie-costa-del-tesoro\\\/#listItem\",\"name\":\"Condado St. Lucie\"}},{\"@type\":\"ListItem\",\"@id\":\"https:\\\/\\\/atlantikas.com\\\/palm-beach-costa-del-tesoro\\\/capturan-a-sospechoso-de-homicidio-e-incendio-intencional-en-fort-pierce-estaba-profugo-en-filadelfia\\\/#listItem\",\"position\":6,\"name\":\"Capturan a sospechoso de homicidio e incendio intencional en Fort Pierce; estaba pr\\u00f3fugo en Filadelfia\",\"previousItem\":{\"@type\":\"ListItem\",\"@id\":\"https:\\\/\\\/atlantikas.com\\\/palm-beach-costa-del-tesoro\\\/categoria\\\/noticias-locales\\\/costa-del-tesoro\\\/condado-st-lucie-costa-del-tesoro\\\/fort-pierce\\\/#listItem\",\"name\":\"Fort Pierce\"}}]},{\"@type\":\"Organization\",\"@id\":\"https:\\\/\\\/atlantikas.com\\\/palm-beach-costa-del-tesoro\\\/#organization\",\"name\":\"Atl\\u00e1ntikas Noticias en Espa\\u00f1ol Condados Palm Beach y la Costa del Tesoro\",\"description\":\"Noticias en Espa\\u00f1ol | Condados Palm Beach y la Costa del Tesoro\",\"url\":\"https:\\\/\\\/atlantikas.com\\\/palm-beach-costa-del-tesoro\\\/\",\"email\":\"info@atlantikas.com\",\"telephone\":\"+15613049509\",\"foundingDate\":\"2023-08-26\",\"logo\":{\"@type\":\"ImageObject\",\"url\":\"https:\\\/\\\/atlantikas.com\\\/palm-beach-costa-del-tesoro\\\/wp-content\\\/uploads\\\/sites\\\/2\\\/2023\\\/06\\\/Atlantikas-Palm-Beach-Costa-del-Tesoro-Logo-Web-1.png\",\"@id\":\"https:\\\/\\\/atlantikas.com\\\/palm-beach-costa-del-tesoro\\\/capturan-a-sospechoso-de-homicidio-e-incendio-intencional-en-fort-pierce-estaba-profugo-en-filadelfia\\\/#organizationLogo\",\"width\":1000,\"height\":375},\"image\":{\"@id\":\"https:\\\/\\\/atlantikas.com\\\/palm-beach-costa-del-tesoro\\\/capturan-a-sospechoso-de-homicidio-e-incendio-intencional-en-fort-pierce-estaba-profugo-en-filadelfia\\\/#organizationLogo\"},\"sameAs\":[\"https:\\\/\\\/www.facebook.com\\\/NoticiasAtlantikas\\\/\",\"https:\\\/\\\/twitter.com\\\/atlantikasnoti\",\"https:\\\/\\\/www.instagram.com\\\/noticiasatlantikas\\\/\",\"https:\\\/\\\/www.youtube.com\\\/@Atlantikas-vn9dw\\\/channels\",\"https:\\\/\\\/www.linkedin.com\\\/company\\\/atlantikas\\\/\"]},{\"@type\":\"Person\",\"@id\":\"https:\\\/\\\/atlantikas.com\\\/palm-beach-costa-del-tesoro\\\/author\\\/mirtaluacesreportera\\\/#author\",\"url\":\"https:\\\/\\\/atlantikas.com\\\/palm-beach-costa-del-tesoro\\\/author\\\/mirtaluacesreportera\\\/\",\"name\":\"Mirta Luaces\",\"image\":{\"@type\":\"ImageObject\",\"@id\":\"https:\\\/\\\/atlantikas.com\\\/palm-beach-costa-del-tesoro\\\/capturan-a-sospechoso-de-homicidio-e-incendio-intencional-en-fort-pierce-estaba-profugo-en-filadelfia\\\/#authorImage\",\"url\":\"https:\\\/\\\/atlantikas.com\\\/palm-beach-costa-del-tesoro\\\/wp-content\\\/uploads\\\/sites\\\/2\\\/2023\\\/11\\\/Mirta-Luaces-Atlantikas-Reporter-web-150x150.png\",\"width\":96,\"height\":96,\"caption\":\"Mirta Luaces\"},\"sameAs\":[\"|\",\"mailto:mluaces@atlantikas.com\",\"|\"]},{\"@type\":\"WebPage\",\"@id\":\"https:\\\/\\\/atlantikas.com\\\/palm-beach-costa-del-tesoro\\\/capturan-a-sospechoso-de-homicidio-e-incendio-intencional-en-fort-pierce-estaba-profugo-en-filadelfia\\\/#webpage\",\"url\":\"https:\\\/\\\/atlantikas.com\\\/palm-beach-costa-del-tesoro\\\/capturan-a-sospechoso-de-homicidio-e-incendio-intencional-en-fort-pierce-estaba-profugo-en-filadelfia\\\/\",\"name\":\"Capturan a sospechoso de homicidio e incendio intencional en Fort Pierce; estaba pr\\u00f3fugo en Filadelfia - Atl\\u00e1ntikas Noticias en Espa\\u00f1ol Condados Palm Beach y la Costa del Tesoro\",\"description\":\"FORT PIERCE, Florida. \\u2014 La Oficina del Sheriff del Condado de St. Lucie (SLCSO por sus siglas en ingl\\u00e9s) inform\\u00f3 este lunes que un hombre vinculado a un homicidio ocurrido el a\\u00f1o pasado en Fort Pierce se encuentra bajo custodia. Se trata de Arkel Tymere Garcia, de 31 a\\u00f1os, quien fue detenido por el Departamento\",\"inLanguage\":\"es-ES\",\"isPartOf\":{\"@id\":\"https:\\\/\\\/atlantikas.com\\\/palm-beach-costa-del-tesoro\\\/#website\"},\"breadcrumb\":{\"@id\":\"https:\\\/\\\/atlantikas.com\\\/palm-beach-costa-del-tesoro\\\/capturan-a-sospechoso-de-homicidio-e-incendio-intencional-en-fort-pierce-estaba-profugo-en-filadelfia\\\/#breadcrumblist\"},\"author\":{\"@id\":\"https:\\\/\\\/atlantikas.com\\\/palm-beach-costa-del-tesoro\\\/author\\\/mirtaluacesreportera\\\/#author\"},\"creator\":{\"@id\":\"https:\\\/\\\/atlantikas.com\\\/palm-beach-costa-del-tesoro\\\/author\\\/mirtaluacesreportera\\\/#author\"},\"image\":{\"@type\":\"ImageObject\",\"url\":\"https:\\\/\\\/atlantikas.com\\\/palm-beach-costa-del-tesoro\\\/wp-content\\\/uploads\\\/sites\\\/2\\\/2026\\\/01\\\/Copy-of-Template-1200-800-x-500-px-29.png\",\"@id\":\"https:\\\/\\\/atlantikas.com\\\/palm-beach-costa-del-tesoro\\\/capturan-a-sospechoso-de-homicidio-e-incendio-intencional-en-fort-pierce-estaba-profugo-en-filadelfia\\\/#mainImage\",\"width\":800,\"height\":500},\"primaryImageOfPage\":{\"@id\":\"https:\\\/\\\/atlantikas.com\\\/palm-beach-costa-del-tesoro\\\/capturan-a-sospechoso-de-homicidio-e-incendio-intencional-en-fort-pierce-estaba-profugo-en-filadelfia\\\/#mainImage\"},\"datePublished\":\"2026-01-05T18:37:13-05:00\",\"dateModified\":\"2026-01-05T18:37:13-05:00\"},{\"@type\":\"WebSite\",\"@id\":\"https:\\\/\\\/atlantikas.com\\\/palm-beach-costa-del-tesoro\\\/#website\",\"url\":\"https:\\\/\\\/atlantikas.com\\\/palm-beach-costa-del-tesoro\\\/\",\"name\":\"Atl\\u00e1ntikas Noticias en Espa\\u00f1ol Condados Palm Beach y la Costa del Tesoro\",\"alternateName\":\"Atlantikas News\",\"description\":\"Noticias en Espa\\u00f1ol | Condados Palm Beach y la Costa del Tesoro\",\"inLanguage\":\"es-ES\",\"publisher\":{\"@id\":\"https:\\\/\\\/atlantikas.com\\\/palm-beach-costa-del-tesoro\\\/#organization\"}}]}\n\t\t<\/script>\n\t\t<!-- All in One SEO -->\n\n","aioseo_head_json":{"title":"Capturan a sospechoso de homicidio e incendio intencional en Fort Pierce; estaba pr\u00f3fugo en Filadelfia - Atl\u00e1ntikas Noticias en Espa\u00f1ol Condados Palm Beach y la Costa del Tesoro","description":"FORT PIERCE, Florida. \u2014 La Oficina del Sheriff del Condado de St. Lucie (SLCSO por sus siglas en ingl\u00e9s) inform\u00f3 este lunes que un hombre vinculado a un homicidio ocurrido el a\u00f1o pasado en Fort Pierce se encuentra bajo custodia. Se trata de Arkel Tymere Garcia, de 31 a\u00f1os, quien fue detenido por el Departamento","canonical_url":"https:\/\/atlantikas.com\/palm-beach-costa-del-tesoro\/capturan-a-sospechoso-de-homicidio-e-incendio-intencional-en-fort-pierce-estaba-profugo-en-filadelfia\/","robots":"max-image-preview:large","keywords":"","webmasterTools":{"miscellaneous":""},"schema":{"@context":"https:\/\/schema.org","@graph":[{"@type":"BlogPosting","@id":"https:\/\/atlantikas.com\/palm-beach-costa-del-tesoro\/capturan-a-sospechoso-de-homicidio-e-incendio-intencional-en-fort-pierce-estaba-profugo-en-filadelfia\/#blogposting","name":"Capturan a sospechoso de homicidio e incendio intencional en Fort Pierce; estaba pr\u00f3fugo en Filadelfia - Atl\u00e1ntikas Noticias en Espa\u00f1ol Condados Palm Beach y la Costa del Tesoro","headline":"Capturan a sospechoso de homicidio e incendio intencional en Fort Pierce; estaba pr\u00f3fugo en Filadelfia","author":{"@id":"https:\/\/atlantikas.com\/palm-beach-costa-del-tesoro\/author\/mirtaluacesreportera\/#author"},"publisher":{"@id":"https:\/\/atlantikas.com\/palm-beach-costa-del-tesoro\/#organization"},"image":{"@type":"ImageObject","url":"https:\/\/atlantikas.com\/palm-beach-costa-del-tesoro\/wp-content\/uploads\/sites\/2\/2026\/01\/Copy-of-Template-1200-800-x-500-px-29.png","width":800,"height":500},"datePublished":"2026-01-05T18:37:13-05:00","dateModified":"2026-01-05T18:37:13-05:00","inLanguage":"es-ES","mainEntityOfPage":{"@id":"https:\/\/atlantikas.com\/palm-beach-costa-del-tesoro\/capturan-a-sospechoso-de-homicidio-e-incendio-intencional-en-fort-pierce-estaba-profugo-en-filadelfia\/#webpage"},"isPartOf":{"@id":"https:\/\/atlantikas.com\/palm-beach-costa-del-tesoro\/capturan-a-sospechoso-de-homicidio-e-incendio-intencional-en-fort-pierce-estaba-profugo-en-filadelfia\/#webpage"},"articleSection":"Condado St. Lucie, Costa del Tesoro, Fort Pierce, Noticias Locales, mirtaluacesreportera"},{"@type":"BreadcrumbList","@id":"https:\/\/atlantikas.com\/palm-beach-costa-del-tesoro\/capturan-a-sospechoso-de-homicidio-e-incendio-intencional-en-fort-pierce-estaba-profugo-en-filadelfia\/#breadcrumblist","itemListElement":[{"@type":"ListItem","@id":"https:\/\/atlantikas.com\/palm-beach-costa-del-tesoro#listItem","position":1,"name":"Home","item":"https:\/\/atlantikas.com\/palm-beach-costa-del-tesoro","nextItem":{"@type":"ListItem","@id":"https:\/\/atlantikas.com\/palm-beach-costa-del-tesoro\/categoria\/noticias-locales\/#listItem","name":"Noticias Locales"}},{"@type":"ListItem","@id":"https:\/\/atlantikas.com\/palm-beach-costa-del-tesoro\/categoria\/noticias-locales\/#listItem","position":2,"name":"Noticias Locales","item":"https:\/\/atlantikas.com\/palm-beach-costa-del-tesoro\/categoria\/noticias-locales\/","nextItem":{"@type":"ListItem","@id":"https:\/\/atlantikas.com\/palm-beach-costa-del-tesoro\/categoria\/noticias-locales\/costa-del-tesoro\/#listItem","name":"Costa del Tesoro"},"previousItem":{"@type":"ListItem","@id":"https:\/\/atlantikas.com\/palm-beach-costa-del-tesoro#listItem","name":"Home"}},{"@type":"ListItem","@id":"https:\/\/atlantikas.com\/palm-beach-costa-del-tesoro\/categoria\/noticias-locales\/costa-del-tesoro\/#listItem","position":3,"name":"Costa del Tesoro","item":"https:\/\/atlantikas.com\/palm-beach-costa-del-tesoro\/categoria\/noticias-locales\/costa-del-tesoro\/","nextItem":{"@type":"ListItem","@id":"https:\/\/atlantikas.com\/palm-beach-costa-del-tesoro\/categoria\/noticias-locales\/costa-del-tesoro\/condado-st-lucie-costa-del-tesoro\/#listItem","name":"Condado St. Lucie"},"previousItem":{"@type":"ListItem","@id":"https:\/\/atlantikas.com\/palm-beach-costa-del-tesoro\/categoria\/noticias-locales\/#listItem","name":"Noticias Locales"}},{"@type":"ListItem","@id":"https:\/\/atlantikas.com\/palm-beach-costa-del-tesoro\/categoria\/noticias-locales\/costa-del-tesoro\/condado-st-lucie-costa-del-tesoro\/#listItem","position":4,"name":"Condado St. Lucie","item":"https:\/\/atlantikas.com\/palm-beach-costa-del-tesoro\/categoria\/noticias-locales\/costa-del-tesoro\/condado-st-lucie-costa-del-tesoro\/","nextItem":{"@type":"ListItem","@id":"https:\/\/atlantikas.com\/palm-beach-costa-del-tesoro\/categoria\/noticias-locales\/costa-del-tesoro\/condado-st-lucie-costa-del-tesoro\/fort-pierce\/#listItem","name":"Fort Pierce"},"previousItem":{"@type":"ListItem","@id":"https:\/\/atlantikas.com\/palm-beach-costa-del-tesoro\/categoria\/noticias-locales\/costa-del-tesoro\/#listItem","name":"Costa del Tesoro"}},{"@type":"ListItem","@id":"https:\/\/atlantikas.com\/palm-beach-costa-del-tesoro\/categoria\/noticias-locales\/costa-del-tesoro\/condado-st-lucie-costa-del-tesoro\/fort-pierce\/#listItem","position":5,"name":"Fort Pierce","item":"https:\/\/atlantikas.com\/palm-beach-costa-del-tesoro\/categoria\/noticias-locales\/costa-del-tesoro\/condado-st-lucie-costa-del-tesoro\/fort-pierce\/","nextItem":{"@type":"ListItem","@id":"https:\/\/atlantikas.com\/palm-beach-costa-del-tesoro\/capturan-a-sospechoso-de-homicidio-e-incendio-intencional-en-fort-pierce-estaba-profugo-en-filadelfia\/#listItem","name":"Capturan a sospechoso de homicidio e incendio intencional en Fort Pierce; estaba pr\u00f3fugo en Filadelfia"},"previousItem":{"@type":"ListItem","@id":"https:\/\/atlantikas.com\/palm-beach-costa-del-tesoro\/categoria\/noticias-locales\/costa-del-tesoro\/condado-st-lucie-costa-del-tesoro\/#listItem","name":"Condado St. Lucie"}},{"@type":"ListItem","@id":"https:\/\/atlantikas.com\/palm-beach-costa-del-tesoro\/capturan-a-sospechoso-de-homicidio-e-incendio-intencional-en-fort-pierce-estaba-profugo-en-filadelfia\/#listItem","position":6,"name":"Capturan a sospechoso de homicidio e incendio intencional en Fort Pierce; estaba pr\u00f3fugo en Filadelfia","previousItem":{"@type":"ListItem","@id":"https:\/\/atlantikas.com\/palm-beach-costa-del-tesoro\/categoria\/noticias-locales\/costa-del-tesoro\/condado-st-lucie-costa-del-tesoro\/fort-pierce\/#listItem","name":"Fort Pierce"}}]},{"@type":"Organization","@id":"https:\/\/atlantikas.com\/palm-beach-costa-del-tesoro\/#organization","name":"Atl\u00e1ntikas Noticias en Espa\u00f1ol Condados Palm Beach y la Costa del Tesoro","description":"Noticias en Espa\u00f1ol | Condados Palm Beach y la Costa del Tesoro","url":"https:\/\/atlantikas.com\/palm-beach-costa-del-tesoro\/","email":"info@atlantikas.com","telephone":"+15613049509","foundingDate":"2023-08-26","logo":{"@type":"ImageObject","url":"https:\/\/atlantikas.com\/palm-beach-costa-del-tesoro\/wp-content\/uploads\/sites\/2\/2023\/06\/Atlantikas-Palm-Beach-Costa-del-Tesoro-Logo-Web-1.png","@id":"https:\/\/atlantikas.com\/palm-beach-costa-del-tesoro\/capturan-a-sospechoso-de-homicidio-e-incendio-intencional-en-fort-pierce-estaba-profugo-en-filadelfia\/#organizationLogo","width":1000,"height":375},"image":{"@id":"https:\/\/atlantikas.com\/palm-beach-costa-del-tesoro\/capturan-a-sospechoso-de-homicidio-e-incendio-intencional-en-fort-pierce-estaba-profugo-en-filadelfia\/#organizationLogo"},"sameAs":["https:\/\/www.facebook.com\/NoticiasAtlantikas\/","https:\/\/twitter.com\/atlantikasnoti","https:\/\/www.instagram.com\/noticiasatlantikas\/","https:\/\/www.youtube.com\/@Atlantikas-vn9dw\/channels","https:\/\/www.linkedin.com\/company\/atlantikas\/"]},{"@type":"Person","@id":"https:\/\/atlantikas.com\/palm-beach-costa-del-tesoro\/author\/mirtaluacesreportera\/#author","url":"https:\/\/atlantikas.com\/palm-beach-costa-del-tesoro\/author\/mirtaluacesreportera\/","name":"Mirta Luaces","image":{"@type":"ImageObject","@id":"https:\/\/atlantikas.com\/palm-beach-costa-del-tesoro\/capturan-a-sospechoso-de-homicidio-e-incendio-intencional-en-fort-pierce-estaba-profugo-en-filadelfia\/#authorImage","url":"https:\/\/atlantikas.com\/palm-beach-costa-del-tesoro\/wp-content\/uploads\/sites\/2\/2023\/11\/Mirta-Luaces-Atlantikas-Reporter-web-150x150.png","width":96,"height":96,"caption":"Mirta Luaces"},"sameAs":["|","mailto:mluaces@atlantikas.com","|"]},{"@type":"WebPage","@id":"https:\/\/atlantikas.com\/palm-beach-costa-del-tesoro\/capturan-a-sospechoso-de-homicidio-e-incendio-intencional-en-fort-pierce-estaba-profugo-en-filadelfia\/#webpage","url":"https:\/\/atlantikas.com\/palm-beach-costa-del-tesoro\/capturan-a-sospechoso-de-homicidio-e-incendio-intencional-en-fort-pierce-estaba-profugo-en-filadelfia\/","name":"Capturan a sospechoso de homicidio e incendio intencional en Fort Pierce; estaba pr\u00f3fugo en Filadelfia - Atl\u00e1ntikas Noticias en Espa\u00f1ol Condados Palm Beach y la Costa del Tesoro","description":"FORT PIERCE, Florida. \u2014 La Oficina del Sheriff del Condado de St. Lucie (SLCSO por sus siglas en ingl\u00e9s) inform\u00f3 este lunes que un hombre vinculado a un homicidio ocurrido el a\u00f1o pasado en Fort Pierce se encuentra bajo custodia. Se trata de Arkel Tymere Garcia, de 31 a\u00f1os, quien fue detenido por el Departamento","inLanguage":"es-ES","isPartOf":{"@id":"https:\/\/atlantikas.com\/palm-beach-costa-del-tesoro\/#website"},"breadcrumb":{"@id":"https:\/\/atlantikas.com\/palm-beach-costa-del-tesoro\/capturan-a-sospechoso-de-homicidio-e-incendio-intencional-en-fort-pierce-estaba-profugo-en-filadelfia\/#breadcrumblist"},"author":{"@id":"https:\/\/atlantikas.com\/palm-beach-costa-del-tesoro\/author\/mirtaluacesreportera\/#author"},"creator":{"@id":"https:\/\/atlantikas.com\/palm-beach-costa-del-tesoro\/author\/mirtaluacesreportera\/#author"},"image":{"@type":"ImageObject","url":"https:\/\/atlantikas.com\/palm-beach-costa-del-tesoro\/wp-content\/uploads\/sites\/2\/2026\/01\/Copy-of-Template-1200-800-x-500-px-29.png","@id":"https:\/\/atlantikas.com\/palm-beach-costa-del-tesoro\/capturan-a-sospechoso-de-homicidio-e-incendio-intencional-en-fort-pierce-estaba-profugo-en-filadelfia\/#mainImage","width":800,"height":500},"primaryImageOfPage":{"@id":"https:\/\/atlantikas.com\/palm-beach-costa-del-tesoro\/capturan-a-sospechoso-de-homicidio-e-incendio-intencional-en-fort-pierce-estaba-profugo-en-filadelfia\/#mainImage"},"datePublished":"2026-01-05T18:37:13-05:00","dateModified":"2026-01-05T18:37:13-05:00"},{"@type":"WebSite","@id":"https:\/\/atlantikas.com\/palm-beach-costa-del-tesoro\/#website","url":"https:\/\/atlantikas.com\/palm-beach-costa-del-tesoro\/","name":"Atl\u00e1ntikas Noticias en Espa\u00f1ol Condados Palm Beach y la Costa del Tesoro","alternateName":"Atlantikas News","description":"Noticias en Espa\u00f1ol | Condados Palm Beach y la Costa del Tesoro","inLanguage":"es-ES","publisher":{"@id":"https:\/\/atlantikas.com\/palm-beach-costa-del-tesoro\/#organization"}}]},"og:locale":"es_ES","og:site_name":"Atl\u00e1ntikas Noticias en Espa\u00f1ol Condados Palm Beach y la Costa del Tesoro - Noticias en Espa\u00f1ol | Condados Palm Beach y la Costa del Tesoro","og:type":"article","og:title":"Capturan a sospechoso de homicidio e incendio intencional en Fort Pierce; estaba pr\u00f3fugo en Filadelfia - Atl\u00e1ntikas Noticias en Espa\u00f1ol Condados Palm Beach y la Costa del Tesoro","og:description":"FORT PIERCE, Florida. \u2014 La Oficina del Sheriff del Condado de St. Lucie (SLCSO por sus siglas en ingl\u00e9s) inform\u00f3 este lunes que un hombre vinculado a un homicidio ocurrido el a\u00f1o pasado en Fort Pierce se encuentra bajo custodia. Se trata de Arkel Tymere Garcia, de 31 a\u00f1os, quien fue detenido por el Departamento","og:url":"https:\/\/atlantikas.com\/palm-beach-costa-del-tesoro\/capturan-a-sospechoso-de-homicidio-e-incendio-intencional-en-fort-pierce-estaba-profugo-en-filadelfia\/","og:image":"https:\/\/atlantikas.com\/palm-beach-costa-del-tesoro\/wp-content\/uploads\/sites\/2\/2026\/01\/Copy-of-Template-1200-800-x-500-px-29.png","og:image:secure_url":"https:\/\/atlantikas.com\/palm-beach-costa-del-tesoro\/wp-content\/uploads\/sites\/2\/2026\/01\/Copy-of-Template-1200-800-x-500-px-29.png","og:image:width":800,"og:image:height":500,"article:published_time":"2026-01-05T23:37:13+00:00","article:modified_time":"2026-01-05T23:37:13+00:00","article:publisher":"https:\/\/www.facebook.com\/NoticiasAtlantikas\/","twitter:card":"summary_large_image","twitter:site":"@atlantikasnoti","twitter:title":"Capturan a sospechoso de homicidio e incendio intencional en Fort Pierce; estaba pr\u00f3fugo en Filadelfia - Atl\u00e1ntikas Noticias en Espa\u00f1ol Condados Palm Beach y la Costa del Tesoro","twitter:description":"FORT PIERCE, Florida. \u2014 La Oficina del Sheriff del Condado de St. Lucie (SLCSO por sus siglas en ingl\u00e9s) inform\u00f3 este lunes que un hombre vinculado a un homicidio ocurrido el a\u00f1o pasado en Fort Pierce se encuentra bajo custodia. Se trata de Arkel Tymere Garcia, de 31 a\u00f1os, quien fue detenido por el Departamento","twitter:creator":"@atlantikasnoti","twitter:image":"https:\/\/atlantikas.com\/palm-beach-costa-del-tesoro\/wp-content\/uploads\/sites\/2\/2026\/01\/Copy-of-Template-1200-800-x-500-px-29.png"},"aioseo_meta_data":{"post_id":"13088","title":null,"description":null,"keywords":null,"keyphrases":{"focus":{"keyphrase":"","score":0,"analysis":{"keyphraseInTitle":{"score":0,"maxScore":9,"error":1}}},"additional":[]},"primary_term":null,"canonical_url":null,"og_title":null,"og_description":null,"og_object_type":"default","og_image_type":"default","og_image_url":null,"og_image_width":null,"og_image_height":null,"og_image_custom_url":null,"og_image_custom_fields":null,"og_video":"","og_custom_url":null,"og_article_section":null,"og_article_tags":null,"twitter_use_og":false,"twitter_card":"default","twitter_image_type":"default","twitter_image_url":null,"twitter_image_custom_url":null,"twitter_image_custom_fields":null,"twitter_title":null,"twitter_description":null,"schema":{"blockGraphs":[],"customGraphs":[],"default":{"data":{"Article":[],"Course":[],"Dataset":[],"FAQPage":[],"Movie":[],"Person":[],"Product":[],"ProductReview":[],"Car":[],"Recipe":[],"Service":[],"SoftwareApplication":[],"WebPage":[]},"graphName":"BlogPosting","isEnabled":true},"graphs":[]},"schema_type":"default","schema_type_options":null,"pillar_content":false,"robots_default":true,"robots_noindex":false,"robots_noarchive":false,"robots_nosnippet":false,"robots_nofollow":false,"robots_noimageindex":false,"robots_noodp":false,"robots_notranslate":false,"robots_max_snippet":"-1","robots_max_videopreview":"-1","robots_max_imagepreview":"large","priority":null,"frequency":"default","local_seo":null,"breadcrumb_settings":null,"limit_modified_date":false,"ai":{"faqs":[],"keyPoints":[],"titles":[],"descriptions":[],"socialPosts":{"email":[],"linkedin":[],"twitter":[],"facebook":[],"instagram":[]}},"created":"2026-01-05 23:37:19","updated":"2026-01-05 23:46:03","seo_analyzer_scan_date":null,"focus_keyword":null,"additional_keywords":null,"truseo_locale":null},"aioseo_breadcrumb":"<div class=\"aioseo-breadcrumbs\"><span class=\"aioseo-breadcrumb\">\n\t\t\t<a href=\"https:\/\/atlantikas.com\/palm-beach-costa-del-tesoro\" title=\"Home\">Home<\/a>\n\t\t<\/span><span class=\"aioseo-breadcrumb-separator\">&raquo;<\/span><span class=\"aioseo-breadcrumb\">\n\t\t\t<a href=\"https:\/\/atlantikas.com\/palm-beach-costa-del-tesoro\/categoria\/noticias-locales\/\" title=\"Noticias Locales\">Noticias Locales<\/a>\n\t\t<\/span><span class=\"aioseo-breadcrumb-separator\">&raquo;<\/span><span class=\"aioseo-breadcrumb\">\n\t\t\t<a href=\"https:\/\/atlantikas.com\/palm-beach-costa-del-tesoro\/categoria\/noticias-locales\/costa-del-tesoro\/\" title=\"Costa del Tesoro\">Costa del Tesoro<\/a>\n\t\t<\/span><span class=\"aioseo-breadcrumb-separator\">&raquo;<\/span><span class=\"aioseo-breadcrumb\">\n\t\t\t<a href=\"https:\/\/atlantikas.com\/palm-beach-costa-del-tesoro\/categoria\/noticias-locales\/costa-del-tesoro\/condado-st-lucie-costa-del-tesoro\/\" title=\"Condado St. Lucie\">Condado St. Lucie<\/a>\n\t\t<\/span><span class=\"aioseo-breadcrumb-separator\">&raquo;<\/span><span class=\"aioseo-breadcrumb\">\n\t\t\t<a href=\"https:\/\/atlantikas.com\/palm-beach-costa-del-tesoro\/categoria\/noticias-locales\/costa-del-tesoro\/condado-st-lucie-costa-del-tesoro\/fort-pierce\/\" title=\"Fort Pierce\">Fort Pierce<\/a>\n\t\t<\/span><span class=\"aioseo-breadcrumb-separator\">&raquo;<\/span><span class=\"aioseo-breadcrumb\">\n\t\t\tCapturan a sospechoso de homicidio e incendio intencional en Fort Pierce; estaba pr\u00f3fugo en Filadelfia\n\t\t<\/span><\/div>","aioseo_breadcrumb_json":[{"label":"Home","link":"https:\/\/atlantikas.com\/palm-beach-costa-del-tesoro"},{"label":"Noticias Locales","link":"https:\/\/atlantikas.com\/palm-beach-costa-del-tesoro\/categoria\/noticias-locales\/"},{"label":"Costa del Tesoro","link":"https:\/\/atlantikas.com\/palm-beach-costa-del-tesoro\/categoria\/noticias-locales\/costa-del-tesoro\/"},{"label":"Condado St. Lucie","link":"https:\/\/atlantikas.com\/palm-beach-costa-del-tesoro\/categoria\/noticias-locales\/costa-del-tesoro\/condado-st-lucie-costa-del-tesoro\/"},{"label":"Fort Pierce","link":"https:\/\/atlantikas.com\/palm-beach-costa-del-tesoro\/categoria\/noticias-locales\/costa-del-tesoro\/condado-st-lucie-costa-del-tesoro\/fort-pierce\/"},{"label":"Capturan a sospechoso de homicidio e incendio intencional en Fort Pierce; estaba pr\u00f3fugo en Filadelfia","link":"https:\/\/atlantikas.com\/palm-beach-costa-del-tesoro\/capturan-a-sospechoso-de-homicidio-e-incendio-intencional-en-fort-pierce-estaba-profugo-en-filadelfia\/"}],"image_feature":"https:\/\/atlantikas.com\/palm-beach-costa-del-tesoro\/wp-content\/uploads\/sites\/2\/2026\/01\/Copy-of-Template-1200-800-x-500-px-29.png","author_name":"Mirta Luaces","pure_taxonomies":{"categories":[{"term_id":76,"name":"Condado St. Lucie","slug":"condado-st-lucie-costa-del-tesoro","term_group":0,"term_taxonomy_id":76,"taxonomy":"category","description":"","parent":47,"count":313,"filter":"raw","image":""},{"term_id":47,"name":"Costa del Tesoro","slug":"costa-del-tesoro","term_group":0,"term_taxonomy_id":47,"taxonomy":"category","description":"","parent":31,"count":596,"filter":"raw","image":""},{"term_id":238,"name":"Fort Pierce","slug":"fort-pierce","term_group":0,"term_taxonomy_id":238,"taxonomy":"category","description":"","parent":76,"count":97,"filter":"raw","image":""},{"term_id":31,"name":"Noticias Locales","slug":"noticias-locales","term_group":0,"term_taxonomy_id":31,"taxonomy":"category","description":"","parent":0,"count":2374,"filter":"raw","image":""}]},"jetpack_featured_media_url":"https:\/\/atlantikas.com\/palm-beach-costa-del-tesoro\/wp-content\/uploads\/sites\/2\/2026\/01\/Copy-of-Template-1200-800-x-500-px-29.png","jetpack_sharing_enabled":true,"jetpack-related-posts":[],"_links":{"self":[{"href":"https:\/\/atlantikas.com\/palm-beach-costa-del-tesoro\/wp-json\/wp\/v2\/posts\/13088","targetHints":{"allow":["GET"]}}],"collection":[{"href":"https:\/\/atlantikas.com\/palm-beach-costa-del-tesoro\/wp-json\/wp\/v2\/posts"}],"about":[{"href":"https:\/\/atlantikas.com\/palm-beach-costa-del-tesoro\/wp-json\/wp\/v2\/types\/post"}],"author":[{"embeddable":true,"href":"https:\/\/atlantikas.com\/palm-beach-costa-del-tesoro\/wp-json\/wp\/v2\/users\/4"}],"replies":[{"embeddable":true,"href":"https:\/\/atlantikas.com\/palm-beach-costa-del-tesoro\/wp-json\/wp\/v2\/comments?post=13088"}],"version-history":[{"count":1,"href":"https:\/\/atlantikas.com\/palm-beach-costa-del-tesoro\/wp-json\/wp\/v2\/posts\/13088\/revisions"}],"predecessor-version":[{"id":13090,"href":"https:\/\/atlantikas.com\/palm-beach-costa-del-tesoro\/wp-json\/wp\/v2\/posts\/13088\/revisions\/13090"}],"wp:featuredmedia":[{"embeddable":true,"href":"https:\/\/atlantikas.com\/palm-beach-costa-del-tesoro\/wp-json\/wp\/v2\/media\/13089"}],"wp:attachment":[{"href":"https:\/\/atlantikas.com\/palm-beach-costa-del-tesoro\/wp-json\/wp\/v2\/media?parent=13088"}],"wp:term":[{"taxonomy":"category","embeddable":true,"href":"https:\/\/atlantikas.com\/palm-beach-costa-del-tesoro\/wp-json\/wp\/v2\/categories?post=13088"},{"taxonomy":"post_tag","embeddable":true,"href":"https:\/\/atlantikas.com\/palm-beach-costa-del-tesoro\/wp-json\/wp\/v2\/tags?post=13088"},{"taxonomy":"author","embeddable":true,"href":"https:\/\/atlantikas.com\/palm-beach-costa-del-tesoro\/wp-json\/wp\/v2\/coauthors?post=13088"}],"curies":[{"name":"wp","href":"https:\/\/api.w.org\/{rel}","templated":true}]}}