{"id":13083,"date":"2026-01-05T16:08:38","date_gmt":"2026-01-05T21:08:38","guid":{"rendered":"https:\/\/atlantikas.com\/palm-beach-costa-del-tesoro\/?p=13083"},"modified":"2026-01-05T16:08:38","modified_gmt":"2026-01-05T21:08:38","slug":"florida-supera-las-10-000-detenciones-en-historica-ofensiva-migratoria-conjunta-con-el-gobierno-federal","status":"publish","type":"post","link":"https:\/\/atlantikas.com\/palm-beach-costa-del-tesoro\/florida-supera-las-10-000-detenciones-en-historica-ofensiva-migratoria-conjunta-con-el-gobierno-federal\/","title":{"rendered":"Florida supera las 10.000 detenciones en hist\u00f3rica ofensiva migratoria conjunta con el gobierno federal"},"content":{"rendered":"<div class=\"mdp-speaker-wrapper\">\n            \n            \n            \n            \n            <div class=\"mdp-speaker-box mdp-speaker-box before-content speaker-wavesurfer\">\n                <div class=\"mdp-speaker-player\"  data-title=\"Florida supera las 10.000 detenciones en hist\u00f3rica ofensiva migratoria conjunta con el gobierno federal\" data-author=\"4\" data-thumbnail=\"https:\/\/atlantikas.com\/palm-beach-costa-del-tesoro\/wp-content\/uploads\/sites\/2\/2026\/01\/Border-Patrol.jpg\" data-type=\"speaker-wavesurfer\" data-id=\"13083\" data-src=\"https:\/\/atlantikas.com\/palm-beach-costa-del-tesoro\/wp-content\/uploads\/sites\/2\/speaker\/post-13083.mp3?cb=1767647326.mp3\" data-download=\"1\" data-speeds=\"0.5,0.75,1,1.25,1.5\" data-share=\"\" >\n                    <div class=\"mdp-speaker-wavesurfer-player mdp-speaker-wavesurfer-placeholder\"><\/div>\n                <\/div>\n            <\/div>\n            \n            \n            \n            \n\t\t\t<\/div><div class=\"flex flex-col text-sm pb-25\">\n<article class=\"text-token-text-primary w-full focus:outline-none [--shadow-height:45px] has-data-writing-block:pointer-events-none has-data-writing-block:-mt-(--shadow-height) has-data-writing-block:pt-(--shadow-height) [&amp;:has([data-writing-block])&gt;*]:pointer-events-auto [content-visibility:auto] supports-[content-visibility:auto]:[contain-intrinsic-size:auto_100lvh] scroll-mt-[calc(var(--header-height)+min(200px,max(70px,20svh)))]\" dir=\"auto\" data-turn-id=\"f0114da4-3aa2-4d87-9cbb-9f58f9952398\" data-testid=\"conversation-turn-2\" data-scroll-anchor=\"true\" data-turn=\"assistant\">\n<div class=\"text-base my-auto mx-auto pb-10 [--thread-content-margin:--spacing(4)] @w-sm\/main:[--thread-content-margin:--spacing(6)] @w-lg\/main:[--thread-content-margin:--spacing(16)] px-(--thread-content-margin)\">\n<div class=\"[--thread-content-max-width:40rem] @w-lg\/main:[--thread-content-max-width:48rem] mx-auto max-w-(--thread-content-max-width) flex-1 group\/turn-messages focus-visible:outline-hidden relative flex w-full min-w-0 flex-col agent-turn\">\n<div class=\"flex max-w-full flex-col grow\">\n<div class=\"min-h-8 text-message relative flex w-full flex-col items-end gap-2 text-start break-words whitespace-normal [.text-message+&amp;]:mt-1\" dir=\"auto\" data-message-author-role=\"assistant\" data-message-id=\"20e6acf9-493b-408a-ae5b-d57542a8ec01\" data-message-model-slug=\"gpt-5-2\">\n<div class=\"flex w-full flex-col gap-1 empty:hidden first:pt-[1px]\">\n<div class=\"markdown prose dark:prose-invert w-full break-words light markdown-new-styling\">\n<p data-start=\"267\" data-end=\"566\">SANDERSON, Fla. \u2014 El gobernador Ron DeSantis anunci\u00f3 este martes que la <strong data-start=\"339\" data-end=\"363\">Operaci\u00f3n Tidal Wave<\/strong> ha superado <strong data-start=\"376\" data-end=\"402\">las 10.000 detenciones<\/strong> en Florida, un hito que refuerza la alianza del estado con el gobierno federal para la aplicaci\u00f3n de las leyes migratorias y la protecci\u00f3n de la seguridad p\u00fablica.<\/p>\n<p data-start=\"568\" data-end=\"984\">Desde su lanzamiento hace ocho meses, la iniciativa ha permitido la <strong data-start=\"636\" data-end=\"709\">detenci\u00f3n de m\u00e1s de 10.400 personas en situaci\u00f3n migratoria irregular<\/strong>, muchas de ellas con <strong data-start=\"731\" data-end=\"795\">antecedentes criminales o con \u00f3rdenes finales de deportaci\u00f3n<\/strong>, seg\u00fan inform\u00f3 el gobernador. \u201cEsta es la mayor operaci\u00f3n conjunta de cumplimiento migratorio en la historia de ICE, y estamos orgullosos de que contin\u00fae aqu\u00ed en Florida\u201d, afirm\u00f3 DeSantis.<\/p>\n<p data-start=\"986\" data-end=\"1480\">El fiscal general de Florida, <strong data-start=\"1016\" data-end=\"1034\">James Uthmeier<\/strong>, subray\u00f3 que una parte significativa de los arrestados \u201cintentaba depredar a nuestros ni\u00f1os\u201d y asegur\u00f3 que los fiscales estatales buscar\u00e1n <strong data-start=\"1175\" data-end=\"1195\">condenas severas<\/strong> antes de proceder a las deportaciones. Por su parte, el director financiero del estado, <strong data-start=\"1284\" data-end=\"1303\">Blaise Ingoglia<\/strong>, destac\u00f3 el respaldo del presidente <strong data-start=\"1340\" data-end=\"1356\">Donald Trump<\/strong> y sostuvo que Florida \u201cno tolerar\u00e1 que inmigrantes ilegales con historial criminal se establezcan en nuestras comunidades\u201d.<\/p>\n<p data-start=\"1482\" data-end=\"1911\">La <strong data-start=\"1485\" data-end=\"1509\">Operaci\u00f3n Tidal Wave<\/strong>, la primera de su tipo en el pa\u00eds, se desarrolla bajo acuerdos <strong data-start=\"1573\" data-end=\"1583\">287(g)<\/strong>, que facultan a agencias estatales a colaborar directamente con el Servicio de Inmigraci\u00f3n y Control de Aduanas (ICE), ejerciendo autoridad migratoria que tradicionalmente reca\u00eda en el \u00e1mbito federal. Desde abril de 2025, esta cooperaci\u00f3n ha permitido <strong data-start=\"1836\" data-end=\"1871\">identificar, detener y procesar<\/strong> a personas en el pa\u00eds de manera ilegal.<\/p>\n<p data-start=\"1913\" data-end=\"2118\">Seg\u00fan datos oficiales, los pa\u00edses de origen de los detenidos incluyen <strong data-start=\"1983\" data-end=\"2004\">Guatemala (3.435)<\/strong>, <strong data-start=\"2006\" data-end=\"2024\">M\u00e9xico (3.331)<\/strong>, <strong data-start=\"2026\" data-end=\"2046\">Honduras (1.353)<\/strong>, <strong data-start=\"2048\" data-end=\"2069\">El Salvador (312)<\/strong>, <strong data-start=\"2071\" data-end=\"2090\">Venezuela (312)<\/strong> y <strong data-start=\"2093\" data-end=\"2117\">otros pa\u00edses (1.249)<\/strong>.<\/p>\n<p data-start=\"2120\" data-end=\"2509\">La operaci\u00f3n cont\u00f3 con la coordinaci\u00f3n de <strong data-start=\"2162\" data-end=\"2169\">ICE<\/strong>, la <strong data-start=\"2174\" data-end=\"2197\">Patrulla Fronteriza<\/strong>, el <strong data-start=\"2202\" data-end=\"2209\">FBI<\/strong>, la <strong data-start=\"2214\" data-end=\"2221\">DEA<\/strong>, la <strong data-start=\"2226\" data-end=\"2233\">ATF<\/strong> y el <strong data-start=\"2239\" data-end=\"2276\">Servicio de Alguaciles de EE. UU.<\/strong>, adem\u00e1s del apoyo operativo de m\u00faltiples agencias estatales bajo el liderazgo de DeSantis. Tambi\u00e9n participaron oficinas del sheriff en condados como <strong data-start=\"2427\" data-end=\"2479\">Hillsborough, Orange, Pinellas, Volusia, Brevard<\/strong> y <strong data-start=\"2482\" data-end=\"2495\">St. Johns<\/strong>, entre otros.<\/p>\n<p data-start=\"2511\" data-end=\"2966\">Autoridades estatales coincidieron en que el programa <strong data-start=\"2565\" data-end=\"2594\">refuerza el orden p\u00fablico<\/strong> y establece un <strong data-start=\"2610\" data-end=\"2631\">modelo replicable<\/strong> para otros estados. \u201cFlorida sigue siendo el plano a seguir en la aplicaci\u00f3n de las leyes migratorias\u201d, afirm\u00f3 <strong data-start=\"2743\" data-end=\"2761\">Wilton Simpson<\/strong>, comisionado de Agricultura, mientras que <strong data-start=\"2804\" data-end=\"2821\">Kevin Guthrie<\/strong>, director ejecutivo de la Divisi\u00f3n de Manejo de Emergencias, destac\u00f3 que la coordinaci\u00f3n interinstitucional \u201cha entregado resultados tangibles\u201d.<\/p>\n<p data-start=\"2968\" data-end=\"3268\" data-is-last-node=\"\" data-is-only-node=\"\">El estado reiter\u00f3 que continuar\u00e1 liderando esfuerzos para <strong data-start=\"3026\" data-end=\"3062\">priorizar la seguridad ciudadana<\/strong> y respaldar a las fuerzas del orden. Las autoridades invitaron al p\u00fablico a reportar delitos o actividades sospechosas llamando al <strong data-start=\"3194\" data-end=\"3213\">1-866-DHS-2-ICE<\/strong> o mediante el formulario de denuncias en l\u00ednea de ICE.<\/p>\n<\/div>\n<\/div>\n<\/div>\n<\/div>\n<div class=\"z-0 flex min-h-[46px] justify-start\"><\/div>\n<div class=\"mt-3 w-full empty:hidden\">\n<div class=\"text-center\"><\/div>\n<\/div>\n<\/div>\n<\/div>\n<\/article>\n<\/div>\n<div class=\"pointer-events-none h-px w-px absolute bottom-0\" aria-hidden=\"true\" data-edge=\"true\"><\/div>\n","protected":false},"excerpt":{"rendered":"<p>SANDERSON, Fla. \u2014 El gobernador Ron DeSantis anunci\u00f3 este martes que la Operaci\u00f3n Tidal Wave ha superado las 10.000 detenciones en Florida, un hito que refuerza la alianza del estado con el gobierno federal para la aplicaci\u00f3n de las leyes migratorias y la protecci\u00f3n de la seguridad p\u00fablica. Desde su lanzamiento hace ocho meses, la &hellip;<\/p>\n","protected":false},"author":4,"featured_media":13084,"comment_status":"open","ping_status":"open","sticky":false,"template":"","format":"standard","meta":{"om_disable_all_campaigns":false,"_monsterinsights_skip_tracking":false,"_monsterinsights_sitenote_active":false,"_monsterinsights_sitenote_note":"","_monsterinsights_sitenote_category":0,"jetpack_post_was_ever_published":false,"_jetpack_newsletter_access":"","_jetpack_dont_email_post_to_subs":false,"_jetpack_newsletter_tier_id":0,"_jetpack_memberships_contains_paywalled_content":false,"_jetpack_memberships_contains_paid_content":false,"footnotes":""},"categories":[265],"tags":[502],"coauthors":[42],"class_list":["post-13083","post","type-post","status-publish","format-standard","has-post-thumbnail","hentry","category-florida-educacion","tag-inmogracion"],"aioseo_notices":[],"image_feature":"https:\/\/atlantikas.com\/palm-beach-costa-del-tesoro\/wp-content\/uploads\/sites\/2\/2026\/01\/Border-Patrol.jpg","author_name":"Mirta Luaces","jetpack_featured_media_url":"https:\/\/atlantikas.com\/palm-beach-costa-del-tesoro\/wp-content\/uploads\/sites\/2\/2026\/01\/Border-Patrol.jpg","jetpack_sharing_enabled":true,"jetpack-related-posts":[],"_links":{"self":[{"href":"https:\/\/atlantikas.com\/palm-beach-costa-del-tesoro\/wp-json\/wp\/v2\/posts\/13083","targetHints":{"allow":["GET"]}}],"collection":[{"href":"https:\/\/atlantikas.com\/palm-beach-costa-del-tesoro\/wp-json\/wp\/v2\/posts"}],"about":[{"href":"https:\/\/atlantikas.com\/palm-beach-costa-del-tesoro\/wp-json\/wp\/v2\/types\/post"}],"author":[{"embeddable":true,"href":"https:\/\/atlantikas.com\/palm-beach-costa-del-tesoro\/wp-json\/wp\/v2\/users\/4"}],"replies":[{"embeddable":true,"href":"https:\/\/atlantikas.com\/palm-beach-costa-del-tesoro\/wp-json\/wp\/v2\/comments?post=13083"}],"version-history":[{"count":1,"href":"https:\/\/atlantikas.com\/palm-beach-costa-del-tesoro\/wp-json\/wp\/v2\/posts\/13083\/revisions"}],"predecessor-version":[{"id":13085,"href":"https:\/\/atlantikas.com\/palm-beach-costa-del-tesoro\/wp-json\/wp\/v2\/posts\/13083\/revisions\/13085"}],"wp:featuredmedia":[{"embeddable":true,"href":"https:\/\/atlantikas.com\/palm-beach-costa-del-tesoro\/wp-json\/wp\/v2\/media\/13084"}],"wp:attachment":[{"href":"https:\/\/atlantikas.com\/palm-beach-costa-del-tesoro\/wp-json\/wp\/v2\/media?parent=13083"}],"wp:term":[{"taxonomy":"category","embeddable":true,"href":"https:\/\/atlantikas.com\/palm-beach-costa-del-tesoro\/wp-json\/wp\/v2\/categories?post=13083"},{"taxonomy":"post_tag","embeddable":true,"href":"https:\/\/atlantikas.com\/palm-beach-costa-del-tesoro\/wp-json\/wp\/v2\/tags?post=13083"},{"taxonomy":"author","embeddable":true,"href":"https:\/\/atlantikas.com\/palm-beach-costa-del-tesoro\/wp-json\/wp\/v2\/coauthors?post=13083"}],"curies":[{"name":"wp","href":"https:\/\/api.w.org\/{rel}","templated":true}]}}