{"id":13075,"date":"2026-01-05T12:06:32","date_gmt":"2026-01-05T17:06:32","guid":{"rendered":"https:\/\/atlantikas.com\/palm-beach-costa-del-tesoro\/?p=13075"},"modified":"2026-01-05T12:06:32","modified_gmt":"2026-01-05T17:06:32","slug":"palm-springs-abre-convocatoria-para-la-beca-joseph-l-fallon-2026","status":"publish","type":"post","link":"https:\/\/atlantikas.com\/palm-beach-costa-del-tesoro\/palm-springs-abre-convocatoria-para-la-beca-joseph-l-fallon-2026\/","title":{"rendered":"Palm Springs abre convocatoria para la Beca Joseph L. Fallon 2026"},"content":{"rendered":"<div class=\"mdp-speaker-wrapper\">\n            \n            \n            \n            \n            <div class=\"mdp-speaker-box mdp-speaker-box before-content speaker-wavesurfer\">\n                <div class=\"mdp-speaker-player\"  data-title=\"Palm Springs abre convocatoria para la Beca Joseph L. Fallon 2026\" data-author=\"4\" data-thumbnail=\"https:\/\/atlantikas.com\/palm-beach-costa-del-tesoro\/wp-content\/uploads\/sites\/2\/2026\/01\/ddfd0057e9eb5cc225169cf897a45650-1.jpeg\" data-type=\"speaker-wavesurfer\" data-id=\"13075\" data-src=\"https:\/\/atlantikas.com\/palm-beach-costa-del-tesoro\/wp-content\/uploads\/sites\/2\/speaker\/post-13075.mp3?cb=1767632799.mp3\" data-download=\"1\" data-speeds=\"0.5,0.75,1,1.25,1.5\" data-share=\"\" >\n                    <div class=\"mdp-speaker-wavesurfer-player mdp-speaker-wavesurfer-placeholder\"><\/div>\n                <\/div>\n            <\/div>\n            \n            \n            \n            \n\t\t\t<\/div><div class=\"flex flex-col text-sm pb-25\">\n<article class=\"text-token-text-primary w-full focus:outline-none [--shadow-height:45px] has-data-writing-block:pointer-events-none has-data-writing-block:-mt-(--shadow-height) has-data-writing-block:pt-(--shadow-height) [&amp;:has([data-writing-block])&gt;*]:pointer-events-auto [content-visibility:auto] supports-[content-visibility:auto]:[contain-intrinsic-size:auto_100lvh] scroll-mt-[calc(var(--header-height)+min(200px,max(70px,20svh)))]\" dir=\"auto\" data-turn-id=\"b37e1062-9cd9-43d0-bd05-c0ddbe3bccc3\" data-testid=\"conversation-turn-2\" data-scroll-anchor=\"true\" data-turn=\"assistant\">\n<div class=\"text-base my-auto mx-auto pb-10 [--thread-content-margin:--spacing(4)] @w-sm\/main:[--thread-content-margin:--spacing(6)] @w-lg\/main:[--thread-content-margin:--spacing(16)] px-(--thread-content-margin)\">\n<div class=\"[--thread-content-max-width:40rem] @w-lg\/main:[--thread-content-max-width:48rem] mx-auto max-w-(--thread-content-max-width) flex-1 group\/turn-messages focus-visible:outline-hidden relative flex w-full min-w-0 flex-col agent-turn\">\n<div class=\"flex max-w-full flex-col grow\">\n<div class=\"min-h-8 text-message relative flex w-full flex-col items-end gap-2 text-start break-words whitespace-normal [.text-message+&amp;]:mt-1\" dir=\"auto\" data-message-author-role=\"assistant\" data-message-id=\"a749bb98-b03a-4ae4-8ba6-1f2c8df97612\" data-message-model-slug=\"gpt-5-2\">\n<div class=\"flex w-full flex-col gap-1 empty:hidden first:pt-[1px]\">\n<div class=\"markdown prose dark:prose-invert w-full break-words light markdown-new-styling\">\n<p data-start=\"206\" data-end=\"464\"><strong data-start=\"206\" data-end=\"232\">Palm Springs, Florida.<\/strong> \u2014 La Villa de Palm Springs anunci\u00f3 oficialmente la apertura de solicitudes para la <strong data-start=\"316\" data-end=\"346\">Beca Joseph L. Fallon 2026<\/strong>, un apoyo educativo anual creado en memoria del reconocido y querido residente de la comunidad, <strong data-start=\"443\" data-end=\"463\">Joseph L. Fallon<\/strong>.<\/p>\n<p data-start=\"466\" data-end=\"807\">La beca est\u00e1 dirigida a <strong data-start=\"490\" data-end=\"560\">residentes de Palm Springs que se grad\u00faan de la escuela secundaria<\/strong> y que planean continuar su formaci\u00f3n acad\u00e9mica en una <strong data-start=\"615\" data-end=\"672\">universidad, colegio comunitario o escuela vocacional<\/strong>. El programa tiene como objetivo respaldar a los j\u00f3venes locales en su camino hacia la educaci\u00f3n superior y el desarrollo profesional.<\/p>\n<p data-start=\"809\" data-end=\"1030\">Las solicitudes est\u00e1n disponibles en la <strong data-start=\"849\" data-end=\"885\">Oficina del Secretario Municipal<\/strong>, ubicada en el <strong data-start=\"901\" data-end=\"930\">Palm Springs Village Hall<\/strong>, y tambi\u00e9n pueden descargarse en l\u00ednea a trav\u00e9s del sitio web oficial del municipio: <strong data-start=\"1016\" data-end=\"1029\">vpsfl.org<\/strong>.<\/p>\n<p data-start=\"1032\" data-end=\"1266\">Las aplicaciones completas deben ser entregadas <strong data-start=\"1080\" data-end=\"1148\">a m\u00e1s tardar el lunes 2 de marzo de 2026, antes de las 4:30 p.m.<\/strong> en la Oficina del Secretario Municipal. Las autoridades aclararon que <strong data-start=\"1219\" data-end=\"1265\">no se aceptar\u00e1n solicitudes fuera de plazo<\/strong>.<\/p>\n<p data-start=\"1268\" data-end=\"1442\">Para obtener informaci\u00f3n adicional, los interesados pueden comunicarse con la <strong data-start=\"1346\" data-end=\"1403\">Oficina de Administraci\u00f3n de la Villa de Palm Springs<\/strong> al <strong data-start=\"1407\" data-end=\"1441\">(561) 584-8200, extensi\u00f3n 8430<\/strong>.<\/p>\n<p data-start=\"1444\" data-end=\"1682\" data-is-last-node=\"\" data-is-only-node=\"\">Con esta iniciativa, la Villa de Palm Springs reafirma su compromiso con la educaci\u00f3n de sus residentes y honra el legado de <strong data-start=\"1569\" data-end=\"1589\">Joseph L. Fallon<\/strong>, apoyando a las nuevas generaciones en la construcci\u00f3n de su futuro acad\u00e9mico y profesional.<\/p>\n<\/div>\n<\/div>\n<\/div>\n<\/div>\n<div class=\"z-0 flex min-h-[46px] justify-start\"><\/div>\n<div class=\"mt-3 w-full empty:hidden\">\n<div class=\"text-center\"><\/div>\n<\/div>\n<\/div>\n<\/div>\n<\/article>\n<\/div>\n<div class=\"pointer-events-none h-px w-px absolute bottom-0\" aria-hidden=\"true\" data-edge=\"true\"><\/div>\n","protected":false},"excerpt":{"rendered":"<p>Palm Springs, Florida. \u2014 La Villa de Palm Springs anunci\u00f3 oficialmente la apertura de solicitudes para la Beca Joseph L. Fallon 2026, un apoyo educativo anual creado en memoria del reconocido y querido residente de la comunidad, Joseph L. Fallon. La beca est\u00e1 dirigida a residentes de Palm Springs que se grad\u00faan de la escuela &hellip;<\/p>\n","protected":false},"author":4,"featured_media":13076,"comment_status":"open","ping_status":"open","sticky":false,"template":"","format":"standard","meta":{"om_disable_all_campaigns":false,"_monsterinsights_skip_tracking":false,"_monsterinsights_sitenote_active":false,"_monsterinsights_sitenote_note":"","_monsterinsights_sitenote_category":0,"jetpack_post_was_ever_published":false,"_jetpack_newsletter_access":"","_jetpack_dont_email_post_to_subs":false,"_jetpack_newsletter_tier_id":0,"_jetpack_memberships_contains_paywalled_content":false,"_jetpack_memberships_contains_paid_content":false,"footnotes":""},"categories":[261,20],"tags":[],"coauthors":[42],"class_list":["post-13075","post","type-post","status-publish","format-standard","has-post-thumbnail","hentry","category-condado-palm-beach-educacion","category-educacion"],"aioseo_notices":[],"image_feature":"https:\/\/atlantikas.com\/palm-beach-costa-del-tesoro\/wp-content\/uploads\/sites\/2\/2026\/01\/ddfd0057e9eb5cc225169cf897a45650-1.jpeg","author_name":"Mirta Luaces","jetpack_featured_media_url":"https:\/\/atlantikas.com\/palm-beach-costa-del-tesoro\/wp-content\/uploads\/sites\/2\/2026\/01\/ddfd0057e9eb5cc225169cf897a45650-1.jpeg","jetpack_sharing_enabled":true,"jetpack-related-posts":[],"_links":{"self":[{"href":"https:\/\/atlantikas.com\/palm-beach-costa-del-tesoro\/wp-json\/wp\/v2\/posts\/13075","targetHints":{"allow":["GET"]}}],"collection":[{"href":"https:\/\/atlantikas.com\/palm-beach-costa-del-tesoro\/wp-json\/wp\/v2\/posts"}],"about":[{"href":"https:\/\/atlantikas.com\/palm-beach-costa-del-tesoro\/wp-json\/wp\/v2\/types\/post"}],"author":[{"embeddable":true,"href":"https:\/\/atlantikas.com\/palm-beach-costa-del-tesoro\/wp-json\/wp\/v2\/users\/4"}],"replies":[{"embeddable":true,"href":"https:\/\/atlantikas.com\/palm-beach-costa-del-tesoro\/wp-json\/wp\/v2\/comments?post=13075"}],"version-history":[{"count":1,"href":"https:\/\/atlantikas.com\/palm-beach-costa-del-tesoro\/wp-json\/wp\/v2\/posts\/13075\/revisions"}],"predecessor-version":[{"id":13077,"href":"https:\/\/atlantikas.com\/palm-beach-costa-del-tesoro\/wp-json\/wp\/v2\/posts\/13075\/revisions\/13077"}],"wp:featuredmedia":[{"embeddable":true,"href":"https:\/\/atlantikas.com\/palm-beach-costa-del-tesoro\/wp-json\/wp\/v2\/media\/13076"}],"wp:attachment":[{"href":"https:\/\/atlantikas.com\/palm-beach-costa-del-tesoro\/wp-json\/wp\/v2\/media?parent=13075"}],"wp:term":[{"taxonomy":"category","embeddable":true,"href":"https:\/\/atlantikas.com\/palm-beach-costa-del-tesoro\/wp-json\/wp\/v2\/categories?post=13075"},{"taxonomy":"post_tag","embeddable":true,"href":"https:\/\/atlantikas.com\/palm-beach-costa-del-tesoro\/wp-json\/wp\/v2\/tags?post=13075"},{"taxonomy":"author","embeddable":true,"href":"https:\/\/atlantikas.com\/palm-beach-costa-del-tesoro\/wp-json\/wp\/v2\/coauthors?post=13075"}],"curies":[{"name":"wp","href":"https:\/\/api.w.org\/{rel}","templated":true}]}}