{"id":12816,"date":"2025-12-16T15:54:43","date_gmt":"2025-12-16T20:54:43","guid":{"rendered":"https:\/\/atlantikas.com\/palm-beach-costa-del-tesoro\/?p=12816"},"modified":"2025-12-16T15:54:43","modified_gmt":"2025-12-16T20:54:43","slug":"muere-conductor-tras-choque-entre-un-tren-y-un-vehiculo-en-boca-raton","status":"publish","type":"post","link":"https:\/\/atlantikas.com\/palm-beach-costa-del-tesoro\/muere-conductor-tras-choque-entre-un-tren-y-un-vehiculo-en-boca-raton\/","title":{"rendered":"Muere conductor tras choque entre un tren y un veh\u00edculo en Boca Rat\u00f3n"},"content":{"rendered":"<div class=\"mdp-speaker-wrapper\">\n            \n            \n            \n            \n            <div class=\"mdp-speaker-box mdp-speaker-box before-content speaker-wavesurfer\">\n                <div class=\"mdp-speaker-player\"  data-title=\"Muere conductor tras choque entre un tren y un veh\u00edculo en Boca Rat\u00f3n\" data-author=\"4\" data-thumbnail=\"https:\/\/atlantikas.com\/palm-beach-costa-del-tesoro\/wp-content\/uploads\/sites\/2\/2025\/12\/6a4b5003186d078b254ab70c0253022734d6799bm-1.jpg\" data-type=\"speaker-wavesurfer\" data-id=\"12816\" data-src=\"https:\/\/atlantikas.com\/palm-beach-costa-del-tesoro\/wp-content\/uploads\/sites\/2\/speaker\/post-12816.mp3?cb=1765918489.mp3\" data-download=\"1\" data-speeds=\"0.5,0.75,1,1.25,1.5\" data-share=\"\" >\n                    <div class=\"mdp-speaker-wavesurfer-player mdp-speaker-wavesurfer-placeholder\"><\/div>\n                <\/div>\n            <\/div>\n            \n            \n            \n            \n\t\t\t<\/div><div class=\"relative basis-auto flex-col -mb-(--composer-overlap-px) [--composer-overlap-px:28px] grow flex\">\n<div class=\"flex flex-col text-sm pb-25\">\n<article class=\"text-token-text-primary w-full focus:outline-none [--shadow-height:45px] has-data-writing-block:pointer-events-none has-data-writing-block:-mt-(--shadow-height) has-data-writing-block:pt-(--shadow-height) [&amp;:has([data-writing-block])&gt;*]:pointer-events-auto [content-visibility:auto] supports-[content-visibility:auto]:[contain-intrinsic-size:auto_100lvh] scroll-mt-[calc(var(--header-height)+min(200px,max(70px,20svh)))]\" dir=\"auto\" data-turn-id=\"74bc0e51-6e91-4165-9dc2-ecd5307ce445\" data-testid=\"conversation-turn-2\" data-scroll-anchor=\"true\" data-turn=\"assistant\">\n<div class=\"text-base my-auto mx-auto pb-10 [--thread-content-margin:--spacing(4)] @w-sm\/main:[--thread-content-margin:--spacing(6)] @w-lg\/main:[--thread-content-margin:--spacing(16)] px-(--thread-content-margin)\">\n<div class=\"[--thread-content-max-width:40rem] @w-lg\/main:[--thread-content-max-width:48rem] mx-auto max-w-(--thread-content-max-width) flex-1 group\/turn-messages focus-visible:outline-hidden relative flex w-full min-w-0 flex-col agent-turn\">\n<div class=\"flex max-w-full flex-col grow\">\n<div class=\"min-h-8 text-message relative flex w-full flex-col items-end gap-2 text-start break-words whitespace-normal [.text-message+&amp;]:mt-1\" dir=\"auto\" data-message-author-role=\"assistant\" data-message-id=\"dda26f5e-ba6e-42fd-bb44-361ba0166b14\" data-message-model-slug=\"gpt-5-2\">\n<div class=\"flex w-full flex-col gap-1 empty:hidden first:pt-[1px]\">\n<div class=\"markdown prose dark:prose-invert w-full break-words light markdown-new-styling\">\n<p data-start=\"75\" data-end=\"241\"><strong data-start=\"75\" data-end=\"101\">BOCA RAT\u00d3N, Florida. \u2014<\/strong> Un conductor muri\u00f3 luego de un accidente entre un veh\u00edculo y un tren ocurrido la tarde del lunes en Boca Rat\u00f3n, informaron las autoridades.<\/p>\n<p data-start=\"243\" data-end=\"559\">Socorristas de Boca Raton Fire Rescue respondieron al incidente alrededor de las 5:37 p.m. en la intersecci\u00f3n de <strong data-start=\"356\" data-end=\"376\">1 SW 18th Street<\/strong>, donde un autom\u00f3vil fue impactado por un tren.\u00a0 El conductor fue trasladado de urgencia a un hospital debido a una <strong data-start=\"538\" data-end=\"558\">alerta de trauma<\/strong>.<\/p>\n<p data-start=\"561\" data-end=\"767\">Sin embargo, la ma\u00f1ana del martes, un portavoz del <strong data-start=\"612\" data-end=\"653\">Departamento de Polic\u00eda de Boca Raton<\/strong> confirm\u00f3 que el conductor falleci\u00f3 a consecuencia de las heridas. La identidad de la v\u00edctima no ha sido revelada.<\/p>\n<p data-start=\"769\" data-end=\"1129\">Como resultado del accidente, las autoridades cerraron <strong data-start=\"824\" data-end=\"890\">todos los carriles en direcci\u00f3n este y oeste de SW 18th Street<\/strong> a la altura de las v\u00edas del ferrocarril, justo al oeste de <strong data-start=\"950\" data-end=\"967\">Dixie Highway<\/strong>. Adem\u00e1s, los <strong data-start=\"981\" data-end=\"1027\">carriles en direcci\u00f3n sur de Dixie Highway<\/strong> fueron cerrados en <strong data-start=\"1047\" data-end=\"1065\">SE 14th Street<\/strong>, lo que provoc\u00f3 importantes retrasos en el tr\u00e1nsito de la zona.<\/p>\n<p data-start=\"1131\" data-end=\"1278\">Las causas del choque permanecen bajo investigaci\u00f3n. Las autoridades no han ofrecido m\u00e1s detalles sobre las circunstancias que llevaron al impacto.<\/p>\n<p data-start=\"1280\" data-end=\"1410\" data-is-last-node=\"\" data-is-only-node=\"\">La polic\u00eda exhort\u00f3 a los conductores a tomar rutas alternas mientras contin\u00faan las labores de investigaci\u00f3n y limpieza en el \u00e1rea.<\/p>\n<\/div>\n<\/div>\n<\/div>\n<\/div>\n<div class=\"mt-3 w-full empty:hidden\">\n<div class=\"text-center\">\n<div>\n<div class=\"inline-flex border border-gray-100 dark:border-gray-700 rounded-xl\">\n<div class=\"text-token-text-secondary flex items-center justify-center gap-4 px-4 py-2.5 text-sm whitespace-nowrap\">\n<div class=\"flex items-center gap-5\"><\/div>\n<\/div>\n<div class=\"bg-token-main-surface-tertiary w-px flex-1 self-stretch\"><\/div>\n<p><button class=\"text-token-text-secondary hover:text-token-text-primary p-3\"><\/button><\/div>\n<\/div>\n<\/div>\n<\/div>\n<\/div>\n<\/div>\n<\/article>\n<\/div>\n<div class=\"pointer-events-none h-px w-px absolute bottom-0\" aria-hidden=\"true\" data-edge=\"true\"><\/div>\n<\/div>\n<div id=\"thread-bottom-container\" class=\"sticky bottom-0 group\/thread-bottom-container relative isolate z-10 w-full basis-auto has-data-has-thread-error:pt-2 has-data-has-thread-error:[box-shadow:var(--sharp-edge-bottom-shadow)] md:border-transparent md:pt-0 dark:border-white\/20 md:dark:border-transparent print:hidden content-fade single-line flex flex-col\">\n<div class=\"relative h-0\"><\/div>\n<div id=\"thread-bottom\">\n<div class=\"text-base mx-auto [--thread-content-margin:--spacing(4)] @w-sm\/main:[--thread-content-margin:--spacing(6)] @w-lg\/main:[--thread-content-margin:--spacing(16)] px-(--thread-content-margin)\">\n<div class=\"[--thread-content-max-width:40rem] @w-lg\/main:[--thread-content-max-width:48rem] mx-auto max-w-(--thread-content-max-width) flex-1 mb-4\">\n<div class=\"flex justify-center empty:hidden\"><\/div>\n<div class=\"pointer-events-auto relative z-1 flex h-(--composer-container-height,100%) max-w-full flex-(--composer-container-flex,1) flex-col\"><button class=\"invisible absolute self-center\" name=\"context-connector-pasted-link-popover-trigger\" type=\"button\" aria-hidden=\"true\" aria-haspopup=\"dialog\" aria-expanded=\"false\" aria-controls=\"radix-_R_9qkikol5ab33ih6kcm_\" data-state=\"closed\"><\/button><\/p>\n<div class=\"absolute start-0 end-0 bottom-full z-20\"><\/div>\n<div class=\"hidden\"><\/div>\n<div class=\"\">\n<div class=\"bg-token-bg-primary corner-superellipse\/1.1 cursor-text overflow-clip bg-clip-padding p-2.5 contain-inline-size dark:bg-[#303030] grid grid-cols-[auto_1fr_auto] [grid-template-areas:'header_header_header'_'leading_primary_trailing'_'._footer_.'] group-data-expanded\/composer:[grid-template-areas:'header_header_header'_'primary_primary_primary'_'leading_footer_trailing'] shadow-short\">\n<div class=\"-my-2.5 flex min-h-14 items-center overflow-x-hidden px-1.5 [grid-area:primary] group-data-expanded\/composer:mb-0 group-data-expanded\/composer:px-2.5\">\n<div class=\"wcDTda_prosemirror-parent text-token-text-primary max-h-[max(30svh,5rem)] max-h-52 flex-1 overflow-auto [scrollbar-width:thin] default-browser vertical-scroll-fade-mask\"><textarea class=\"wcDTda_fallbackTextarea\" name=\"prompt-textarea\" data-virtualkeyboard=\"true\"><\/textarea><\/p>\n<div id=\"prompt-textarea\" class=\"ProseMirror\" data-virtualkeyboard=\"true\" data-lt-tmp-id=\"lt-106969\" data-gramm=\"false\"><\/div>\n<\/div>\n<\/div>\n<div class=\"[grid-area:leading]\"><\/div>\n<div class=\"flex items-center gap-2 [grid-area:trailing]\">\n<div class=\"ms-auto flex items-center gap-1.5\"><button class=\"composer-btn\" type=\"button\" aria-label=\"Dictate button\"><\/button><\/p>\n<div>\n<div>\n<div class=\"relative\"><\/div>\n<\/div>\n<\/div>\n<\/div>\n<\/div>\n<\/div>\n<\/div>\n<\/div>\n<\/div>\n<\/div>\n<\/div>\n<\/div>\n","protected":false},"excerpt":{"rendered":"<p>BOCA RAT\u00d3N, Florida. \u2014 Un conductor muri\u00f3 luego de un accidente entre un veh\u00edculo y un tren ocurrido la tarde del lunes en Boca Rat\u00f3n, informaron las autoridades. Socorristas de Boca Raton Fire Rescue respondieron al incidente alrededor de las 5:37 p.m. en la intersecci\u00f3n de 1 SW 18th Street, donde un autom\u00f3vil fue impactado &hellip;<\/p>\n","protected":false},"author":4,"featured_media":12817,"comment_status":"open","ping_status":"open","sticky":false,"template":"","format":"standard","meta":{"om_disable_all_campaigns":false,"_monsterinsights_skip_tracking":false,"_monsterinsights_sitenote_active":false,"_monsterinsights_sitenote_note":"","_monsterinsights_sitenote_category":0,"jetpack_post_was_ever_published":false,"_jetpack_newsletter_access":"","_jetpack_dont_email_post_to_subs":false,"_jetpack_newsletter_tier_id":0,"_jetpack_memberships_contains_paywalled_content":false,"_jetpack_memberships_contains_paid_content":false,"footnotes":""},"categories":[68,46,31,57],"tags":[],"coauthors":[42],"class_list":["post-12816","post","type-post","status-publish","format-standard","has-post-thumbnail","hentry","category-boca-raton","category-condado-palm-beach","category-noticias-locales","category-palm-beach-sur"],"aioseo_notices":[],"image_feature":"https:\/\/atlantikas.com\/palm-beach-costa-del-tesoro\/wp-content\/uploads\/sites\/2\/2025\/12\/6a4b5003186d078b254ab70c0253022734d6799bm-1.jpg","author_name":"Mirta Luaces","jetpack_featured_media_url":"https:\/\/atlantikas.com\/palm-beach-costa-del-tesoro\/wp-content\/uploads\/sites\/2\/2025\/12\/6a4b5003186d078b254ab70c0253022734d6799bm-1.jpg","jetpack_sharing_enabled":true,"jetpack-related-posts":[],"_links":{"self":[{"href":"https:\/\/atlantikas.com\/palm-beach-costa-del-tesoro\/wp-json\/wp\/v2\/posts\/12816","targetHints":{"allow":["GET"]}}],"collection":[{"href":"https:\/\/atlantikas.com\/palm-beach-costa-del-tesoro\/wp-json\/wp\/v2\/posts"}],"about":[{"href":"https:\/\/atlantikas.com\/palm-beach-costa-del-tesoro\/wp-json\/wp\/v2\/types\/post"}],"author":[{"embeddable":true,"href":"https:\/\/atlantikas.com\/palm-beach-costa-del-tesoro\/wp-json\/wp\/v2\/users\/4"}],"replies":[{"embeddable":true,"href":"https:\/\/atlantikas.com\/palm-beach-costa-del-tesoro\/wp-json\/wp\/v2\/comments?post=12816"}],"version-history":[{"count":1,"href":"https:\/\/atlantikas.com\/palm-beach-costa-del-tesoro\/wp-json\/wp\/v2\/posts\/12816\/revisions"}],"predecessor-version":[{"id":12818,"href":"https:\/\/atlantikas.com\/palm-beach-costa-del-tesoro\/wp-json\/wp\/v2\/posts\/12816\/revisions\/12818"}],"wp:featuredmedia":[{"embeddable":true,"href":"https:\/\/atlantikas.com\/palm-beach-costa-del-tesoro\/wp-json\/wp\/v2\/media\/12817"}],"wp:attachment":[{"href":"https:\/\/atlantikas.com\/palm-beach-costa-del-tesoro\/wp-json\/wp\/v2\/media?parent=12816"}],"wp:term":[{"taxonomy":"category","embeddable":true,"href":"https:\/\/atlantikas.com\/palm-beach-costa-del-tesoro\/wp-json\/wp\/v2\/categories?post=12816"},{"taxonomy":"post_tag","embeddable":true,"href":"https:\/\/atlantikas.com\/palm-beach-costa-del-tesoro\/wp-json\/wp\/v2\/tags?post=12816"},{"taxonomy":"author","embeddable":true,"href":"https:\/\/atlantikas.com\/palm-beach-costa-del-tesoro\/wp-json\/wp\/v2\/coauthors?post=12816"}],"curies":[{"name":"wp","href":"https:\/\/api.w.org\/{rel}","templated":true}]}}