{"id":12684,"date":"2025-12-09T11:19:33","date_gmt":"2025-12-09T16:19:33","guid":{"rendered":"https:\/\/atlantikas.com\/palm-beach-costa-del-tesoro\/?p=12684"},"modified":"2025-12-09T11:19:33","modified_gmt":"2025-12-09T16:19:33","slug":"desantis-declara-organizacion-terrorista-extranjera-a-cair-y-a-la-hermandad-musulmana-en-florida","status":"publish","type":"post","link":"https:\/\/atlantikas.com\/palm-beach-costa-del-tesoro\/desantis-declara-organizacion-terrorista-extranjera-a-cair-y-a-la-hermandad-musulmana-en-florida\/","title":{"rendered":"DeSantis declara \u201corganizaci\u00f3n terrorista extranjera\u201d a CAIR y a la Hermandad Musulmana en Florida"},"content":{"rendered":"<div class=\"mdp-speaker-wrapper\">\n            \n            \n            \n            \n            <div class=\"mdp-speaker-box mdp-speaker-box before-content speaker-wavesurfer\">\n                <div class=\"mdp-speaker-player\"  data-title=\"DeSantis declara \u201corganizaci\u00f3n terrorista extranjera\u201d a CAIR y a la Hermandad Musulmana en Florida\" data-author=\"4\" data-thumbnail=\"https:\/\/atlantikas.com\/palm-beach-costa-del-tesoro\/wp-content\/uploads\/sites\/2\/2025\/12\/Gov-DeSantis.jpeg\" data-type=\"speaker-wavesurfer\" data-id=\"12684\" data-src=\"https:\/\/atlantikas.com\/palm-beach-costa-del-tesoro\/wp-content\/uploads\/sites\/2\/speaker\/post-12684.mp3?cb=1765297179.mp3\" data-download=\"1\" data-speeds=\"0.5,0.75,1,1.25,1.5\" data-share=\"\" >\n                    <div class=\"mdp-speaker-wavesurfer-player mdp-speaker-wavesurfer-placeholder\"><\/div>\n                <\/div>\n            <\/div>\n            \n            \n            \n            \n\t\t\t<\/div><p data-start=\"104\" data-end=\"479\"><span style=\"margin: 0px;padding: 0px\"><em>Tallahassee, Florida.<\/em> \u2014 El gobernador de Florida, Ron DeSantis, design\u00f3 este lunes como \u201corganizaciones terroristas extranjeras\u201d al\u00a0 Consejo de Relaciones Americanas-Isl\u00e1micas\u00a0 <strong>(CAIR por sus siglas en ingl\u00e9s)<\/strong>, una de las mayores organizaciones de derechos civiles musulmanas en Estados Unidos, y a la\u00a0<strong>Hermandad Musulmana<\/strong>, mediante una orden ejecutiva publicada en la red social X.<\/span><\/p>\n<p data-start=\"481\" data-end=\"808\">La decisi\u00f3n de DeSantis sigue un paso similar tomado el mes pasado por el gobernador de Texas, Greg Abbott. Sin embargo, <strong data-start=\"602\" data-end=\"743\">ni CAIR ni la Hermandad Musulmana est\u00e1n oficialmente designadas como organizaciones terroristas por el gobierno federal de Estados Unidos<\/strong>, lo que ha generado una inmediata controversia legal y pol\u00edtica.<\/p>\n<p data-start=\"810\" data-end=\"1092\">La orden ejecutiva instruye a todas las agencias estatales de Florida a <strong data-start=\"882\" data-end=\"1023\">impedir que ambas organizaciones \u2014y cualquier persona o entidad que les haya brindado apoyo material\u2014 reciban contratos, empleos o fondos<\/strong> provenientes de agencias del poder ejecutivo o del gabinete estatal.<\/p>\n<p data-start=\"1307\" data-end=\"1744\">CAIR, fundada en 1994, cuenta con <strong data-start=\"1341\" data-end=\"1373\">25 cap\u00edtulos en todo el pa\u00eds<\/strong> y se ha dedicado durante d\u00e9cadas a la defensa de los derechos civiles de la comunidad musulmana en Estados Unidos. El mes pasado, la organizaci\u00f3n ya hab\u00eda solicitado a un juez federal que anulara una proclamaci\u00f3n similar del gobernador de Texas, argumentando que la medida es \u201ccontraria a la Constituci\u00f3n de los Estados Unidos y carece de base legal en la ley de Texas\u201d.<\/p>\n<p data-start=\"1746\" data-end=\"2130\">Por su parte, la <strong data-start=\"1763\" data-end=\"1786\">Hermandad Musulmana<\/strong>, fundada en Egipto hace casi un siglo, tiene presencia en diversos pa\u00edses. Sus l\u00edderes han afirmado que renunciaron a la violencia hace d\u00e9cadas y que buscan establecer gobiernos isl\u00e1micos a trav\u00e9s de elecciones y medios pac\u00edficos. No obstante, cr\u00edticos y varios gobiernos autoritarios en Medio Oriente consideran a la organizaci\u00f3n una amenaza.<\/p>\n<p data-start=\"2132\" data-end=\"2241\">\n","protected":false},"excerpt":{"rendered":"<p>Tallahassee, Florida. \u2014 El gobernador de Florida, Ron DeSantis, design\u00f3 este lunes como \u201corganizaciones terroristas extranjeras\u201d al\u00a0 Consejo de Relaciones Americanas-Isl\u00e1micas\u00a0 (CAIR por sus siglas en ingl\u00e9s), una de las mayores organizaciones de derechos civiles musulmanas en Estados Unidos, y a la\u00a0Hermandad Musulmana, mediante una orden ejecutiva publicada en la red social X. La decisi\u00f3n &hellip;<\/p>\n","protected":false},"author":4,"featured_media":12685,"comment_status":"open","ping_status":"open","sticky":false,"template":"","format":"standard","meta":{"om_disable_all_campaigns":false,"_monsterinsights_skip_tracking":false,"_monsterinsights_sitenote_active":false,"_monsterinsights_sitenote_note":"","_monsterinsights_sitenote_category":0,"jetpack_post_was_ever_published":false,"_jetpack_newsletter_access":"","_jetpack_dont_email_post_to_subs":false,"_jetpack_newsletter_tier_id":0,"_jetpack_memberships_contains_paywalled_content":false,"_jetpack_memberships_contains_paid_content":false,"footnotes":""},"categories":[236],"tags":[497],"coauthors":[42],"class_list":["post-12684","post","type-post","status-publish","format-standard","has-post-thumbnail","hentry","category-florida","tag-ordenes-ejecutivas"],"aioseo_notices":[],"image_feature":"https:\/\/atlantikas.com\/palm-beach-costa-del-tesoro\/wp-content\/uploads\/sites\/2\/2025\/12\/Gov-DeSantis.jpeg","author_name":"Mirta Luaces","jetpack_featured_media_url":"https:\/\/atlantikas.com\/palm-beach-costa-del-tesoro\/wp-content\/uploads\/sites\/2\/2025\/12\/Gov-DeSantis.jpeg","jetpack_sharing_enabled":true,"jetpack-related-posts":[],"_links":{"self":[{"href":"https:\/\/atlantikas.com\/palm-beach-costa-del-tesoro\/wp-json\/wp\/v2\/posts\/12684","targetHints":{"allow":["GET"]}}],"collection":[{"href":"https:\/\/atlantikas.com\/palm-beach-costa-del-tesoro\/wp-json\/wp\/v2\/posts"}],"about":[{"href":"https:\/\/atlantikas.com\/palm-beach-costa-del-tesoro\/wp-json\/wp\/v2\/types\/post"}],"author":[{"embeddable":true,"href":"https:\/\/atlantikas.com\/palm-beach-costa-del-tesoro\/wp-json\/wp\/v2\/users\/4"}],"replies":[{"embeddable":true,"href":"https:\/\/atlantikas.com\/palm-beach-costa-del-tesoro\/wp-json\/wp\/v2\/comments?post=12684"}],"version-history":[{"count":1,"href":"https:\/\/atlantikas.com\/palm-beach-costa-del-tesoro\/wp-json\/wp\/v2\/posts\/12684\/revisions"}],"predecessor-version":[{"id":12686,"href":"https:\/\/atlantikas.com\/palm-beach-costa-del-tesoro\/wp-json\/wp\/v2\/posts\/12684\/revisions\/12686"}],"wp:featuredmedia":[{"embeddable":true,"href":"https:\/\/atlantikas.com\/palm-beach-costa-del-tesoro\/wp-json\/wp\/v2\/media\/12685"}],"wp:attachment":[{"href":"https:\/\/atlantikas.com\/palm-beach-costa-del-tesoro\/wp-json\/wp\/v2\/media?parent=12684"}],"wp:term":[{"taxonomy":"category","embeddable":true,"href":"https:\/\/atlantikas.com\/palm-beach-costa-del-tesoro\/wp-json\/wp\/v2\/categories?post=12684"},{"taxonomy":"post_tag","embeddable":true,"href":"https:\/\/atlantikas.com\/palm-beach-costa-del-tesoro\/wp-json\/wp\/v2\/tags?post=12684"},{"taxonomy":"author","embeddable":true,"href":"https:\/\/atlantikas.com\/palm-beach-costa-del-tesoro\/wp-json\/wp\/v2\/coauthors?post=12684"}],"curies":[{"name":"wp","href":"https:\/\/api.w.org\/{rel}","templated":true}]}}