{"id":11966,"date":"2025-10-28T09:40:17","date_gmt":"2025-10-28T13:40:17","guid":{"rendered":"https:\/\/atlantikas.com\/palm-beach-costa-del-tesoro\/?p=11966"},"modified":"2025-10-28T09:40:17","modified_gmt":"2025-10-28T13:40:17","slug":"despiden-al-administrador-de-stuart-tras-5-horas-de-debate-y-pese-al-apoyo-del-publico","status":"publish","type":"post","link":"https:\/\/atlantikas.com\/palm-beach-costa-del-tesoro\/despiden-al-administrador-de-stuart-tras-5-horas-de-debate-y-pese-al-apoyo-del-publico\/","title":{"rendered":"Despiden al administrador de Stuart tras 5 horas de debate y pese al apoyo del p\u00fablico"},"content":{"rendered":"<div class=\"mdp-speaker-wrapper\">\n            \n            \n            \n            \n            <div class=\"mdp-speaker-box mdp-speaker-box before-content speaker-wavesurfer\">\n                <div class=\"mdp-speaker-player\"  data-title=\"Despiden al administrador de Stuart tras 5 horas de debate y pese al apoyo del p\u00fablico\" data-author=\"4\" data-thumbnail=\"https:\/\/atlantikas.com\/palm-beach-costa-del-tesoro\/wp-content\/uploads\/sites\/2\/2025\/10\/city-of-stuart.jpeg\" data-type=\"speaker-wavesurfer\" data-id=\"11966\" data-src=\"https:\/\/atlantikas.com\/palm-beach-costa-del-tesoro\/wp-content\/uploads\/sites\/2\/speaker\/post-11966.mp3?cb=1761658822.mp3\" data-download=\"1\" data-speeds=\"0.5,0.75,1,1.25,1.5\" data-share=\"\" >\n                    <div class=\"mdp-speaker-wavesurfer-player mdp-speaker-wavesurfer-placeholder\"><\/div>\n                <\/div>\n            <\/div>\n            \n            \n            \n            \n\t\t\t<\/div><p data-start=\"0\" data-end=\"317\"><strong data-start=\"0\" data-end=\"18\">STUART, Fla. \u2014<\/strong>Tras una marat\u00f3nica reuni\u00f3n de cinco horas, la ciudad de Stuart despidi\u00f3 al administrador municipal, <strong data-start=\"121\" data-end=\"137\">Mike Mortell<\/strong>, en una votaci\u00f3n que dividi\u00f3 al ayuntamiento y gener\u00f3 fuertes reacciones entre los residentes que llenaron la sala y los pasillos del edificio municipal para mostrarle su apoyo.<\/p>\n<p data-start=\"319\" data-end=\"680\">El despido se produjo pese a que numerosos vecinos defendieron la labor de Mortell y lo ovacionaron de pie al finalizar su intervenci\u00f3n.<\/p>\n<p data-start=\"682\" data-end=\"1051\">La controversia comenz\u00f3 dos semanas atr\u00e1s, cuando el comisionado <strong data-start=\"747\" data-end=\"760\">Sean Reed<\/strong> pidi\u00f3 la renuncia de Mortell sin dar explicaciones, lo que el administrador describi\u00f3 como un \u201cataque sorpresa\u201d. En la sesi\u00f3n del lunes, Reed ofreci\u00f3 algunos detalles, se\u00f1alando presuntas irregularidades relacionadas con un <strong data-start=\"985\" data-end=\"1021\">proyecto de divisi\u00f3n de terrenos<\/strong> y una <strong data-start=\"1028\" data-end=\"1048\">multa de tr\u00e1fico<\/strong>.<\/p>\n<p data-start=\"1053\" data-end=\"1350\">Mortell rechaz\u00f3 esas acusaciones y asegur\u00f3 que solo cumpli\u00f3 las instrucciones del concejo. Aun as\u00ed, Reed consigui\u00f3 el respaldo de los comisionados <strong data-start=\"1200\" data-end=\"1216\">Laura Giobbi<\/strong> y <strong data-start=\"1219\" data-end=\"1242\">Christopher Collins<\/strong> para aprobar el despido. El alcalde <strong data-start=\"1279\" data-end=\"1296\">Campbell Rich<\/strong> y la comisionada <strong data-start=\"1314\" data-end=\"1329\">Eula Clarke<\/strong> votaron en contra.<\/p>\n<p data-start=\"1352\" data-end=\"1666\">Mortell fue despedido <strong data-start=\"1374\" data-end=\"1387\">sin causa<\/strong>, lo que significa que los comisionados no est\u00e1n obligados a justificar la decisi\u00f3n. Bajo los t\u00e9rminos de su contrato, recibir\u00e1 <strong data-start=\"1515\" data-end=\"1546\">20 semanas de indemnizaci\u00f3n<\/strong>, una cifra que, sumada al proceso de contrataci\u00f3n de un nuevo administrador, <strong data-start=\"1624\" data-end=\"1663\">costar\u00e1 a la ciudad m\u00e1s de $100,000<\/strong>.<\/p>\n<p data-start=\"1668\" data-end=\"1894\">El despido deja a Stuart en busca de nuevo liderazgo mientras la comunidad se divide entre quienes apoyan la decisi\u00f3n del concejo y quienes la consideran un golpe injustificado a un funcionario con amplio respaldo ciudadano.<\/p>\n","protected":false},"excerpt":{"rendered":"<p>STUART, Fla. \u2014Tras una marat\u00f3nica reuni\u00f3n de cinco horas, la ciudad de Stuart despidi\u00f3 al administrador municipal, Mike Mortell, en una votaci\u00f3n que dividi\u00f3 al ayuntamiento y gener\u00f3 fuertes reacciones entre los residentes que llenaron la sala y los pasillos del edificio municipal para mostrarle su apoyo. El despido se produjo pese a que numerosos &hellip;<\/p>\n","protected":false},"author":4,"featured_media":11967,"comment_status":"open","ping_status":"open","sticky":false,"template":"","format":"standard","meta":{"om_disable_all_campaigns":false,"_monsterinsights_skip_tracking":false,"_monsterinsights_sitenote_active":false,"_monsterinsights_sitenote_note":"","_monsterinsights_sitenote_category":0,"jetpack_post_was_ever_published":false,"_jetpack_newsletter_access":"","_jetpack_dont_email_post_to_subs":false,"_jetpack_newsletter_tier_id":0,"_jetpack_memberships_contains_paywalled_content":false,"_jetpack_memberships_contains_paid_content":false,"footnotes":""},"categories":[78,47,31,349],"tags":[],"coauthors":[42],"class_list":["post-11966","post","type-post","status-publish","format-standard","has-post-thumbnail","hentry","category-condado-martin-costa-del-tesoro","category-costa-del-tesoro","category-noticias-locales","category-stuart"],"aioseo_notices":[],"image_feature":"https:\/\/atlantikas.com\/palm-beach-costa-del-tesoro\/wp-content\/uploads\/sites\/2\/2025\/10\/city-of-stuart.jpeg","author_name":"Mirta Luaces","jetpack_featured_media_url":"https:\/\/atlantikas.com\/palm-beach-costa-del-tesoro\/wp-content\/uploads\/sites\/2\/2025\/10\/city-of-stuart.jpeg","jetpack_sharing_enabled":true,"jetpack-related-posts":[],"_links":{"self":[{"href":"https:\/\/atlantikas.com\/palm-beach-costa-del-tesoro\/wp-json\/wp\/v2\/posts\/11966","targetHints":{"allow":["GET"]}}],"collection":[{"href":"https:\/\/atlantikas.com\/palm-beach-costa-del-tesoro\/wp-json\/wp\/v2\/posts"}],"about":[{"href":"https:\/\/atlantikas.com\/palm-beach-costa-del-tesoro\/wp-json\/wp\/v2\/types\/post"}],"author":[{"embeddable":true,"href":"https:\/\/atlantikas.com\/palm-beach-costa-del-tesoro\/wp-json\/wp\/v2\/users\/4"}],"replies":[{"embeddable":true,"href":"https:\/\/atlantikas.com\/palm-beach-costa-del-tesoro\/wp-json\/wp\/v2\/comments?post=11966"}],"version-history":[{"count":1,"href":"https:\/\/atlantikas.com\/palm-beach-costa-del-tesoro\/wp-json\/wp\/v2\/posts\/11966\/revisions"}],"predecessor-version":[{"id":11968,"href":"https:\/\/atlantikas.com\/palm-beach-costa-del-tesoro\/wp-json\/wp\/v2\/posts\/11966\/revisions\/11968"}],"wp:featuredmedia":[{"embeddable":true,"href":"https:\/\/atlantikas.com\/palm-beach-costa-del-tesoro\/wp-json\/wp\/v2\/media\/11967"}],"wp:attachment":[{"href":"https:\/\/atlantikas.com\/palm-beach-costa-del-tesoro\/wp-json\/wp\/v2\/media?parent=11966"}],"wp:term":[{"taxonomy":"category","embeddable":true,"href":"https:\/\/atlantikas.com\/palm-beach-costa-del-tesoro\/wp-json\/wp\/v2\/categories?post=11966"},{"taxonomy":"post_tag","embeddable":true,"href":"https:\/\/atlantikas.com\/palm-beach-costa-del-tesoro\/wp-json\/wp\/v2\/tags?post=11966"},{"taxonomy":"author","embeddable":true,"href":"https:\/\/atlantikas.com\/palm-beach-costa-del-tesoro\/wp-json\/wp\/v2\/coauthors?post=11966"}],"curies":[{"name":"wp","href":"https:\/\/api.w.org\/{rel}","templated":true}]}}