{"id":10681,"date":"2025-08-22T20:52:16","date_gmt":"2025-08-23T00:52:16","guid":{"rendered":"https:\/\/atlantikas.com\/palm-beach-costa-del-tesoro\/?p=10681"},"modified":"2025-08-22T21:01:19","modified_gmt":"2025-08-23T01:01:19","slug":"dos-hombres-son-acusados-formalmente-de-agresion-sexual-a-una-nina-de-7-anos-en-west-palm-beachdos-hombres-acusados-formalmente-de-agresion-sexual-a-una-nina-de-7-anos-en-west-palm-beach","status":"publish","type":"post","link":"https:\/\/atlantikas.com\/palm-beach-costa-del-tesoro\/dos-hombres-son-acusados-formalmente-de-agresion-sexual-a-una-nina-de-7-anos-en-west-palm-beachdos-hombres-acusados-formalmente-de-agresion-sexual-a-una-nina-de-7-anos-en-west-palm-beach\/","title":{"rendered":"Dos hombres son acusados formalmente de agresi\u00f3n sexual a una ni\u00f1a de 7 a\u00f1os en West Palm Beach"},"content":{"rendered":"<div class=\"mdp-speaker-wrapper\">\n            \n            \n            \n            \n            <div class=\"mdp-speaker-box mdp-speaker-box before-content speaker-wavesurfer\">\n                <div class=\"mdp-speaker-player\"  data-title=\"Dos hombres son acusados formalmente de agresi\u00f3n sexual a una ni\u00f1a de 7 a\u00f1os en West Palm Beach\" data-author=\"4\" data-thumbnail=\"https:\/\/atlantikas.com\/palm-beach-costa-del-tesoro\/wp-content\/uploads\/sites\/2\/2025\/08\/Template-800-Atlantikas-Website-49.jpg\" data-type=\"speaker-wavesurfer\" data-id=\"10681\" data-src=\"https:\/\/atlantikas.com\/palm-beach-costa-del-tesoro\/wp-content\/uploads\/sites\/2\/speaker\/post-10681.mp3?cb=1755910884.mp3\" data-download=\"1\" data-speeds=\"0.5,0.75,1,1.25,1.5\" data-share=\"\" >\n                    <div class=\"mdp-speaker-wavesurfer-player mdp-speaker-wavesurfer-placeholder\"><\/div>\n                <\/div>\n            <\/div>\n            \n            \n            \n            \n\t\t\t<\/div><p>WEST PALM BEACH, FLA. &#8211; La fiscal del condado de Palm Beach, Alexcia Cox, anunci\u00f3 hoy que un gran jurado del condado de Palm Beach ha acusado a Josu\u00e9 D. M\u00e9ndez-Sales, de 27 a\u00f1os, y a Pablo N. Cobon-M\u00e9ndez, de 23, de m\u00faltiples cargos de agresi\u00f3n sexual a un menor de 12 a\u00f1os.<\/p>\n<p>La acusaci\u00f3n se produce tras una investigaci\u00f3n del Departamento de Polic\u00eda de West Palm Beach, que comenz\u00f3 despu\u00e9s de que la v\u00edctima, de 7 a\u00f1os, revelara el abuso a adultos de confianza. Ambos acusados fueron detenidos el 14 de agosto de 2025 y permanecen recluidos sin fianza en la c\u00e1rcel del condado de Palm Beach.<\/p>\n<p>M\u00e9ndez-Sales ha sido acusado de dos delitos de agresi\u00f3n sexual a una persona menor de 12 a\u00f1os.<br \/>\nCob\u00f3n-M\u00e9ndez tambi\u00e9n ha sido acusado de dos delitos de agresi\u00f3n sexual a una persona menor de 12 a\u00f1os.<br \/>\nDeclaraci\u00f3n del fiscal del estado Cox: \u00abMi oficina solicit\u00f3 una acusaci\u00f3n inmediata por parte del gran jurado contra dos personas que cometieron un delito atroz contra un ni\u00f1o. Estas acusaciones representan las violaciones m\u00e1s graves y perturbadoras de la seguridad y la confianza de un ni\u00f1o. Sus acciones merecen el m\u00e1ximo castigo que permite la ley. Nuestros ni\u00f1os son preciosos y aquellos que se aprovechan de ellos se enfrentar\u00e1n a todo el peso de la ley.<\/p>\n<p>Agradecemos a nuestros socios de las fuerzas del orden por sus esfuerzos en la investigaci\u00f3n de este caso y la detenci\u00f3n de estas personas. Ahora, mi oficina actuar\u00e1 con rapidez para solicitar el castigo m\u00e1s severo permitido por la ley de Florida. Quiero dejar claro que los delitos atroces y crueles, como la agresi\u00f3n sexual a nuestros ni\u00f1os, nunca ser\u00e1n tolerados en nuestra comunidad\u00bb.<\/p>\n<p>Estos casos ser\u00e1n procesados por la Unidad de V\u00edctimas Especiales de la Fiscal\u00eda del Estado.<\/p>\n","protected":false},"excerpt":{"rendered":"<p>WEST PALM BEACH, FLA. &#8211; La fiscal del condado de Palm Beach, Alexcia Cox, anunci\u00f3 hoy que un gran jurado del condado de Palm Beach ha acusado a Josu\u00e9 D. M\u00e9ndez-Sales, de 27 a\u00f1os, y a Pablo N. Cobon-M\u00e9ndez, de 23, de m\u00faltiples cargos de agresi\u00f3n sexual a un menor de 12 a\u00f1os. La acusaci\u00f3n &hellip;<\/p>\n","protected":false},"author":4,"featured_media":10682,"comment_status":"open","ping_status":"open","sticky":false,"template":"","format":"standard","meta":{"om_disable_all_campaigns":false,"_monsterinsights_skip_tracking":false,"_monsterinsights_sitenote_active":false,"_monsterinsights_sitenote_note":"","_monsterinsights_sitenote_category":0,"jetpack_post_was_ever_published":false,"_jetpack_newsletter_access":"","_jetpack_dont_email_post_to_subs":false,"_jetpack_newsletter_tier_id":0,"_jetpack_memberships_contains_paywalled_content":false,"_jetpack_memberships_contains_paid_content":false,"footnotes":""},"categories":[46,31,58,66],"tags":[],"coauthors":[42],"class_list":["post-10681","post","type-post","status-publish","format-standard","has-post-thumbnail","hentry","category-condado-palm-beach","category-noticias-locales","category-palm-beach-central","category-west-palm-beach"],"aioseo_notices":[],"image_feature":"https:\/\/atlantikas.com\/palm-beach-costa-del-tesoro\/wp-content\/uploads\/sites\/2\/2025\/08\/Template-800-Atlantikas-Website-49.jpg","author_name":"Mirta Luaces","jetpack_featured_media_url":"https:\/\/atlantikas.com\/palm-beach-costa-del-tesoro\/wp-content\/uploads\/sites\/2\/2025\/08\/Template-800-Atlantikas-Website-49.jpg","jetpack_sharing_enabled":true,"jetpack-related-posts":[],"_links":{"self":[{"href":"https:\/\/atlantikas.com\/palm-beach-costa-del-tesoro\/wp-json\/wp\/v2\/posts\/10681","targetHints":{"allow":["GET"]}}],"collection":[{"href":"https:\/\/atlantikas.com\/palm-beach-costa-del-tesoro\/wp-json\/wp\/v2\/posts"}],"about":[{"href":"https:\/\/atlantikas.com\/palm-beach-costa-del-tesoro\/wp-json\/wp\/v2\/types\/post"}],"author":[{"embeddable":true,"href":"https:\/\/atlantikas.com\/palm-beach-costa-del-tesoro\/wp-json\/wp\/v2\/users\/4"}],"replies":[{"embeddable":true,"href":"https:\/\/atlantikas.com\/palm-beach-costa-del-tesoro\/wp-json\/wp\/v2\/comments?post=10681"}],"version-history":[{"count":2,"href":"https:\/\/atlantikas.com\/palm-beach-costa-del-tesoro\/wp-json\/wp\/v2\/posts\/10681\/revisions"}],"predecessor-version":[{"id":10685,"href":"https:\/\/atlantikas.com\/palm-beach-costa-del-tesoro\/wp-json\/wp\/v2\/posts\/10681\/revisions\/10685"}],"wp:featuredmedia":[{"embeddable":true,"href":"https:\/\/atlantikas.com\/palm-beach-costa-del-tesoro\/wp-json\/wp\/v2\/media\/10682"}],"wp:attachment":[{"href":"https:\/\/atlantikas.com\/palm-beach-costa-del-tesoro\/wp-json\/wp\/v2\/media?parent=10681"}],"wp:term":[{"taxonomy":"category","embeddable":true,"href":"https:\/\/atlantikas.com\/palm-beach-costa-del-tesoro\/wp-json\/wp\/v2\/categories?post=10681"},{"taxonomy":"post_tag","embeddable":true,"href":"https:\/\/atlantikas.com\/palm-beach-costa-del-tesoro\/wp-json\/wp\/v2\/tags?post=10681"},{"taxonomy":"author","embeddable":true,"href":"https:\/\/atlantikas.com\/palm-beach-costa-del-tesoro\/wp-json\/wp\/v2\/coauthors?post=10681"}],"curies":[{"name":"wp","href":"https:\/\/api.w.org\/{rel}","templated":true}]}}